{"id":3442,"date":"2026-06-21T10:08:02","date_gmt":"2026-06-21T10:08:02","guid":{"rendered":"https:\/\/turkiyemhaber.com\/?p=3442"},"modified":"2026-06-21T10:08:06","modified_gmt":"2026-06-21T10:08:06","slug":"chanelin-ciplak-ayak-gorunumlu-sandaletinin-fiyati-dudak-ucuklatti-bu-hangi-arzin-talebi","status":"publish","type":"post","link":"https:\/\/turkiyemhaber.com\/?p=3442","title":{"rendered":"Chanel&#8217;in \u00e7\u0131plak ayak g\u00f6r\u00fcn\u00fcml\u00fc sandaletinin fiyat\u0131 dudak u\u00e7uklatt\u0131: Bu hangi arz\u0131n talebi?"},"content":{"rendered":"\n<p class=\"wp-block-paragraph\">Chanel\u2019in yeni koleksiyonunda yer alan \u00e7\u0131plak ayak g\u00f6r\u00fcn\u00fcml\u00fc ba\u011fc\u0131kl\u0131 sandalet ak\u0131llara durgunluk verdi. Sadece topuktan olu\u015fan ve T\u00fcrkiye sat\u0131\u015f fiyat\u0131 90 bin TL olan tasar\u0131m dile d\u00fc\u015ft\u00fc. Kullan\u0131c\u0131lar, &#8220;Hangi arz\u0131n talebi bu sa\u00e7mal\u0131k&#8221;, &#8220;\u0130yi ho\u015f da devam\u0131 nerede?&#8221;, &#8220;Buna ayakkab\u0131 demeye bin \u015fahit ister&#8221; gibi yorumlarda bulundu.<\/p>\n\n\n\n<p class=\"wp-block-paragraph\"><a href=\"https:\/\/www.sondakika.com\/moda\/\">Moda<\/a>&nbsp;d\u00fcnyas\u0131n\u0131n en k\u00f6kl\u00fc markalar\u0131ndan&nbsp;<a href=\"https:\/\/www.sondakika.com\/chanel\/\">Chanel<\/a>, yeni koleksiyonunda yer verdi\u011fi \u00e7\u0131plak ayak g\u00f6r\u00fcn\u00fcml\u00fc sandalet g\u00f6renleri \u015fa\u015fk\u0131na \u00e7evirdi. L\u00fcks segmentte y\u0131llard\u0131r trend belirleyen marka, bu kez iddial\u0131 tasar\u0131m\u0131ndan \u00e7ok \u201cneredeyse yok\u201d denilecek kadar bir tasar\u0131mla konu\u015fuldu.<\/p>\n\n\n\n<h3 class=\"wp-block-heading\">T\u00dcRK\u0130YE F\u0130YATI 90 B\u0130N TL<\/h3>\n\n\n\n<p class=\"wp-block-paragraph\">T\u00fcrkiye sat\u0131\u015f fiyat\u0131n\u0131n 90 bin lira oldu\u011fu belirtilen ba\u011fc\u0131kl\u0131 sandalet, k\u0131sa s\u00fcrede sosyal medya kullan\u0131c\u0131lar\u0131n\u0131n diline d\u00fc\u015ft\u00fc. Tasar\u0131m, bir kesim taraf\u0131ndan \u201ccesur ve minimalist\u201d bulunurken, \u00e7ok say\u0131da kullan\u0131c\u0131 ise ayakkab\u0131n\u0131n fiyat\u0131 ile g\u00f6r\u00fcn\u00fcm\u00fc aras\u0131ndaki u\u00e7uruma dikkat \u00e7ekti.<\/p>\n\n\n\n<figure class=\"wp-block-image\"><img decoding=\"async\" src=\"https:\/\/foto.sondakika.com\/haber\/2026\/04\/30\/chanelin-ciplak-ayak-gorunumlu-936e647149-6006_1_m.jpg\" alt=\"Chanel'in \u00e7\u0131plak ayak g\u00f6r\u00fcn\u00fcml\u00fc sandaletinin fiyat\u0131 dudak u\u00e7uklatt\u0131: Bu hangi arz\u0131n talebi?\"\/><\/figure>\n\n\n\n<h3 class=\"wp-block-heading\">\u00dcNL\u00dc \u0130S\u0130MLER\u0130 G\u00d6LGEDE BIRAKAN TASARIM<\/h3>\n\n\n\n<p class=\"wp-block-paragraph\">Chanel, 2026\/2027 \u0130lkbahar\/Yaz koleksiyonunu, Nicole Kidman\u2019\u0131n da aralar\u0131nda yer ald\u0131\u011f\u0131 \u00e7ok say\u0131da \u00fcnl\u00fc ismin kat\u0131ld\u0131\u011f\u0131 \u00f6zel bir etkinlikle tan\u0131tt\u0131. Ancak podyumun \u00f6n s\u0131ras\u0131nda oturan y\u0131ld\u0131z isimler, defilenin ard\u0131ndan sosyal medyada beklenen ilgiyi g\u00f6rmedi.<\/p>\n\n\n\n<p class=\"wp-block-paragraph\">Koleksiyonun en \u00e7ok konu\u015fulan par\u00e7as\u0131, mankenlerin podyumda giydi\u011fi \u00e7\u0131plak ayak g\u00f6r\u00fcn\u00fcm\u00fc veren sandalet oldu. Frans\u0131z defilelerinde bir\u00e7ok modelin aya\u011f\u0131nda g\u00f6r\u00fclen bu tasar\u0131m, k\u0131sa s\u00fcrede koleksiyonun \u00f6n\u00fcne ge\u00e7ti.<\/p>\n\n\n\n<figure class=\"wp-block-image\"><img decoding=\"async\" src=\"https:\/\/foto.sondakika.com\/haber\/2026\/04\/30\/chanelin-ciplak-ayak-gorunumlu-936e647149-4851_2_m.jpg\" alt=\"Chanel'in \u00e7\u0131plak ayak g\u00f6r\u00fcn\u00fcml\u00fc sandaletinin fiyat\u0131 dudak u\u00e7uklatt\u0131: Bu hangi arz\u0131n talebi?\"\/><\/figure>\n\n\n\n<h3 class=\"wp-block-heading\">&#8220;\u00c7IPLAK AYAK AYAKKABISI&#8221;<\/h3>\n\n\n\n<p class=\"wp-block-paragraph\">Sandaletin tasar\u0131m\u0131nda topuk k\u0131sm\u0131ndaki ince platform ve ayak bile\u011fini saran kay\u0131\u015flar d\u0131\u015f\u0131nda dikkat \u00e7eken belirgin bir detay bulunmuyor. Ayak parmaklar\u0131, taban ve topuk b\u00fcy\u00fck \u00f6l\u00e7\u00fcde a\u00e7\u0131kta kal\u0131rken, tasar\u0131m\u0131n neredeyse \u201cayakkab\u0131s\u0131z ayakkab\u0131\u201d g\u00f6r\u00fcnt\u00fcs\u00fc vermesi ele\u015ftirileri beraberinde getirdi.<\/p>\n\n\n\n<p class=\"wp-block-paragraph\">Moda d\u00fcnyas\u0131nda sadelik \u00e7o\u011fu zaman g\u00fc\u00e7l\u00fc bir anlat\u0131m bi\u00e7imi olarak kabul edilse de Chanel\u2019in bu tasar\u0131m\u0131, sosyal medyada daha \u00e7ok \u201cl\u00fcks\u00fcn s\u0131n\u0131rlar\u0131\u201d \u00fczerinden tart\u0131\u015f\u0131ld\u0131. Kullan\u0131c\u0131lar, ayakkab\u0131n\u0131n minimal \u00e7izgisinden \u00e7ok, 90 bin liral\u0131k fiyat etiketiyle g\u00fcndeme gelmesine tepki g\u00f6sterdi.<\/p>\n\n\n\n<figure class=\"wp-block-image\"><img decoding=\"async\" src=\"https:\/\/foto.sondakika.com\/haber\/2026\/04\/30\/chanelin-ciplak-ayak-gorunumlu-936e647149-5258_3_m.jpg\" alt=\"Chanel'in \u00e7\u0131plak ayak g\u00f6r\u00fcn\u00fcml\u00fc sandaletinin fiyat\u0131 dudak u\u00e7uklatt\u0131: Bu hangi arz\u0131n talebi?\"\/><\/figure>\n\n\n\n<h3 class=\"wp-block-heading\">MATTHIEU BLAZY \u0130MZASI TA\u015eIYOR<\/h3>\n\n\n\n<p class=\"wp-block-paragraph\">S\u0131ra d\u0131\u015f\u0131 sandaletin tasar\u0131m\u0131nda Matthieu Blazy imzas\u0131 bulunuyor. Blazy\u2019nin sade ama dikkat \u00e7ekici \u00e7izgisi, Chanel podyumunda bu kez olduk\u00e7a tart\u0131\u015fmal\u0131 bir yorumla kar\u015f\u0131l\u0131k buldu.<\/p>\n\n\n\n<h3 class=\"wp-block-heading\">&#8220;BU HANG\u0130 ARZIN TALEB\u0130&#8221;<\/h3>\n\n\n\n<p class=\"wp-block-paragraph\">Bu s\u0131ra d\u0131\u015f\u0131 tasar\u0131m sosyal medyada dile d\u00fc\u015ft\u00fc. Kullan\u0131c\u0131lar ayakkab\u0131ya ili\u015fkin \u015fu yorumlar\u0131 yapt\u0131.&nbsp;<\/p>\n\n\n\n<ul class=\"wp-block-list\">\n<li>Buna ayakkab\u0131 demeye bin \u015fahit ister.<\/li>\n\n\n\n<li>\u0130yi ho\u015f da devam\u0131 nerede?<\/li>\n\n\n\n<li>Hangi arz\u0131n talebi bu sa\u00e7mal\u0131k.<\/li>\n\n\n\n<li>\u0130nsanlar m\u0131 bu kadar aptal yoksa markalar m\u0131 kurnaz?<\/li>\n\n\n\n<li>Topuk k\u0131sm\u0131 zahmet olmu\u015f.<\/li>\n\n\n\n<li>Bunu sahilde nas\u0131l giyece\u011fiz ayaklar\u0131m\u0131z yanar.<\/li>\n\n\n\n<li>Rezalet. Bunu nerede giyece\u011fiz?<\/li>\n<\/ul>\n\n\n\n<p class=\"wp-block-paragraph\"><a href=\"https:\/\/www.sondakika.com\/magazin\/\"><strong>Magazin<\/strong><\/a>,&nbsp;<a href=\"https:\/\/www.sondakika.com\/chanel\/\"><strong>Chanel<\/strong><\/a>,&nbsp;<a href=\"https:\/\/www.sondakika.com\/guncel\/\"><strong>G\u00fcncel<\/strong><\/a>,&nbsp;<a href=\"https:\/\/www.sondakika.com\/moda\/\"><strong>Moda<\/strong><\/a><\/p>\n","protected":false},"excerpt":{"rendered":"<p>Chanel\u2019in yeni koleksiyonunda yer alan \u00e7\u0131plak ayak g\u00f6r\u00fcn\u00fcml\u00fc ba\u011fc\u0131kl\u0131 sandalet ak\u0131llara durgunluk verdi. Sadece topuktan<\/p>\n","protected":false},"author":1,"featured_media":3443,"comment_status":"open","ping_status":"open","sticky":false,"template":"","format":"standard","meta":{"_rtcl_gb_attr":"","footnotes":""},"categories":[73],"tags":[],"class_list":["post-3442","post","type-post","status-publish","format-standard","has-post-thumbnail","hentry","category-moda"],"_links":{"self":[{"href":"https:\/\/turkiyemhaber.com\/index.php?rest_route=\/wp\/v2\/posts\/3442","targetHints":{"allow":["GET"]}}],"collection":[{"href":"https:\/\/turkiyemhaber.com\/index.php?rest_route=\/wp\/v2\/posts"}],"about":[{"href":"https:\/\/turkiyemhaber.com\/index.php?rest_route=\/wp\/v2\/types\/post"}],"author":[{"embeddable":true,"href":"https:\/\/turkiyemhaber.com\/index.php?rest_route=\/wp\/v2\/users\/1"}],"replies":[{"embeddable":true,"href":"https:\/\/turkiyemhaber.com\/index.php?rest_route=%2Fwp%2Fv2%2Fcomments&post=3442"}],"version-history":[{"count":1,"href":"https:\/\/turkiyemhaber.com\/index.php?rest_route=\/wp\/v2\/posts\/3442\/revisions"}],"predecessor-version":[{"id":3444,"href":"https:\/\/turkiyemhaber.com\/index.php?rest_route=\/wp\/v2\/posts\/3442\/revisions\/3444"}],"wp:featuredmedia":[{"embeddable":true,"href":"https:\/\/turkiyemhaber.com\/index.php?rest_route=\/wp\/v2\/media\/3443"}],"wp:attachment":[{"href":"https:\/\/turkiyemhaber.com\/index.php?rest_route=%2Fwp%2Fv2%2Fmedia&parent=3442"}],"wp:term":[{"taxonomy":"category","embeddable":true,"href":"https:\/\/turkiyemhaber.com\/index.php?rest_route=%2Fwp%2Fv2%2Fcategories&post=3442"},{"taxonomy":"post_tag","embeddable":true,"href":"https:\/\/turkiyemhaber.com\/index.php?rest_route=%2Fwp%2Fv2%2Ftags&post=3442"}],"curies":[{"name":"wp","href":"https:\/\/api.w.org\/{rel}","templated":true}]}}