{"id":3436,"date":"2026-06-21T09:59:04","date_gmt":"2026-06-21T09:59:04","guid":{"rendered":"https:\/\/turkiyemhaber.com\/?p=3436"},"modified":"2026-06-21T09:59:07","modified_gmt":"2026-06-21T09:59:07","slug":"bayindirda-moda-tasarimi-defilesi-damga-vurdu","status":"publish","type":"post","link":"https:\/\/turkiyemhaber.com\/?p=3436","title":{"rendered":"Bay\u0131nd\u0131r&#8217;da moda tasar\u0131m\u0131 defilesi damga vurdu"},"content":{"rendered":"\n<p class=\"wp-block-paragraph\">Ege \u00dcniversitesi Bay\u0131nd\u0131r Meslek Y\u00fcksekokulu&#8217;nun 2025-2026 mezuniyet t\u00f6reninde moda tasar\u0131m\u0131 \u00f6\u011frencilerinin haz\u0131rlad\u0131\u011f\u0131 defile yo\u011fun ilgi toplad\u0131. T\u00f6rene Kaymakam, Belediye Ba\u015fkan\u0131 ve protokol \u00fcyeleri kat\u0131ld\u0131.<\/p>\n\n\n\n<p class=\"wp-block-paragraph\"><a href=\"https:\/\/www.sondakika.com\/ege-universitesi\/\">Ege \u00dcniversitesi<\/a>&nbsp;Bay\u0131nd\u0131r Meslek Y\u00fcksekokulu&#8217;nun 2025-2026 e\u011fitim \u00f6\u011fretim y\u0131l\u0131 mezuniyet t\u00f6reni yo\u011fun kat\u0131l\u0131mla ger\u00e7ekle\u015ftirildi. T\u00f6rene damga vuran etkinlik ise moda tasar\u0131m\u0131 program\u0131 \u00f6\u011frencilerinin haz\u0131rlad\u0131\u011f\u0131 mezuniyet defilesi oldu.<\/p>\n\n\n\n<p class=\"wp-block-paragraph\">Ege \u00dcniversitesi Bay\u0131nd\u0131r Meslek Y\u00fcksekokulu&#8217;nun 2025-2026 e\u011fitim \u00f6\u011fretim y\u0131l\u0131 mezuniyet t\u00f6reninde moda tasar\u0131m\u0131 program\u0131 \u00f6\u011frencilerinin haz\u0131rlad\u0131\u011f\u0131 mezuniyet defilesi yo\u011fun ilgi g\u00f6rd\u00fc. \u00d6\u011frenciler, d\u00fczenlenen defilede kendi tasar\u0131mlar\u0131n\u0131 sergileme f\u0131rsat\u0131 buldu. Aylar s\u00fcren \u00e7al\u0131\u015fmalar sonucunda haz\u0131rlanan tasar\u0131mlar\u0131n g\u00f6r\u00fcc\u00fcye \u00e7\u0131kt\u0131\u011f\u0131 defile, izleyicilerden b\u00fcy\u00fck be\u011feni toplad\u0131. \u00d6\u011frencilerin yenilik\u00e7i fikirlerini ve mesleki yetkinliklerini ortaya koydu\u011fu defile renkli g\u00f6r\u00fcnt\u00fclere sahne oldu. Programa, Bay\u0131nd\u0131r Kaymakam\u0131 Murat Mete ve e\u015fi P\u0131nar Mete, Bay\u0131nd\u0131r Belediye Ba\u015fkan\u0131 Davut Sakarsu, Ege \u00dcniversitesi Rekt\u00f6r Yard\u0131mc\u0131s\u0131 Prof. Dr. Murat Boyac\u0131, Bay\u0131nd\u0131r Meslek Y\u00fcksekokulu M\u00fcd\u00fcr\u00fc Do\u00e7. Dr. Ali Salman ile il\u00e7e protokol\u00fc kat\u0131ld\u0131.<\/p>\n\n\n\n<p class=\"wp-block-paragraph\">T\u00f6rende konu\u015fan Kaymakam Murat Mete, e\u011fitim hayatlar\u0131n\u0131 ba\u015far\u0131yla tamamlayan \u00f6\u011frencileri tebrik ederek, &#8220;\u00dclkemizin ayd\u0131nl\u0131k gelece\u011fi olan t\u00fcm mezun gen\u00e7lerimizi ve onlar\u0131 b\u00fcy\u00fck fedakarl\u0131klarla yeti\u015ftiren k\u0131ymetli ailelerimizi ve hocalar\u0131m\u0131z\u0131 tebrik ediyor, gen\u00e7lerimize bundan sonraki hayatlar\u0131nda ve kariyer yolculuklar\u0131nda \u00fcst\u00fcn ba\u015far\u0131lar diliyorum&#8221; dedi.<\/p>\n\n\n\n<p class=\"wp-block-paragraph\">Bay\u0131nd\u0131r Belediye Ba\u015fkan\u0131 Davut Sakarsu da mezun olan \u00f6\u011frencileri kutlayarak, gen\u00e7lerin \u00fclkenin gelece\u011fi a\u00e7\u0131s\u0131ndan b\u00fcy\u00fck \u00f6nem ta\u015f\u0131d\u0131\u011f\u0131n\u0131 belirtti. Sakarsu, mezunlara yeni hayatlar\u0131nda ba\u015far\u0131lar diledi.<\/p>\n\n\n\n<p class=\"wp-block-paragraph\">Bay\u0131nd\u0131r Meslek Y\u00fcksekokulu M\u00fcd\u00fcr\u00fc Do\u00e7. Dr. Ali Salman ise mezun \u00f6\u011frencileri tebrik ederek, e\u011fitim s\u00fcrecini ba\u015far\u0131yla tamamlayan gen\u00e7lerin \u00fclkeye ve topluma faydal\u0131 bireyler olarak \u00f6nemli g\u00f6revler \u00fcstleneceklerine inand\u0131\u011f\u0131n\u0131 s\u00f6yledi.<\/p>\n\n\n\n<p class=\"wp-block-paragraph\">Defilenin ard\u0131ndan \u00f6\u011frencilere diplomalar\u0131 takdim edildi. Geleneksel kep atma t\u00f6reniyle devam eden programda mezunlar ve aileleri mezuniyet sevincini doyas\u0131ya ya\u015fad\u0131. &#8211; \u0130ZM\u0130R<\/p>\n","protected":false},"excerpt":{"rendered":"<p>Ege \u00dcniversitesi Bay\u0131nd\u0131r Meslek Y\u00fcksekokulu&#8217;nun 2025-2026 mezuniyet t\u00f6reninde moda tasar\u0131m\u0131 \u00f6\u011frencilerinin haz\u0131rlad\u0131\u011f\u0131 defile yo\u011fun ilgi<\/p>\n","protected":false},"author":1,"featured_media":3437,"comment_status":"open","ping_status":"open","sticky":false,"template":"","format":"standard","meta":{"_rtcl_gb_attr":"","footnotes":""},"categories":[73],"tags":[],"class_list":["post-3436","post","type-post","status-publish","format-standard","has-post-thumbnail","hentry","category-moda"],"_links":{"self":[{"href":"https:\/\/turkiyemhaber.com\/index.php?rest_route=\/wp\/v2\/posts\/3436","targetHints":{"allow":["GET"]}}],"collection":[{"href":"https:\/\/turkiyemhaber.com\/index.php?rest_route=\/wp\/v2\/posts"}],"about":[{"href":"https:\/\/turkiyemhaber.com\/index.php?rest_route=\/wp\/v2\/types\/post"}],"author":[{"embeddable":true,"href":"https:\/\/turkiyemhaber.com\/index.php?rest_route=\/wp\/v2\/users\/1"}],"replies":[{"embeddable":true,"href":"https:\/\/turkiyemhaber.com\/index.php?rest_route=%2Fwp%2Fv2%2Fcomments&post=3436"}],"version-history":[{"count":1,"href":"https:\/\/turkiyemhaber.com\/index.php?rest_route=\/wp\/v2\/posts\/3436\/revisions"}],"predecessor-version":[{"id":3438,"href":"https:\/\/turkiyemhaber.com\/index.php?rest_route=\/wp\/v2\/posts\/3436\/revisions\/3438"}],"wp:featuredmedia":[{"embeddable":true,"href":"https:\/\/turkiyemhaber.com\/index.php?rest_route=\/wp\/v2\/media\/3437"}],"wp:attachment":[{"href":"https:\/\/turkiyemhaber.com\/index.php?rest_route=%2Fwp%2Fv2%2Fmedia&parent=3436"}],"wp:term":[{"taxonomy":"category","embeddable":true,"href":"https:\/\/turkiyemhaber.com\/index.php?rest_route=%2Fwp%2Fv2%2Fcategories&post=3436"},{"taxonomy":"post_tag","embeddable":true,"href":"https:\/\/turkiyemhaber.com\/index.php?rest_route=%2Fwp%2Fv2%2Ftags&post=3436"}],"curies":[{"name":"wp","href":"https:\/\/api.w.org\/{rel}","templated":true}]}}