{"id":3432,"date":"2026-06-21T09:46:46","date_gmt":"2026-06-21T09:46:46","guid":{"rendered":"https:\/\/turkiyemhaber.com\/?p=3432"},"modified":"2026-06-21T09:46:50","modified_gmt":"2026-06-21T09:46:50","slug":"genc-polis-kalbine-yenildi-hamile-esi-gozyaslarina-boguldu","status":"publish","type":"post","link":"https:\/\/turkiyemhaber.com\/?p=3432","title":{"rendered":"Gen\u00e7 polis kalbine yenildi, hamile e\u015fi g\u00f6zya\u015flar\u0131na bo\u011fuldu"},"content":{"rendered":"\n<p class=\"wp-block-paragraph\">G\u00fcm\u00fc\u015fhane&#8217;de g\u00f6rev yapan 33 ya\u015f\u0131ndaki polis memuru Osman \u00d6zer, ge\u00e7irdi\u011fi kalp krizi sonucu hayat\u0131n\u0131 kaybetti. Gen\u00e7 polis i\u00e7in d\u00fczenlenen t\u00f6rende hamile e\u015fi g\u00f6zya\u015flar\u0131na bo\u011fuldu.<\/p>\n\n\n\n<figure class=\"wp-block-video\"><video height=\"1350\" style=\"aspect-ratio: 1080 \/ 1350;\" width=\"1080\" controls src=\"https:\/\/turkiyemhaber.com\/wp-content\/uploads\/2026\/06\/Siyah-Beyaz-ve-Kirmizi-Metin-Odakli-ve-Modern-6-Subat-Depremi-Bas-Sagligi-Instagram-Gonderisi-3.mp4\"><\/video><\/figure>\n\n\n\n<p class=\"wp-block-paragraph\"><a href=\"https:\/\/www.sondakika.com\/gumushane\/\">G\u00fcm\u00fc\u015fhane<\/a>&#8216;de \u0130l Emniyet M\u00fcd\u00fcrl\u00fc\u011f\u00fcnde g\u00f6revli polis memuru&nbsp;<a href=\"https:\/\/www.sondakika.com\/osman-ozer\/\">Osman \u00d6zer<\/a>&nbsp;(33), \u00f6nceki gece evinde fenala\u015ft\u0131. Kalp krizi ge\u00e7irdi\u011fi belirlenen \u00d6zer, sa\u011fl\u0131k ekiplerince G\u00fcm\u00fc\u015fhane Devlet Hastanesine kald\u0131r\u0131ld\u0131. Tedavi alt\u0131na al\u0131nan gen\u00e7 polis memuru, doktorlar\u0131n t\u00fcm m\u00fcdahalelerine ra\u011fmen kurtar\u0131lamayarak hayat\u0131n\u0131 kaybetti.<\/p>\n\n\n\n<figure class=\"wp-block-image\"><img decoding=\"async\" src=\"https:\/\/foto.sondakika.com\/haber\/2026\/06\/21\/genc-polis-kalbine-yenildi-ham-19971881-6040_1_m.jpg\" alt=\"Gen\u00e7 polis kalbine yenildi, hamile e\u015fi g\u00f6zya\u015flar\u0131na bo\u011fuldu\"\/><\/figure>\n\n\n\n<h3 class=\"wp-block-heading\">CENAZE T\u00d6REN\u0130 D\u00dcZENLEND\u0130<\/h3>\n\n\n\n<p class=\"wp-block-paragraph\">Hayat\u0131n\u0131 kaybeden polis memuru i\u00e7in G\u00fcm\u00fc\u015fhane \u0130l Emniyet M\u00fcd\u00fcrl\u00fc\u011f\u00fc \u015eehit Olgun G\u00fclay Ek Hizmet Binas\u0131 \u00f6n\u00fcnde t\u00f6ren d\u00fczenlendi. G\u00fcm\u00fc\u015fhane Valisi Cevdet Atay, \u0130l Emniyet M\u00fcd\u00fcr\u00fc \u0130smail Karasakal, il protokol\u00fc, mesai arkada\u015flar\u0131 ve yak\u0131nlar\u0131n\u0131n kat\u0131ld\u0131\u011f\u0131 t\u00f6rende Kur&#8217;an-\u0131 Kerim okundu, dualar edildi.<\/p>\n\n\n\n<figure class=\"wp-block-image\"><img decoding=\"async\" src=\"https:\/\/foto.sondakika.com\/haber\/2026\/06\/21\/genc-polis-kalbine-yenildi-ham-19971881-5181_1_m.jpg\" alt=\"Gen\u00e7 polis kalbine yenildi, hamile e\u015fi g\u00f6zya\u015flar\u0131na bo\u011fuldu\"\/><\/figure>\n\n\n\n<h3 class=\"wp-block-heading\">HAM\u0130LE E\u015e\u0130 G\u00d6ZYA\u015eLARINA BO\u011eULDU<\/h3>\n\n\n\n<p class=\"wp-block-paragraph\">T\u00f6rende hamile oldu\u011fu \u00f6\u011frenilen e\u015fi&nbsp;<a href=\"https:\/\/www.sondakika.com\/selda-ozer\/\">Selda \u00d6zer<\/a>&nbsp;g\u00f6zya\u015flar\u0131na hakim olamazken, o\u011flunu gen\u00e7 ya\u015fta kaybeden ac\u0131l\u0131 baba Ekrem \u00d6zer de taziyeleri kabul etti. \u00d6zer&#8217;in naa\u015f\u0131, edilen dualar\u0131n ard\u0131ndan defnedilmek \u00fczere&nbsp;<a href=\"https:\/\/www.sondakika.com\/istanbul\/\">\u0130stanbul<\/a>&#8216;a g\u00f6nderildi.&nbsp;<\/p>\n\n\n\n<figure class=\"wp-block-image\"><img decoding=\"async\" src=\"https:\/\/foto.sondakika.com\/haber\/2026\/06\/21\/genc-polis-kalbine-yenildi-ham-19971881-4170_1_m.jpg\" alt=\"Gen\u00e7 polis kalbine yenildi, hamile e\u015fi g\u00f6zya\u015flar\u0131na bo\u011fuldu\"\/><\/figure>\n\n\n\n<figure class=\"wp-block-image\"><img decoding=\"async\" src=\"https:\/\/foto.sondakika.com\/haber\/2026\/06\/21\/genc-polis-kalbine-yenildi-ham-19971881-5696_1_m.jpg\" alt=\"Gen\u00e7 polis kalbine yenildi, hamile e\u015fi g\u00f6zya\u015flar\u0131na bo\u011fuldu\"\/><\/figure>\n\n\n\n<p class=\"wp-block-paragraph\">K<\/p>\n","protected":false},"excerpt":{"rendered":"<p>G\u00fcm\u00fc\u015fhane&#8217;de g\u00f6rev yapan 33 ya\u015f\u0131ndaki polis memuru Osman \u00d6zer, ge\u00e7irdi\u011fi kalp krizi sonucu hayat\u0131n\u0131 kaybetti.<\/p>\n","protected":false},"author":1,"featured_media":3433,"comment_status":"open","ping_status":"open","sticky":false,"template":"","format":"standard","meta":{"_rtcl_gb_attr":"","footnotes":""},"categories":[1],"tags":[],"class_list":["post-3432","post","type-post","status-publish","format-standard","has-post-thumbnail","hentry","category-http-turkiyemhaber-com-wp-content-uploads-2026-03-saray-59-haber-13-mart-pdf"],"_links":{"self":[{"href":"https:\/\/turkiyemhaber.com\/index.php?rest_route=\/wp\/v2\/posts\/3432","targetHints":{"allow":["GET"]}}],"collection":[{"href":"https:\/\/turkiyemhaber.com\/index.php?rest_route=\/wp\/v2\/posts"}],"about":[{"href":"https:\/\/turkiyemhaber.com\/index.php?rest_route=\/wp\/v2\/types\/post"}],"author":[{"embeddable":true,"href":"https:\/\/turkiyemhaber.com\/index.php?rest_route=\/wp\/v2\/users\/1"}],"replies":[{"embeddable":true,"href":"https:\/\/turkiyemhaber.com\/index.php?rest_route=%2Fwp%2Fv2%2Fcomments&post=3432"}],"version-history":[{"count":1,"href":"https:\/\/turkiyemhaber.com\/index.php?rest_route=\/wp\/v2\/posts\/3432\/revisions"}],"predecessor-version":[{"id":3435,"href":"https:\/\/turkiyemhaber.com\/index.php?rest_route=\/wp\/v2\/posts\/3432\/revisions\/3435"}],"wp:featuredmedia":[{"embeddable":true,"href":"https:\/\/turkiyemhaber.com\/index.php?rest_route=\/wp\/v2\/media\/3433"}],"wp:attachment":[{"href":"https:\/\/turkiyemhaber.com\/index.php?rest_route=%2Fwp%2Fv2%2Fmedia&parent=3432"}],"wp:term":[{"taxonomy":"category","embeddable":true,"href":"https:\/\/turkiyemhaber.com\/index.php?rest_route=%2Fwp%2Fv2%2Fcategories&post=3432"},{"taxonomy":"post_tag","embeddable":true,"href":"https:\/\/turkiyemhaber.com\/index.php?rest_route=%2Fwp%2Fv2%2Ftags&post=3432"}],"curies":[{"name":"wp","href":"https:\/\/api.w.org\/{rel}","templated":true}]}}