{"id":3430,"date":"2026-06-21T09:42:54","date_gmt":"2026-06-21T09:42:54","guid":{"rendered":"https:\/\/turkiyemhaber.com\/?p=3430"},"modified":"2026-06-21T09:42:58","modified_gmt":"2026-06-21T09:42:58","slug":"husumetliyi-vurdu-turnike-yapti","status":"publish","type":"post","link":"https:\/\/turkiyemhaber.com\/?p=3430","title":{"rendered":"Husumetliyi Vurdu, Turnike Yapt\u0131"},"content":{"rendered":"\n<p class=\"wp-block-paragraph\">Adapazar\u0131&#8217;nda bir ki\u015fi husumetlisini vurarak yaralad\u0131, ard\u0131ndan kemeriyle turnike yapt\u0131.<\/p>\n\n\n\n<p class=\"wp-block-paragraph\">Sakarya&#8217;n\u0131n Adapazar\u0131 il\u00e7esinde husumetli oldu\u011fu ki\u015fiyi tabancayla bacaklar\u0131ndan vurarak yaralayan \u015f\u00fcphelinin, olay\u0131n ard\u0131ndan yaral\u0131n\u0131n kan kayb\u0131n\u0131 \u00f6nlemek i\u00e7in kemeriyle turnike yapt\u0131\u011f\u0131 anlar g\u00fcvenlik kameras\u0131na yans\u0131d\u0131.<\/p>\n\n\n\n<figure class=\"wp-block-image\"><img decoding=\"async\" src=\"https:\/\/foto.sondakika.com\/haber\/2026\/06\/21\/adapazarinda-sokakta-vurdugu-h-19971866-3094_1_m.jpg\" alt=\"Adapazar\u0131'nda sokakta vurdu\u011fu husumetlisine kemeriyle turnike yapt\u0131; O anlar kamerada\"\/><\/figure>\n\n\n\n<h3 class=\"wp-block-heading\">TARTI\u015eMA KISA S\u00dcREDE B\u00dcY\u00dcD\u00dc<\/h3>\n\n\n\n<p class=\"wp-block-paragraph\">Olay, saat 15.00 s\u0131ralar\u0131nda \u00c7ark Caddesi&#8217;ne ba\u011flanan Dr. Kamil Sokak&#8217;ta meydana geldi. \u0130ddiaya g\u00f6re, aralar\u0131nda husumet bulundu\u011fu \u00f6ne s\u00fcr\u00fclen ismi \u00f6\u011frenilemeyen \u015f\u00fcpheli ile H.Y. aras\u0131nda \u00e7\u0131kan tart\u0131\u015fma k\u0131sa s\u00fcrede b\u00fcy\u00fcd\u00fc. \u015e\u00fcpheli, yan\u0131nda bulunan tabancayla H.Y.&#8217;ye ate\u015f a\u00e7t\u0131. Her iki baca\u011f\u0131na isabet eden kur\u015funlarla yaralanan H.Y. yere y\u0131\u011f\u0131l\u0131rken, ihbar \u00fczerine b\u00f6lgeye sa\u011fl\u0131k ve polis ekipleri sevk edildi. Yaral\u0131, ilk m\u00fcdahalesinin ard\u0131ndan hastaneye kald\u0131r\u0131ld\u0131.<\/p>\n\n\n\n<figure class=\"wp-block-image\"><img decoding=\"async\" src=\"https:\/\/foto.sondakika.com\/haber\/2026\/06\/21\/adapazarinda-sokakta-vurdugu-h-19971866-3876_1_m.jpg\" alt=\"Adapazar\u0131'nda sokakta vurdu\u011fu husumetlisine kemeriyle turnike yapt\u0131; O anlar kamerada\"\/><\/figure>\n\n\n\n<h3 class=\"wp-block-heading\">OLAY YER\u0130NDE POL\u0130S EK\u0130PLER\u0130N\u0130 BEKLED\u0130<\/h3>\n\n\n\n<p class=\"wp-block-paragraph\">Olay\u0131n ard\u0131ndan ortaya \u00e7\u0131kan g\u00fcvenlik kameras\u0131 g\u00f6r\u00fcnt\u00fclerinde, \u015f\u00fcphelinin sokak i\u00e7erisinde elindeki tabancayla ilerleyerek pe\u015f pe\u015fe ate\u015f etti\u011fi ve H.Y.&#8217;yi vurdu\u011fu anlar yer ald\u0131. G\u00f6r\u00fcnt\u00fclerin devam\u0131nda ise \u015f\u00fcphelinin olay yerinden ka\u00e7mak yerine yaral\u0131n\u0131n yan\u0131na gitti\u011fi g\u00f6r\u00fcld\u00fc.<\/p>\n\n\n\n<p class=\"wp-block-paragraph\">Kay\u0131tlarda, yaral\u0131n\u0131n kan kaybetti\u011fini fark eden \u015f\u00fcphelinin belindeki kemeri \u00e7\u0131kararak H.Y.&#8217;nin baca\u011f\u0131na turnike uygulad\u0131\u011f\u0131, daha sonra da polis ekipleri gelene kadar olay yerinde bekledi\u011fi anlar yer ald\u0131. Olayla ilgili soru\u015fturma s\u00fcr\u00fcyor.<\/p>\n","protected":false},"excerpt":{"rendered":"<p>Adapazar\u0131&#8217;nda bir ki\u015fi husumetlisini vurarak yaralad\u0131, ard\u0131ndan kemeriyle turnike yapt\u0131. Sakarya&#8217;n\u0131n Adapazar\u0131 il\u00e7esinde husumetli oldu\u011fu<\/p>\n","protected":false},"author":1,"featured_media":0,"comment_status":"open","ping_status":"open","sticky":false,"template":"","format":"standard","meta":{"_rtcl_gb_attr":"","footnotes":""},"categories":[1],"tags":[],"class_list":["post-3430","post","type-post","status-publish","format-standard","hentry","category-http-turkiyemhaber-com-wp-content-uploads-2026-03-saray-59-haber-13-mart-pdf"],"_links":{"self":[{"href":"https:\/\/turkiyemhaber.com\/index.php?rest_route=\/wp\/v2\/posts\/3430","targetHints":{"allow":["GET"]}}],"collection":[{"href":"https:\/\/turkiyemhaber.com\/index.php?rest_route=\/wp\/v2\/posts"}],"about":[{"href":"https:\/\/turkiyemhaber.com\/index.php?rest_route=\/wp\/v2\/types\/post"}],"author":[{"embeddable":true,"href":"https:\/\/turkiyemhaber.com\/index.php?rest_route=\/wp\/v2\/users\/1"}],"replies":[{"embeddable":true,"href":"https:\/\/turkiyemhaber.com\/index.php?rest_route=%2Fwp%2Fv2%2Fcomments&post=3430"}],"version-history":[{"count":1,"href":"https:\/\/turkiyemhaber.com\/index.php?rest_route=\/wp\/v2\/posts\/3430\/revisions"}],"predecessor-version":[{"id":3431,"href":"https:\/\/turkiyemhaber.com\/index.php?rest_route=\/wp\/v2\/posts\/3430\/revisions\/3431"}],"wp:attachment":[{"href":"https:\/\/turkiyemhaber.com\/index.php?rest_route=%2Fwp%2Fv2%2Fmedia&parent=3430"}],"wp:term":[{"taxonomy":"category","embeddable":true,"href":"https:\/\/turkiyemhaber.com\/index.php?rest_route=%2Fwp%2Fv2%2Fcategories&post=3430"},{"taxonomy":"post_tag","embeddable":true,"href":"https:\/\/turkiyemhaber.com\/index.php?rest_route=%2Fwp%2Fv2%2Ftags&post=3430"}],"curies":[{"name":"wp","href":"https:\/\/api.w.org\/{rel}","templated":true}]}}