{"id":3423,"date":"2026-06-21T09:00:56","date_gmt":"2026-06-21T09:00:56","guid":{"rendered":"https:\/\/turkiyemhaber.com\/?p=3423"},"modified":"2026-06-21T09:01:00","modified_gmt":"2026-06-21T09:01:00","slug":"kina-gecesinde-kalabaliga-rastgele-kursun-yagdirdi-14-yasindaki-cocuk-hayatini-kaybetti","status":"publish","type":"post","link":"https:\/\/turkiyemhaber.com\/?p=3423","title":{"rendered":"K\u0131na gecesinde kalabal\u0131\u011fa rastgele kur\u015fun ya\u011fd\u0131rd\u0131! 14 ya\u015f\u0131ndaki \u00e7ocuk hayat\u0131n\u0131 kaybetti"},"content":{"rendered":"\n<p class=\"wp-block-paragraph\">\u0130zmir&#8217;in \u00d6demi\u015f il\u00e7esinde bir okul bah\u00e7esinde d\u00fczenlenen k\u0131na gecesine gelen bir \u015fah\u0131s pompal\u0131 t\u00fcfekle kur\u015fun ya\u011fd\u0131rd\u0131. Kalabal\u0131\u011fa pompal\u0131 t\u00fcfekle a\u00e7\u0131lan ate\u015f sonucu 14 ya\u015f\u0131ndaki Ayaz \u00c7imen hayat\u0131n\u0131 kaybederken, 4 ki\u015fi de yaraland\u0131. Yaral\u0131lardan birinin e\u015fi oldu\u011fu ortaya \u00e7\u0131kan sald\u0131rgan ka\u00e7t\u0131\u011f\u0131 k\u0131rsal alanda yakaland\u0131.<\/p>\n\n\n\n<figure class=\"wp-block-image size-large\"><img loading=\"lazy\" decoding=\"async\" width=\"1024\" height=\"576\" src=\"https:\/\/turkiyemhaber.com\/wp-content\/uploads\/2026\/06\/izmir-de-kina-gecesine-silahli-saldirida-14-2-19972019_amp-1024x576.jpg\" alt=\"\" class=\"wp-image-3424\" srcset=\"https:\/\/turkiyemhaber.com\/wp-content\/uploads\/2026\/06\/izmir-de-kina-gecesine-silahli-saldirida-14-2-19972019_amp-1024x576.jpg 1024w, https:\/\/turkiyemhaber.com\/wp-content\/uploads\/2026\/06\/izmir-de-kina-gecesine-silahli-saldirida-14-2-19972019_amp-300x169.jpg 300w, https:\/\/turkiyemhaber.com\/wp-content\/uploads\/2026\/06\/izmir-de-kina-gecesine-silahli-saldirida-14-2-19972019_amp-768x432.jpg 768w, https:\/\/turkiyemhaber.com\/wp-content\/uploads\/2026\/06\/izmir-de-kina-gecesine-silahli-saldirida-14-2-19972019_amp-18x10.jpg 18w, https:\/\/turkiyemhaber.com\/wp-content\/uploads\/2026\/06\/izmir-de-kina-gecesine-silahli-saldirida-14-2-19972019_amp.jpg 1200w\" sizes=\"auto, (max-width: 1024px) 100vw, 1024px\" \/><\/figure>\n\n\n\n<p class=\"wp-block-paragraph\"><a href=\"https:\/\/www.sondakika.com\/izmir\/\">\u0130zmir<\/a>&#8216;in&nbsp;<a href=\"https:\/\/www.sondakika.com\/odemis\/\">\u00d6demi\u015f<\/a>&nbsp;il\u00e7esine ba\u011fl\u0131&nbsp;Emir Mahallesi&#8217;nde Emirli \u0130lkokulu bah\u00e7esinde d\u00fcn ak\u015fam saatlerinde Sezgin B. ile Ya\u011fmur S. \u00e7iftinin k\u0131na gecesi e\u011flencesi s\u0131ras\u0131nda E.D. (43), pompal\u0131 t\u00fcfekle kalabal\u0131\u011fa rastgele ate\u015f a\u00e7t\u0131.<\/p>\n\n\n\n<h3 class=\"wp-block-heading\">14 YA\u015eINDAK\u0130 \u00c7OCUK HAYATINI KAYBETT\u0130<\/h3>\n\n\n\n<p class=\"wp-block-paragraph\">Sald\u0131r\u0131da Ayaz \u00c7imen (14), H\u00fcseyin \u00d6. (23), Hasan B. (30), \u00dcmm\u00fchan D. (45) ve Osman \u00d6. (72) yaraland\u0131.&nbsp;\u0130hbar \u00fczerine olay yerine sa\u011fl\u0131k ve jandarma ekipleri sevk edildi.<\/p>\n\n\n\n<p class=\"wp-block-paragraph\">Sa\u011fl\u0131k ekiplerinin olay yerindeki ilk m\u00fcdahalesinin ard\u0131ndan ambulanslarla \u00d6demi\u015f Devlet Hastanesi&#8217;ne kald\u0131r\u0131lan yaral\u0131lardan Ayaz \u00c7imen kurtar\u0131lamad\u0131.<\/p>\n\n\n\n<h3 class=\"wp-block-heading\">SALDIRGAN YARALILARDAN B\u0130R\u0130N\u0130N E\u015e\u0130 \u00c7IKTI<\/h3>\n\n\n\n<p class=\"wp-block-paragraph\">\u00dcmm\u00fchan D&#8217;nin sald\u0131r\u0131y\u0131 ger\u00e7ekle\u015ftirdi\u011fi \u00f6ne s\u00fcr\u00fclen E.D&#8217;nin e\u015fi oldu\u011fu \u00f6\u011frenildi. Durumu a\u011f\u0131r olan kad\u0131n, \u0130zmir Atat\u00fcrk E\u011fitim ve Ara\u015ft\u0131rma Hastanesi&#8217;ne sevk edildi.&nbsp;Hayat\u0131n\u0131 kaybeden \u00c7imen&#8217;in cenazesi Adli T\u0131p Kurumu morguna kald\u0131r\u0131ld\u0131.<\/p>\n\n\n\n<h3 class=\"wp-block-heading\">KIRSAL ALANDA YAKALANDI<\/h3>\n\n\n\n<p class=\"wp-block-paragraph\">Jandarma ekipleri, olay yerinden ka\u00e7an \u015f\u00fcpheliyi k\u0131rsal alanda yakalad\u0131.&nbsp;Zanl\u0131n\u0131n jandarmadaki i\u015flemleri s\u00fcr\u00fcyor.<\/p>\n","protected":false},"excerpt":{"rendered":"<p>\u0130zmir&#8217;in \u00d6demi\u015f il\u00e7esinde bir okul bah\u00e7esinde d\u00fczenlenen k\u0131na gecesine gelen bir \u015fah\u0131s pompal\u0131 t\u00fcfekle kur\u015fun<\/p>\n","protected":false},"author":1,"featured_media":3425,"comment_status":"open","ping_status":"open","sticky":false,"template":"","format":"standard","meta":{"_rtcl_gb_attr":"","footnotes":""},"categories":[1],"tags":[],"class_list":["post-3423","post","type-post","status-publish","format-standard","has-post-thumbnail","hentry","category-http-turkiyemhaber-com-wp-content-uploads-2026-03-saray-59-haber-13-mart-pdf"],"_links":{"self":[{"href":"https:\/\/turkiyemhaber.com\/index.php?rest_route=\/wp\/v2\/posts\/3423","targetHints":{"allow":["GET"]}}],"collection":[{"href":"https:\/\/turkiyemhaber.com\/index.php?rest_route=\/wp\/v2\/posts"}],"about":[{"href":"https:\/\/turkiyemhaber.com\/index.php?rest_route=\/wp\/v2\/types\/post"}],"author":[{"embeddable":true,"href":"https:\/\/turkiyemhaber.com\/index.php?rest_route=\/wp\/v2\/users\/1"}],"replies":[{"embeddable":true,"href":"https:\/\/turkiyemhaber.com\/index.php?rest_route=%2Fwp%2Fv2%2Fcomments&post=3423"}],"version-history":[{"count":1,"href":"https:\/\/turkiyemhaber.com\/index.php?rest_route=\/wp\/v2\/posts\/3423\/revisions"}],"predecessor-version":[{"id":3426,"href":"https:\/\/turkiyemhaber.com\/index.php?rest_route=\/wp\/v2\/posts\/3423\/revisions\/3426"}],"wp:featuredmedia":[{"embeddable":true,"href":"https:\/\/turkiyemhaber.com\/index.php?rest_route=\/wp\/v2\/media\/3425"}],"wp:attachment":[{"href":"https:\/\/turkiyemhaber.com\/index.php?rest_route=%2Fwp%2Fv2%2Fmedia&parent=3423"}],"wp:term":[{"taxonomy":"category","embeddable":true,"href":"https:\/\/turkiyemhaber.com\/index.php?rest_route=%2Fwp%2Fv2%2Fcategories&post=3423"},{"taxonomy":"post_tag","embeddable":true,"href":"https:\/\/turkiyemhaber.com\/index.php?rest_route=%2Fwp%2Fv2%2Ftags&post=3423"}],"curies":[{"name":"wp","href":"https:\/\/api.w.org\/{rel}","templated":true}]}}