{"id":3420,"date":"2026-06-21T08:55:25","date_gmt":"2026-06-21T08:55:25","guid":{"rendered":"https:\/\/turkiyemhaber.com\/?p=3420"},"modified":"2026-06-21T08:55:29","modified_gmt":"2026-06-21T08:55:29","slug":"manisada-baba-dehseti-kizini-bicaklayarak-oldurdu","status":"publish","type":"post","link":"https:\/\/turkiyemhaber.com\/?p=3420","title":{"rendered":"Manisa&#8217;da baba deh\u015feti: K\u0131z\u0131n\u0131 b\u0131\u00e7aklayarak \u00f6ld\u00fcrd\u00fc"},"content":{"rendered":"\n<p class=\"wp-block-paragraph\">Manisa&#8217;n\u0131n Ala\u015fehir il\u00e7esinde bo\u015fand\u0131ktan sonra babaevine d\u00f6nen Birsen Y., babas\u0131 \u00dc.Y. taraf\u0131ndan b\u0131\u00e7aklanarak \u00f6ld\u00fcr\u00fcld\u00fc. \u015e\u00fcpheli baba jandarma ekiplerince g\u00f6zalt\u0131na al\u0131nd\u0131.<\/p>\n\n\n\n<p class=\"wp-block-paragraph\"><a href=\"https:\/\/www.sondakika.com\/manisa\/\">Manisa<\/a>&#8216;n\u0131n&nbsp;<a href=\"https:\/\/www.sondakika.com\/alasehir\/\">Ala\u015fehir<\/a>&nbsp;il\u00e7esinde bir baba, tart\u0131\u015ft\u0131\u011f\u0131 k\u0131z\u0131n\u0131 b\u0131\u00e7aklayarak \u00f6ld\u00fcrd\u00fc. Olay\u0131n ard\u0131ndan \u015f\u00fcpheli g\u00f6zalt\u0131na al\u0131nd\u0131.<\/p>\n\n\n\n<p class=\"wp-block-paragraph\">Edinilen bilgiye g\u00f6re, bir s\u00fcre \u00f6nce bo\u015fand\u0131ktan sonra Caberkonakl\u0131 Mahallesi&#8217;ndeki babaevine d\u00f6nen 23 ya\u015f\u0131ndaki Birsen Y. ile babas\u0131 \u00dc.Y. (56) aras\u0131nda gece saatlerinde hen\u00fcz bilinmeyen bir nedenle tart\u0131\u015fma \u00e7\u0131kt\u0131.<\/p>\n\n\n\n<h3 class=\"wp-block-heading\">GEN\u00c7 KADIN HAYATINI KAYBETT\u0130<\/h3>\n\n\n\n<p class=\"wp-block-paragraph\">K\u0131sa s\u00fcrede b\u00fcy\u00fcyen tart\u0131\u015fma s\u0131ras\u0131nda baba, k\u0131z\u0131n\u0131 b\u0131\u00e7aklad\u0131. \u0130hbar \u00fczerine olay yerine sa\u011fl\u0131k ve jandarma ekipleri sevk edildi.<\/p>\n\n\n\n<p class=\"wp-block-paragraph\">Sa\u011fl\u0131k ekiplerinin yapt\u0131\u011f\u0131 kontrolde Birsen Y.&#8217;nin hayat\u0131n\u0131 kaybetti\u011fi belirlendi.<\/p>\n\n\n\n<h3 class=\"wp-block-heading\">BABA G\u00d6ZALTINA ALINDI<\/h3>\n\n\n\n<p class=\"wp-block-paragraph\">Olay\u0131n ard\u0131ndan jandarma ekipleri taraf\u0131ndan g\u00f6zalt\u0131na al\u0131nan \u00dc.Y., karakola g\u00f6t\u00fcr\u00fcld\u00fc.&nbsp;Birsen Y.&#8217;nin cenazesi otopsi i\u015flemleri i\u00e7in \u0130zmir Adli T\u0131p Kurumu morguna kald\u0131r\u0131l\u0131rken, olayla ilgili soru\u015fturma ba\u015flat\u0131ld\u0131.<\/p>\n","protected":false},"excerpt":{"rendered":"<p>Manisa&#8217;n\u0131n Ala\u015fehir il\u00e7esinde bo\u015fand\u0131ktan sonra babaevine d\u00f6nen Birsen Y., babas\u0131 \u00dc.Y. taraf\u0131ndan b\u0131\u00e7aklanarak \u00f6ld\u00fcr\u00fcld\u00fc. \u015e\u00fcpheli<\/p>\n","protected":false},"author":1,"featured_media":3421,"comment_status":"open","ping_status":"open","sticky":false,"template":"","format":"standard","meta":{"_rtcl_gb_attr":"","footnotes":""},"categories":[1],"tags":[],"class_list":["post-3420","post","type-post","status-publish","format-standard","has-post-thumbnail","hentry","category-http-turkiyemhaber-com-wp-content-uploads-2026-03-saray-59-haber-13-mart-pdf"],"_links":{"self":[{"href":"https:\/\/turkiyemhaber.com\/index.php?rest_route=\/wp\/v2\/posts\/3420","targetHints":{"allow":["GET"]}}],"collection":[{"href":"https:\/\/turkiyemhaber.com\/index.php?rest_route=\/wp\/v2\/posts"}],"about":[{"href":"https:\/\/turkiyemhaber.com\/index.php?rest_route=\/wp\/v2\/types\/post"}],"author":[{"embeddable":true,"href":"https:\/\/turkiyemhaber.com\/index.php?rest_route=\/wp\/v2\/users\/1"}],"replies":[{"embeddable":true,"href":"https:\/\/turkiyemhaber.com\/index.php?rest_route=%2Fwp%2Fv2%2Fcomments&post=3420"}],"version-history":[{"count":1,"href":"https:\/\/turkiyemhaber.com\/index.php?rest_route=\/wp\/v2\/posts\/3420\/revisions"}],"predecessor-version":[{"id":3422,"href":"https:\/\/turkiyemhaber.com\/index.php?rest_route=\/wp\/v2\/posts\/3420\/revisions\/3422"}],"wp:featuredmedia":[{"embeddable":true,"href":"https:\/\/turkiyemhaber.com\/index.php?rest_route=\/wp\/v2\/media\/3421"}],"wp:attachment":[{"href":"https:\/\/turkiyemhaber.com\/index.php?rest_route=%2Fwp%2Fv2%2Fmedia&parent=3420"}],"wp:term":[{"taxonomy":"category","embeddable":true,"href":"https:\/\/turkiyemhaber.com\/index.php?rest_route=%2Fwp%2Fv2%2Fcategories&post=3420"},{"taxonomy":"post_tag","embeddable":true,"href":"https:\/\/turkiyemhaber.com\/index.php?rest_route=%2Fwp%2Fv2%2Ftags&post=3420"}],"curies":[{"name":"wp","href":"https:\/\/api.w.org\/{rel}","templated":true}]}}