{"id":3418,"date":"2026-06-21T08:51:51","date_gmt":"2026-06-21T08:51:51","guid":{"rendered":"https:\/\/turkiyemhaber.com\/?p=3418"},"modified":"2026-06-21T08:51:54","modified_gmt":"2026-06-21T08:51:54","slug":"94-gundur-aranan-aysel-yildirimdan-kahreden-haber-gel-gomu-var-diye-cagirmis","status":"publish","type":"post","link":"https:\/\/turkiyemhaber.com\/?p=3418","title":{"rendered":"94 g\u00fcnd\u00fcr aranan Aysel Y\u0131ld\u0131r\u0131m&#8217;dan kahreden haber! &#8220;Gel g\u00f6m\u00fc var&#8221; diye \u00e7a\u011f\u0131rm\u0131\u015f"},"content":{"rendered":"\n<p class=\"wp-block-paragraph\">Malatya&#8217;da 19 Mart&#8217;tan bu yana kay\u0131p olarak aranan Aysel Y\u0131ld\u0131r\u0131m&#8217;\u0131n cinayete kurban gitti\u011fi ortaya \u00e7\u0131kt\u0131. Soru\u015fturmada, gen\u00e7 kad\u0131n\u0131n kaybolmadan \u00f6nce \u015f\u00fcpheli Aykut Aslan taraf\u0131ndan &#8220;Gel g\u00f6m\u00fc var, seni ta\u015fa bo\u011faca\u011f\u0131m&#8221; s\u00f6zleriyle \u00e7a\u011fr\u0131ld\u0131\u011f\u0131 iddia edildi. Adalet Bakan\u0131 Ak\u0131n G\u00fcrlek olayla ilgili \u015f\u00fcpheli Aslan dahil 4 ki\u015finin g\u00f6zalt\u0131na al\u0131nd\u0131\u011f\u0131n\u0131 a\u00e7\u0131klad\u0131.<\/p>\n\n\n\n<p class=\"wp-block-paragraph\"><a href=\"https:\/\/www.sondakika.com\/malatya\/\">Malatya<\/a>&#8216;da 19 Mart 2026 tarihinden bu yana kay\u0131p olarak aranan Aysel Y\u0131ld\u0131r\u0131m ile ilgili y\u00fcr\u00fct\u00fclen soru\u015fturmada \u00e7arp\u0131c\u0131 geli\u015fmeler ya\u015fand\u0131. Adalet Bakan\u0131&nbsp;<a href=\"https:\/\/www.sondakika.com\/akin-gurlek\/\">Ak\u0131n G\u00fcrlek<\/a>, gen\u00e7 kad\u0131n\u0131n cinayete kurban gitti\u011finin ortaya \u00e7\u0131kar\u0131ld\u0131\u011f\u0131n\u0131 a\u00e7\u0131klad\u0131.<\/p>\n\n\n\n<p class=\"wp-block-paragraph\">G\u00fcrlek yapt\u0131\u011f\u0131 a\u00e7\u0131klamada, Malatya Cumhuriyet Ba\u015fsavc\u0131l\u0131\u011f\u0131 koordinasyonunda, \u0130l Emniyet M\u00fcd\u00fcrl\u00fc\u011f\u00fc ve \u0130l Jandarma Komutanl\u0131\u011f\u0131 ekiplerinin y\u00fcr\u00fctt\u00fc\u011f\u00fc kapsaml\u0131 \u00e7al\u0131\u015fmalar sonucunda olay\u0131n ayd\u0131nlat\u0131lmas\u0131na y\u00f6nelik \u00f6nemli delillere ula\u015f\u0131ld\u0131\u011f\u0131n\u0131 belirtti.<\/p>\n\n\n\n<h3 class=\"wp-block-heading\">EN SON TAKS\u0130YLE G\u0130TT\u0130\u011e\u0130 ADRESTE G\u00d6R\u00dcLD\u00dc<\/h3>\n\n\n\n<p class=\"wp-block-paragraph\">Soru\u015fturma dosyas\u0131na g\u00f6re Aysel Y\u0131ld\u0131r\u0131m&#8217;\u0131n babas\u0131 Ali Y\u0131ld\u0131r\u0131m, k\u0131z\u0131n\u0131n 19 Mart sabah\u0131 Battalgazi il\u00e7esindeki evinden ayr\u0131ld\u0131\u011f\u0131n\u0131 ve geri d\u00f6nmedi\u011fini belirterek 22 Mart&#8217;ta kay\u0131p ba\u015fvurusunda bulundu.<\/p>\n\n\n\n<p class=\"wp-block-paragraph\">Yap\u0131lan incelemelerde Y\u0131ld\u0131r\u0131m&#8217;\u0131n kulland\u0131\u011f\u0131 telefonun ayn\u0131 g\u00fcn saat 15.00 s\u0131ralar\u0131ndan sonra kapand\u0131\u011f\u0131, son baz sinyalinin ise Yak\u0131nca b\u00f6lgesinden al\u0131nd\u0131\u011f\u0131 tespit edildi.<\/p>\n\n\n\n<p class=\"wp-block-paragraph\">Ara\u015ft\u0131rmalarda gen\u00e7 kad\u0131n\u0131n olay g\u00fcn\u00fc bir taksiyle Yavuz Selim Mahallesi&#8217;ndeki bir adrese gitti\u011fi belirlendi. Taksi \u015fof\u00f6r\u00fcn\u00fcn ifadesi do\u011frultusunda s\u00f6z konusu adresin Aykut Aslan&#8217;a ait oldu\u011fu ortaya \u00e7\u0131kt\u0131.<\/p>\n\n\n\n<h3 class=\"wp-block-heading\">KAMERA KAYITLARI KR\u0130T\u0130K DETAYI ORTAYA \u00c7IKARDI<\/h3>\n\n\n\n<p class=\"wp-block-paragraph\">Soru\u015fturman\u0131n seyrini de\u011fi\u015ftiren en \u00f6nemli delillerden biri ise g\u00fcvenlik kamera kay\u0131tlar\u0131 oldu. \u0130ncelemelerde Aysel Y\u0131ld\u0131r\u0131m&#8217;\u0131n 19 Mart g\u00fcn\u00fc saat 13.30 s\u0131ralar\u0131nda taksiyle apartmana geldi\u011fi ve binaya giri\u015f yapt\u0131\u011f\u0131 g\u00f6r\u00fcld\u00fc.<\/p>\n\n\n\n<p class=\"wp-block-paragraph\">Ancak gen\u00e7 kad\u0131n\u0131n apartmandan \u00e7\u0131k\u0131\u015f\u0131na ili\u015fkin herhangi bir g\u00f6r\u00fcnt\u00fcye ula\u015f\u0131lamad\u0131.<\/p>\n\n\n\n<p class=\"wp-block-paragraph\">Ayn\u0131 gece Aykut Aslan&#8217;\u0131n ticari bir ara\u00e7la apartmana geldi\u011fi, arac\u0131 geri geri yana\u015ft\u0131rd\u0131\u011f\u0131 ve binadan baz\u0131 e\u015fyalar y\u00fckledikten sonra b\u00f6lgeden ayr\u0131ld\u0131\u011f\u0131 da kamera kay\u0131tlar\u0131na yans\u0131d\u0131.<\/p>\n\n\n\n<p class=\"wp-block-paragraph\"><img decoding=\"async\" alt=\"\u015e\u00fcpheli Aykut Aslan'\u0131n ticari ara\u00e7la gelip ikamet adresine girdi\u011fi an g\u00fcvenlik kameras\u0131na yans\u0131d\u0131\" src=\"https:\/\/foto.sondakika.com\/haber\/2026\/06\/21\/19-marttan-beri-araniyordu-ays-19972210-4295_1_m.jpg\">\u015e\u00fcpheli Aykut Aslan&#8217;\u0131n ticari ara\u00e7la gelip ikamet adresine girdi\u011fi an g\u00fcvenlik kameras\u0131na yans\u0131d\u0131<\/p>\n\n\n\n<h3 class=\"wp-block-heading\">&#8220;GEL D\u00d6M\u00dc VAR&#8221; D\u0130YE \u00c7A\u011eIRMI\u015e<\/h3>\n\n\n\n<p class=\"wp-block-paragraph\">Dosyada yer alan bilgilere g\u00f6re Aykut Aslan ile Aysel Y\u0131ld\u0131r\u0131m&#8217;\u0131n daha \u00f6nce birlikte kald\u0131klar\u0131, birlikte uyu\u015fturucu kulland\u0131klar\u0131 ve olay g\u00fcn\u00fc aralar\u0131nda para transferi bulundu\u011fu tespit edildi.<\/p>\n\n\n\n<p class=\"wp-block-paragraph\">Soru\u015fturma kapsam\u0131nda ayr\u0131ca Aslan&#8217;\u0131n kay\u0131p kad\u0131na ait telefonu olaydan sonra satmaya \u00e7al\u0131\u015ft\u0131\u011f\u0131, olay g\u00fcn\u00fc ise Y\u0131ld\u0131r\u0131m&#8217;a y\u00f6nelik &#8220;Gel g\u00f6m\u00fc var, seni ta\u015fa (narkotik madde oldu\u011fu d\u00fc\u015f\u00fcn\u00fcl\u00fcyor) bo\u011faca\u011f\u0131m&#8221; \u015feklinde ifadeler kulland\u0131\u011f\u0131 \u00f6ne s\u00fcr\u00fcld\u00fc.<\/p>\n\n\n\n<p class=\"wp-block-paragraph\">Tan\u0131k ifadelerinde ise Aslan&#8217;\u0131n olay gecesi Ak\u00e7ada\u011f il\u00e7esindeki K\u00fc\u00e7\u00fckk\u00fcrne Mahallesi&#8217;ne ara\u00e7la geldi\u011fi ve sabaha kar\u015f\u0131 b\u00f6lgeden ayr\u0131ld\u0131\u011f\u0131 y\u00f6n\u00fcnde bilgiler yer ald\u0131.<\/p>\n\n\n\n<h3 class=\"wp-block-heading\">BAKAN G\u00dcRLEK: C\u0130NAYETE KURBAN G\u0130TT\u0130\u011e\u0130 ORTAYA \u00c7IKARILDI<\/h3>\n\n\n\n<p class=\"wp-block-paragraph\">Adalet Bakan\u0131 Ak\u0131n G\u00fcrlek, soru\u015fturma kapsam\u0131nda ula\u015f\u0131lan deliller do\u011frultusunda Aysel Y\u0131ld\u0131r\u0131m&#8217;\u0131n cinayete kurban gitti\u011finin ortaya \u00e7\u0131kar\u0131ld\u0131\u011f\u0131n\u0131 belirterek \u015fu ifadeleri kulland\u0131:<\/p>\n\n\n\n<p class=\"wp-block-paragraph\">&#8220;Malatya&#8217;da 19 Mart&#8217;tan bu yana sa\u011f salim bulunmas\u0131n\u0131 bekledi\u011fimiz Aysel Y\u0131ld\u0131r\u0131m evlad\u0131m\u0131zdan maalesef ac\u0131 bir haber ald\u0131k. Y\u00fcr\u00fct\u00fclen titiz soru\u015fturma neticesinde, k\u0131z\u0131m\u0131z\u0131n bir cinayete kurban gitti\u011fi ortaya \u00e7\u0131kar\u0131lm\u0131\u015ft\u0131r.&#8221;<\/p>\n\n\n\n<figure class=\"wp-block-image\"><img decoding=\"async\" src=\"https:\/\/foto.sondakika.com\/haber\/2026\/06\/21\/19-marttan-beri-araniyordu-ays-19972210-5503_1_m.jpg\" alt=\"94 g\u00fcnd\u00fcr aranan Aysel Y\u0131ld\u0131r\u0131m'dan kahreden haber! \"\/><\/figure>\n\n\n\n<h3 class=\"wp-block-heading\">4 \u015e\u00dcPHEL\u0130 G\u00d6ZALTINDA, CENAZE ARANIYOR<\/h3>\n\n\n\n<p class=\"wp-block-paragraph\">Soru\u015fturma kapsam\u0131nda Aykut Aslan&#8217;\u0131n yan\u0131 s\u0131ra Derya Ak\u00e7aba, Olga \u00d6\u011f\u00fct ve Onur \u0130lhan g\u00f6zalt\u0131na al\u0131nd\u0131. Serap Alag\u00f6z&#8217;\u00fcn yakalanmas\u0131na y\u00f6nelik \u00e7al\u0131\u015fmalar\u0131n s\u00fcrd\u00fc\u011f\u00fc \u00f6\u011frenildi.<\/p>\n\n\n\n<p class=\"wp-block-paragraph\"><img decoding=\"async\" alt=\"Aykut Aslan'\u0131n k\u0131z arkada\u015f\u0131 Derya Ak\u00e7aba'n\u0131n Aslan'\u0131n adresinden \u00e7\u0131kt\u0131\u011f\u0131 anlar&nbsp;\" src=\"https:\/\/foto.sondakika.com\/haber\/2026\/06\/21\/19-marttan-beri-araniyordu-ays-19972210-2428_1_m.jpg\">Aykut Aslan&#8217;\u0131n k\u0131z arkada\u015f\u0131 Derya Ak\u00e7aba&#8217;n\u0131n Aslan&#8217;\u0131n adresinden \u00e7\u0131kt\u0131\u011f\u0131 anlar&nbsp;<\/p>\n\n\n\n<p class=\"wp-block-paragraph\">Ekipler, gen\u00e7 kad\u0131n\u0131n cenazesine ula\u015fabilmek i\u00e7in dere yataklar\u0131 ve g\u00f6m\u00fclm\u00fc\u015f olabilece\u011fi de\u011ferlendirilen b\u00f6lgelerde arama \u00e7al\u0131\u015fmalar\u0131n\u0131 s\u00fcrd\u00fcr\u00fcyor.<\/p>\n\n\n\n<p class=\"wp-block-paragraph\">Malatya Cumhuriyet Ba\u015fsavc\u0131l\u0131\u011f\u0131 taraf\u0131ndan y\u00fcr\u00fct\u00fclen soru\u015fturman\u0131n \u00e7ok y\u00f6nl\u00fc ve titizlikle devam etti\u011fi bildirildi.<\/p>\n","protected":false},"excerpt":{"rendered":"<p>Malatya&#8217;da 19 Mart&#8217;tan bu yana kay\u0131p olarak aranan Aysel Y\u0131ld\u0131r\u0131m&#8217;\u0131n cinayete kurban gitti\u011fi ortaya \u00e7\u0131kt\u0131.<\/p>\n","protected":false},"author":1,"featured_media":2861,"comment_status":"open","ping_status":"open","sticky":false,"template":"","format":"standard","meta":{"_rtcl_gb_attr":"","footnotes":""},"categories":[43],"tags":[],"class_list":["post-3418","post","type-post","status-publish","format-standard","has-post-thumbnail","hentry","category-son-dakika"],"_links":{"self":[{"href":"https:\/\/turkiyemhaber.com\/index.php?rest_route=\/wp\/v2\/posts\/3418","targetHints":{"allow":["GET"]}}],"collection":[{"href":"https:\/\/turkiyemhaber.com\/index.php?rest_route=\/wp\/v2\/posts"}],"about":[{"href":"https:\/\/turkiyemhaber.com\/index.php?rest_route=\/wp\/v2\/types\/post"}],"author":[{"embeddable":true,"href":"https:\/\/turkiyemhaber.com\/index.php?rest_route=\/wp\/v2\/users\/1"}],"replies":[{"embeddable":true,"href":"https:\/\/turkiyemhaber.com\/index.php?rest_route=%2Fwp%2Fv2%2Fcomments&post=3418"}],"version-history":[{"count":1,"href":"https:\/\/turkiyemhaber.com\/index.php?rest_route=\/wp\/v2\/posts\/3418\/revisions"}],"predecessor-version":[{"id":3419,"href":"https:\/\/turkiyemhaber.com\/index.php?rest_route=\/wp\/v2\/posts\/3418\/revisions\/3419"}],"wp:featuredmedia":[{"embeddable":true,"href":"https:\/\/turkiyemhaber.com\/index.php?rest_route=\/wp\/v2\/media\/2861"}],"wp:attachment":[{"href":"https:\/\/turkiyemhaber.com\/index.php?rest_route=%2Fwp%2Fv2%2Fmedia&parent=3418"}],"wp:term":[{"taxonomy":"category","embeddable":true,"href":"https:\/\/turkiyemhaber.com\/index.php?rest_route=%2Fwp%2Fv2%2Fcategories&post=3418"},{"taxonomy":"post_tag","embeddable":true,"href":"https:\/\/turkiyemhaber.com\/index.php?rest_route=%2Fwp%2Fv2%2Ftags&post=3418"}],"curies":[{"name":"wp","href":"https:\/\/api.w.org\/{rel}","templated":true}]}}