{"id":3412,"date":"2026-06-21T01:37:39","date_gmt":"2026-06-21T01:37:39","guid":{"rendered":"https:\/\/turkiyemhaber.com\/?p=3412"},"modified":"2026-06-21T01:37:42","modified_gmt":"2026-06-21T01:37:42","slug":"%f0%9f%94%b4-fethiyedeki-kanli-komsu-kavgasinin-guvenlik-kamerasi-goruntuleri-ortaya-cikti","status":"publish","type":"post","link":"https:\/\/turkiyemhaber.com\/?p=3412","title":{"rendered":"&#x1f534; Fethiye&#8217;deki kanl\u0131 kom\u015fu kavgas\u0131n\u0131n g\u00fcvenlik kameras\u0131 g\u00f6r\u00fcnt\u00fcleri ortaya \u00e7\u0131kt\u0131!"},"content":{"rendered":"\n<p class=\"wp-block-paragraph\">&#x1f4cd; Mu\u011fla&#8217;n\u0131n Fethiye il\u00e7esinde kom\u015fular aras\u0131nda \u00e7\u0131kan ve 1 ki\u015finin hayat\u0131n\u0131 kaybetti\u011fi, 2 ki\u015finin yaraland\u0131\u011f\u0131 silahl\u0131 sald\u0131r\u0131n\u0131n yeni g\u00f6r\u00fcnt\u00fcleri kamuoyuna yans\u0131d\u0131.<\/p>\n\n\n\n<figure class=\"wp-block-video\"><video height=\"1350\" style=\"aspect-ratio: 1080 \/ 1350;\" width=\"1080\" controls src=\"https:\/\/turkiyemhaber.com\/wp-content\/uploads\/2026\/06\/Siyah-Beyaz-ve-Kirmizi-Metin-Odakli-ve-Modern-6-Subat-Depremi-Bas-Sagligi-Instagram-Gonderisi-1-1.mp4\"><\/video><\/figure>\n\n\n\n<p class=\"wp-block-paragraph\">&#x25aa;&#xfe0f; Olay, 18 Haziran&#8217;da Eldirek Mahallesi&#8217;nde meydana geldi.<\/p>\n\n\n\n<p class=\"wp-block-paragraph\">&#x25aa;&#xfe0f; \u0130ddiaya g\u00f6re O.K. (62), kom\u015fular\u0131 Ramazan \u00c7al\u0131\u015fkan (42), e\u015fi E.\u00c7. (40) ve 13 ya\u015f\u0131ndaki k\u0131zlar\u0131 E.\u00c7.&#8217;ye av t\u00fcfe\u011fiyle ate\u015f a\u00e7t\u0131.<\/p>\n\n\n\n<p class=\"wp-block-paragraph\">&#x25aa;&#xfe0f; Sald\u0131r\u0131da a\u011f\u0131r yaralanan Ramazan \u00c7al\u0131\u015fkan, kald\u0131r\u0131ld\u0131\u011f\u0131 hastanede yap\u0131lan t\u00fcm m\u00fcdahalelere ra\u011fmen hayat\u0131n\u0131 kaybetti.<\/p>\n\n\n\n<p class=\"wp-block-paragraph\">&#x25aa;&#xfe0f; Yaralanan anne ve k\u0131z\u0131n\u0131n tedavilerinin s\u00fcrd\u00fc\u011f\u00fc \u00f6\u011frenildi.<\/p>\n\n\n\n<p class=\"wp-block-paragraph\">&#x25aa;&#xfe0f; Olay sonras\u0131 g\u00f6zalt\u0131na al\u0131nan \u015f\u00fcpheli O.K., \u00e7\u0131kar\u0131ld\u0131\u011f\u0131 mahkemece tutuklanarak cezaevine g\u00f6nderildi.<\/p>\n\n\n\n<p class=\"wp-block-paragraph\">&#x1f4f9; Ortaya \u00e7\u0131kan g\u00fcvenlik kameras\u0131 g\u00f6r\u00fcnt\u00fclerinde, k\u00fc\u00e7\u00fck k\u0131z\u0131n evin kap\u0131s\u0131n\u0131 kapatt\u0131\u011f\u0131 s\u0131rada \u015f\u00fcphelinin ba\u011f\u0131r\u0131p k\u00fcf\u00fcr etti\u011fi, ard\u0131ndan silahl\u0131 sald\u0131r\u0131n\u0131n ger\u00e7ekle\u015fti\u011fi anlar yer ald\u0131.<\/p>\n\n\n\n<p class=\"wp-block-paragraph\">&#x1f449; T\u00fcrkiye g\u00fcndeminden en g\u00fcncel haberler i\u00e7in;<\/p>\n\n\n\n<p class=\"wp-block-paragraph\">@gundem59__<br>@saray59haber_<br>@turkiyemhaber_tr<\/p>\n\n\n\n<p class=\"wp-block-paragraph\">hesaplar\u0131m\u0131z\u0131 takip etmeyi unutmay\u0131n!<\/p>\n\n\n\n<p class=\"wp-block-paragraph\">&#x1f310; <a href=\"http:\/\/www.turkiyemhaber.com\">www.turkiyemhaber.com<\/a><\/p>\n\n\n\n<p class=\"wp-block-paragraph\">#Fethiye #Mu\u011fla #SonDakika #Asayi\u015f #T\u00fcrkiye #G\u00fcndem #Haber #MNRMEDYA #G\u00fcndem59 #G\u00fcndem44 #Saray59 #TurkiyemHaber #TurkiyemHaberTV #Ke\u015ffet<\/p>\n","protected":false},"excerpt":{"rendered":"<p>&#x1f4cd; Mu\u011fla&#8217;n\u0131n Fethiye il\u00e7esinde kom\u015fular aras\u0131nda \u00e7\u0131kan ve 1 ki\u015finin hayat\u0131n\u0131 kaybetti\u011fi, 2 ki\u015finin yaraland\u0131\u011f\u0131<\/p>\n","protected":false},"author":1,"featured_media":3410,"comment_status":"open","ping_status":"open","sticky":false,"template":"","format":"standard","meta":{"_rtcl_gb_attr":"","footnotes":""},"categories":[1],"tags":[],"class_list":["post-3412","post","type-post","status-publish","format-standard","has-post-thumbnail","hentry","category-http-turkiyemhaber-com-wp-content-uploads-2026-03-saray-59-haber-13-mart-pdf"],"_links":{"self":[{"href":"https:\/\/turkiyemhaber.com\/index.php?rest_route=\/wp\/v2\/posts\/3412","targetHints":{"allow":["GET"]}}],"collection":[{"href":"https:\/\/turkiyemhaber.com\/index.php?rest_route=\/wp\/v2\/posts"}],"about":[{"href":"https:\/\/turkiyemhaber.com\/index.php?rest_route=\/wp\/v2\/types\/post"}],"author":[{"embeddable":true,"href":"https:\/\/turkiyemhaber.com\/index.php?rest_route=\/wp\/v2\/users\/1"}],"replies":[{"embeddable":true,"href":"https:\/\/turkiyemhaber.com\/index.php?rest_route=%2Fwp%2Fv2%2Fcomments&post=3412"}],"version-history":[{"count":1,"href":"https:\/\/turkiyemhaber.com\/index.php?rest_route=\/wp\/v2\/posts\/3412\/revisions"}],"predecessor-version":[{"id":3414,"href":"https:\/\/turkiyemhaber.com\/index.php?rest_route=\/wp\/v2\/posts\/3412\/revisions\/3414"}],"wp:featuredmedia":[{"embeddable":true,"href":"https:\/\/turkiyemhaber.com\/index.php?rest_route=\/wp\/v2\/media\/3410"}],"wp:attachment":[{"href":"https:\/\/turkiyemhaber.com\/index.php?rest_route=%2Fwp%2Fv2%2Fmedia&parent=3412"}],"wp:term":[{"taxonomy":"category","embeddable":true,"href":"https:\/\/turkiyemhaber.com\/index.php?rest_route=%2Fwp%2Fv2%2Fcategories&post=3412"},{"taxonomy":"post_tag","embeddable":true,"href":"https:\/\/turkiyemhaber.com\/index.php?rest_route=%2Fwp%2Fv2%2Ftags&post=3412"}],"curies":[{"name":"wp","href":"https:\/\/api.w.org\/{rel}","templated":true}]}}