{"id":3409,"date":"2026-06-20T22:33:22","date_gmt":"2026-06-20T22:33:22","guid":{"rendered":"https:\/\/turkiyemhaber.com\/?p=3409"},"modified":"2026-06-20T22:33:25","modified_gmt":"2026-06-20T22:33:25","slug":"kapi-gicirtisi-nedeniyle-komsusunu-cocuklarin-gozu-onunde-katletti","status":"publish","type":"post","link":"https:\/\/turkiyemhaber.com\/?p=3409","title":{"rendered":"Kap\u0131 g\u0131c\u0131rt\u0131s\u0131&#8217; nedeniyle kom\u015fusunu \u00e7ocuklar\u0131n g\u00f6z\u00fc \u00f6n\u00fcnde katletti"},"content":{"rendered":"\n<p class=\"wp-block-paragraph\">Mu\u011fla&#8217;n\u0131n Fethiye il\u00e7esinde, Ramazan \u00c7al\u0131\u015fkan&#8217;\u0131n bah\u00e7e kap\u0131s\u0131ndan \u00e7\u0131kan ses nedeniyle tart\u0131\u015ft\u0131\u011f\u0131 kom\u015fusu Osman K\u00fc\u00e7\u00fckg\u00fczel taraf\u0131ndan av t\u00fcfe\u011fiyle \u00f6ld\u00fcr\u00fcld\u00fc\u011f\u00fc olay\u0131n g\u00fcvenlik kameras\u0131 g\u00f6r\u00fcnt\u00fcleri ortaya \u00e7\u0131kt\u0131. G\u00f6r\u00fcnt\u00fclerde sald\u0131r\u0131 an\u0131 ve \u00e7ocuklar\u0131n panikle ka\u00e7t\u0131\u011f\u0131 anlar yer ald\u0131.<\/p>\n\n\n\n<p class=\"wp-block-paragraph\"><a href=\"https:\/\/www.sondakika.com\/mugla\/\">Mu\u011fla<\/a>&#8216;n\u0131n&nbsp;<a href=\"https:\/\/www.sondakika.com\/fethiye\/\">Fethiye<\/a>&nbsp;il\u00e7esinde meydana gelen bah\u00e7e kap\u0131s\u0131 cinayetinde g\u00fcvenlik kameras\u0131 g\u00f6r\u00fcnt\u00fcleri ortaya \u00e7\u0131kt\u0131.<\/p>\n\n\n\n<h3 class=\"wp-block-heading\">KAPI GICIRTISI NEDEN\u0130YLE KOM\u015eU A\u0130LEYE ATE\u015e A\u00c7TI<\/h3>\n\n\n\n<p class=\"wp-block-paragraph\">Olay, d\u00fcn saat 18.00 s\u0131ralar\u0131nda Eldirek Mahallesi\u2019nde meydana geldi. \u0130ddiaya g\u00f6re; Ramazan \u00c7al\u0131\u015fkan&#8217;\u0131n oturdu\u011fu evin demir bah\u00e7e kap\u0131s\u0131ndan \u00e7\u0131kan ses nedeniyle kom\u015fusu Osman K\u00fc\u00e7\u00fckg\u00fczel ile tart\u0131\u015ft\u0131. \u0130kili aras\u0131nda \u00e7\u0131kan tart\u0131\u015fma k\u0131sa s\u00fcrede kavgaya d\u00f6n\u00fc\u015ft\u00fc. K\u00fc\u00e7\u00fckg\u00fczel, av t\u00fcfe\u011fiyle evinin \u00f6n\u00fcne gitti\u011fi Ramazan \u00c7al\u0131\u015fkan&#8217;a ve yan\u0131ndaki e\u015fi Emine \u00c7al\u0131\u015fkan (40) ile \u00e7ocuklar\u0131na ate\u015f etti. \u00c7al\u0131\u015fkan ile e\u015fi kanlar i\u00e7inde yerde kald\u0131.<\/p>\n\n\n\n<figure class=\"wp-block-image\"><img decoding=\"async\" src=\"https:\/\/foto.sondakika.com\/haber\/2026\/06\/20\/kapi-gicirtisi-cinayetinde-guv-19971222-2804_1_m.jpg\" alt=\"'Kap\u0131 g\u0131c\u0131rt\u0131s\u0131' nedeniyle kom\u015fusunu \u00e7ocuklar\u0131n g\u00f6z\u00fc \u00f6n\u00fcnde katletti\"\/><\/figure>\n\n\n\n<h3 class=\"wp-block-heading\">BABA HAYATINI KAYBETT\u0130, ANNE VE KIZI YARALI<\/h3>\n\n\n\n<p class=\"wp-block-paragraph\">\u0130hbar \u00fczerine b\u00f6lgeye sa\u011fl\u0131k ve jandarma ekipleri sevk edildi. Sa\u011fl\u0131k ekiplerince yap\u0131lan kontrolde Ramazan \u00c7al\u0131\u015fkan&#8217;\u0131n hayat\u0131n\u0131 kaybetti\u011fi belirlendi. Sa\u00e7malar\u0131n isabet etti\u011fi Emine \u00c7al\u0131\u015fkan ile k\u0131z\u0131 E.\u00c7. (13) ilk m\u00fcdahalelerin ard\u0131ndan ambulansla hastaneye kald\u0131r\u0131ld\u0131.<\/p>\n\n\n\n<h3 class=\"wp-block-heading\">KEND\u0130 EV\u0130NE SAKLANDI<\/h3>\n\n\n\n<p class=\"wp-block-paragraph\">Olay\u0131n ard\u0131ndan kendi evine giderek sakland\u0131\u011f\u0131 belirlenen K\u00fc\u00e7\u00fckg\u00fczel, jandarma ekiplerine teslim oldu. K\u00fc\u00e7\u00fckg\u00fczel i\u015flemlerinin ard\u0131ndan sevk edildi\u011fi adliyede \u00e7\u0131kar\u0131ld\u0131\u011f\u0131 mahkemece tutukland\u0131. Emine \u00c7al\u0131\u015fkan&#8217;\u0131n sa\u011fl\u0131k durumunun ciddiyetini korudu\u011fu, k\u0131z\u0131 E.\u00c7.&#8217;nin ise tedavisinin s\u00fcrd\u00fc\u011f\u00fc bildirildi.<\/p>\n\n\n\n<figure class=\"wp-block-image\"><img decoding=\"async\" src=\"https:\/\/foto.sondakika.com\/haber\/2026\/06\/20\/kapi-gicirtisi-cinayetinde-guv-19971222-5188_1_m.jpg\" alt=\"'Kap\u0131 g\u0131c\u0131rt\u0131s\u0131' nedeniyle kom\u015fusunu \u00e7ocuklar\u0131n g\u00f6z\u00fc \u00f6n\u00fcnde katletti\"\/><\/figure>\n\n\n\n<h3 class=\"wp-block-heading\">KAMERA G\u00d6R\u00dcNT\u00dcLER\u0130 ORTAYA \u00c7IKTI<\/h3>\n\n\n\n<p class=\"wp-block-paragraph\">Olaya ili\u015fkin g\u00fcvenlik kameras\u0131 g\u00f6r\u00fcnt\u00fcleri ortaya \u00e7\u0131kt\u0131. G\u00f6r\u00fcnt\u00fclerde; \u00c7al\u0131\u015fkan ve e\u015finin bah\u00e7e kap\u0131s\u0131 \u00f6n\u00fcnde bulunduklar\u0131 s\u0131rada silah sesinin duyuldu\u011fu, ard\u0131ndan \u00c7al\u0131\u015fkan \u00e7iftinin yere y\u0131\u011f\u0131ld\u0131\u011f\u0131 anlar yer ald\u0131. Ayr\u0131ca g\u00f6r\u00fcnt\u00fclerde, olay s\u0131ras\u0131nda \u00e7ocuklar\u0131n panik i\u00e7inde eve do\u011fru ka\u00e7arken \u00e7\u0131\u011fl\u0131klar\u0131 duyuluyor.&nbsp;<\/p>\n","protected":false},"excerpt":{"rendered":"<p>Mu\u011fla&#8217;n\u0131n Fethiye il\u00e7esinde, Ramazan \u00c7al\u0131\u015fkan&#8217;\u0131n bah\u00e7e kap\u0131s\u0131ndan \u00e7\u0131kan ses nedeniyle tart\u0131\u015ft\u0131\u011f\u0131 kom\u015fusu Osman K\u00fc\u00e7\u00fckg\u00fczel taraf\u0131ndan<\/p>\n","protected":false},"author":1,"featured_media":3410,"comment_status":"open","ping_status":"open","sticky":false,"template":"","format":"standard","meta":{"_rtcl_gb_attr":"","footnotes":""},"categories":[1],"tags":[],"class_list":["post-3409","post","type-post","status-publish","format-standard","has-post-thumbnail","hentry","category-http-turkiyemhaber-com-wp-content-uploads-2026-03-saray-59-haber-13-mart-pdf"],"_links":{"self":[{"href":"https:\/\/turkiyemhaber.com\/index.php?rest_route=\/wp\/v2\/posts\/3409","targetHints":{"allow":["GET"]}}],"collection":[{"href":"https:\/\/turkiyemhaber.com\/index.php?rest_route=\/wp\/v2\/posts"}],"about":[{"href":"https:\/\/turkiyemhaber.com\/index.php?rest_route=\/wp\/v2\/types\/post"}],"author":[{"embeddable":true,"href":"https:\/\/turkiyemhaber.com\/index.php?rest_route=\/wp\/v2\/users\/1"}],"replies":[{"embeddable":true,"href":"https:\/\/turkiyemhaber.com\/index.php?rest_route=%2Fwp%2Fv2%2Fcomments&post=3409"}],"version-history":[{"count":1,"href":"https:\/\/turkiyemhaber.com\/index.php?rest_route=\/wp\/v2\/posts\/3409\/revisions"}],"predecessor-version":[{"id":3411,"href":"https:\/\/turkiyemhaber.com\/index.php?rest_route=\/wp\/v2\/posts\/3409\/revisions\/3411"}],"wp:featuredmedia":[{"embeddable":true,"href":"https:\/\/turkiyemhaber.com\/index.php?rest_route=\/wp\/v2\/media\/3410"}],"wp:attachment":[{"href":"https:\/\/turkiyemhaber.com\/index.php?rest_route=%2Fwp%2Fv2%2Fmedia&parent=3409"}],"wp:term":[{"taxonomy":"category","embeddable":true,"href":"https:\/\/turkiyemhaber.com\/index.php?rest_route=%2Fwp%2Fv2%2Fcategories&post=3409"},{"taxonomy":"post_tag","embeddable":true,"href":"https:\/\/turkiyemhaber.com\/index.php?rest_route=%2Fwp%2Fv2%2Ftags&post=3409"}],"curies":[{"name":"wp","href":"https:\/\/api.w.org\/{rel}","templated":true}]}}