{"id":3406,"date":"2026-06-20T22:17:11","date_gmt":"2026-06-20T22:17:11","guid":{"rendered":"https:\/\/turkiyemhaber.com\/?p=3406"},"modified":"2026-06-20T22:17:15","modified_gmt":"2026-06-20T22:17:15","slug":"ispartada-kontrolden-cikan-tur-minibusu-sarampole-yuvarlandi-5-olu-25-yarali","status":"publish","type":"post","link":"https:\/\/turkiyemhaber.com\/?p=3406","title":{"rendered":"Isparta\u2019da kontrolden \u00e7\u0131kan tur minib\u00fcs\u00fc \u015farampole yuvarland\u0131: 5 \u00f6l\u00fc, 25 yaral\u0131"},"content":{"rendered":"\n<p class=\"wp-block-paragraph\">Isparta&#8217;n\u0131n Gelendost il\u00e7esinde kontrolden \u00e7\u0131kan tur minib\u00fcs\u00fcn\u00fcn \u015farampole yuvarlanmas\u0131 sonucu meydana gelen kazada ilk belirlemelere g\u00f6re 5 ki\u015fi hayat\u0131n\u0131 kaybetti, 4\u2019\u00fc a\u011f\u0131r 25 ki\u015fi yaraland\u0131. \u00d6te yandan kazaya kar\u0131\u015fan midib\u00fcste bulunan yolcular\u0131n tamam\u0131n\u0131n kad\u0131n oldu\u011fu bildirildi.<\/p>\n\n\n\n<p class=\"wp-block-paragraph\"><a href=\"https:\/\/www.sondakika.com\/isparta\/\">Isparta<\/a>&#8216;da korkun\u00e7 bir kaza meydana geldi.&nbsp;<\/p>\n\n\n\n<h3 class=\"wp-block-heading\">TUR M\u0130N\u0130B\u00dcS\u00dc \u015eARAMPOLE YUVARLANDI<\/h3>\n\n\n\n<p class=\"wp-block-paragraph\"><a href=\"https:\/\/www.sondakika.com\/gelendost\/\">Gelendost<\/a>&nbsp;il\u00e7esine ba\u011fl\u0131 Ba\u011f\u0131ll\u0131 k\u00f6y\u00fcne gezi amac\u0131yla gelen, tur program\u0131n\u0131n ard\u0131ndan da d\u00f6n\u00fc\u015fe ge\u00e7en ve s\u00fcr\u00fcc\u00fcs\u00fcn\u00fcn ismi hen\u00fcz belirlenemeyen minib\u00fcs, k\u00f6y \u00e7\u0131k\u0131\u015f\u0131nda etkili olan ya\u011f\u0131\u015f nedeniyle kontrolden \u00e7\u0131karak \u015farampole yuvarland\u0131.<\/p>\n\n\n\n<h3 class=\"wp-block-heading\">4 \u00d6L\u00dc, 5\u2019\u0130 A\u011eIR 26 YARALI<\/h3>\n\n\n\n<p class=\"wp-block-paragraph\">Kazan\u0131n ard\u0131ndan b\u00f6lgeye \u00e7ok say\u0131da sa\u011fl\u0131k, jandarma, itfaiye ve AFAD ekibi sevk edildi. \u0130lk belirlemelere g\u00f6re kazada 4 ki\u015fi ya\u015fam\u0131n\u0131 yitirirken, 5\u2019i a\u011f\u0131r olmak \u00fczere toplam 26 ki\u015fi yaraland\u0131. Yaral\u0131lar, olay yerindeki ilk m\u00fcdahalelerinin ard\u0131ndan ambulanslarla \u00e7evredeki hastanelere kald\u0131r\u0131larak tedavi alt\u0131na al\u0131nd\u0131.<\/p>\n\n\n\n<figure class=\"wp-block-image\"><img decoding=\"async\" src=\"https:\/\/foto.sondakika.com\/haber\/2026\/06\/20\/ispartada-kontrolden-cikan-tur-19971487-2951_1_m.jpg\" alt=\"Isparta\u2019da kontrolden \u00e7\u0131kan tur minib\u00fcs\u00fc \u015farampole yuvarland\u0131: 5 \u00f6l\u00fc, 25 yaral\u0131\"\/><\/figure>\n\n\n\n<h3 class=\"wp-block-heading\">VAL\u0130L\u0130KTEN A\u00c7IKLAMA<\/h3>\n\n\n\n<p class=\"wp-block-paragraph\">Isparta Valili\u011finden kaza ile ilgili yap\u0131lan a\u00e7\u0131klamada, \u201c20 Haziran 2026 Cumartesi g\u00fcn\u00fc saat 18.50 s\u0131ralar\u0131nda, Gelendost il\u00e7emize ba\u011fl\u0131 Ba\u011f\u0131ll\u0131 K\u00f6y\u00fc m\u00fclki s\u0131n\u0131rlar\u0131 i\u00e7erisinde, Isparta-Konya D330 Karayolu \u00fczerinde seyir halinde bulunan bir midib\u00fcs\u00fcn s\u00fcr\u00fcc\u00fcs\u00fcn\u00fcn direksiyon h\u00e2kimiyetini kaybetmesi sonucu arac\u0131n yol kenar\u0131ndaki bah\u00e7eye devrilmesi neticesinde trafik kazas\u0131 meydana gelmi\u015ftir. Kazada ara\u00e7ta bulunan toplam 30 yolcudan 4 vatanda\u015f\u0131m\u0131z olay yerinde hayat\u0131n\u0131 kaybetmi\u015f, 5\u2019i a\u011f\u0131r olmak \u00fczere 26 vatanda\u015f\u0131m\u0131z ise yaralanm\u0131\u015ft\u0131r. Yaral\u0131lar\u0131m\u0131z; Gelendost, Yalva\u00e7 ve E\u011firdir il\u00e7elerimizdeki hastanelere sev edilerek tedavi alt\u0131na al\u0131nm\u0131\u015ft\u0131r.&nbsp;Kaza ihbar\u0131n\u0131n al\u0131nmas\u0131n\u0131n ard\u0131ndan sa\u011fl\u0131k, jandarma, polis, AFAD ve itfaiye ekiplerimiz s\u00fcratle olay yerine intikal etmi\u015f, gerekli m\u00fcdahaleler ivedilikle ger\u00e7ekle\u015ftirilmi\u015ftir. Hayat\u0131n\u0131 kaybeden vatanda\u015flar\u0131m\u0131za Allah\u2019tan rahmet, ailelerine ve yak\u0131nlar\u0131na sab\u0131r ve ba\u015fsa\u011fl\u0131\u011f\u0131 diliyor; yaral\u0131 vatanda\u015flar\u0131m\u0131za acil \u015fifalar temenni ediyoruz.\u201d denildi.<\/p>\n\n\n\n<figure class=\"wp-block-image\"><img decoding=\"async\" src=\"https:\/\/foto.sondakika.com\/haber\/2026\/06\/20\/ispartada-kontrolden-cikan-tur-19971487-6817_1_m.jpg\" alt=\"Isparta\u2019da kontrolden \u00e7\u0131kan tur minib\u00fcs\u00fc \u015farampole yuvarland\u0131: 5 \u00f6l\u00fc, 25 yaral\u0131\"\/><\/figure>\n\n\n\n<h3 class=\"wp-block-heading\">A\u011eIR YARALILARDAN B\u0130R\u0130 KURTARILAMADI<\/h3>\n\n\n\n<p class=\"wp-block-paragraph\">Hastanede tedavi alt\u0131na al\u0131nan a\u011f\u0131r yaral\u0131lardan birinin yap\u0131lan t\u00fcm m\u00fcdahalelere ra\u011fmen hayat\u0131n\u0131 kaybetmesiyle \u00f6l\u00fc say\u0131s\u0131 5\u2019e y\u00fckseldi. Yaral\u0131lardan 4\u2019\u00fcn\u00fcn hayati tehlikesinin bulundu\u011fu \u00f6\u011frenildi.<\/p>\n\n\n\n<figure class=\"wp-block-image\"><img decoding=\"async\" src=\"https:\/\/foto.sondakika.com\/haber\/2026\/06\/20\/ispartada-kontrolden-cikan-tur-19971487-9473_1_m.jpg\" alt=\"Isparta\u2019da kontrolden \u00e7\u0131kan tur minib\u00fcs\u00fc \u015farampole yuvarland\u0131: 5 \u00f6l\u00fc, 25 yaral\u0131\"\/><\/figure>\n\n\n\n<h3 class=\"wp-block-heading\">M\u0130D\u0130B\u00dcSTEK\u0130 YOLCULARIN TAMAMI KADIN&nbsp;<\/h3>\n\n\n\n<p class=\"wp-block-paragraph\">\u00d6te yandan kazaya kar\u0131\u015fan midib\u00fcste bulunan yolcular\u0131n tamam\u0131n\u0131n kad\u0131n oldu\u011fu bildirildi. Hayat\u0131n\u0131 kaybeden ve yaralanan ki\u015filerin kimlik tespit \u00e7al\u0131\u015fmalar\u0131n\u0131n s\u00fcrd\u00fc\u011f\u00fc \u00f6\u011frenilirken, olayla ilgili geni\u015f \u00e7apl\u0131 adli soru\u015fturma ba\u015flat\u0131ld\u0131.<\/p>\n","protected":false},"excerpt":{"rendered":"<p>Isparta&#8217;n\u0131n Gelendost il\u00e7esinde kontrolden \u00e7\u0131kan tur minib\u00fcs\u00fcn\u00fcn \u015farampole yuvarlanmas\u0131 sonucu meydana gelen kazada ilk belirlemelere<\/p>\n","protected":false},"author":1,"featured_media":3407,"comment_status":"open","ping_status":"open","sticky":false,"template":"","format":"standard","meta":{"_rtcl_gb_attr":"","footnotes":""},"categories":[1],"tags":[],"class_list":["post-3406","post","type-post","status-publish","format-standard","has-post-thumbnail","hentry","category-http-turkiyemhaber-com-wp-content-uploads-2026-03-saray-59-haber-13-mart-pdf"],"_links":{"self":[{"href":"https:\/\/turkiyemhaber.com\/index.php?rest_route=\/wp\/v2\/posts\/3406","targetHints":{"allow":["GET"]}}],"collection":[{"href":"https:\/\/turkiyemhaber.com\/index.php?rest_route=\/wp\/v2\/posts"}],"about":[{"href":"https:\/\/turkiyemhaber.com\/index.php?rest_route=\/wp\/v2\/types\/post"}],"author":[{"embeddable":true,"href":"https:\/\/turkiyemhaber.com\/index.php?rest_route=\/wp\/v2\/users\/1"}],"replies":[{"embeddable":true,"href":"https:\/\/turkiyemhaber.com\/index.php?rest_route=%2Fwp%2Fv2%2Fcomments&post=3406"}],"version-history":[{"count":1,"href":"https:\/\/turkiyemhaber.com\/index.php?rest_route=\/wp\/v2\/posts\/3406\/revisions"}],"predecessor-version":[{"id":3408,"href":"https:\/\/turkiyemhaber.com\/index.php?rest_route=\/wp\/v2\/posts\/3406\/revisions\/3408"}],"wp:featuredmedia":[{"embeddable":true,"href":"https:\/\/turkiyemhaber.com\/index.php?rest_route=\/wp\/v2\/media\/3407"}],"wp:attachment":[{"href":"https:\/\/turkiyemhaber.com\/index.php?rest_route=%2Fwp%2Fv2%2Fmedia&parent=3406"}],"wp:term":[{"taxonomy":"category","embeddable":true,"href":"https:\/\/turkiyemhaber.com\/index.php?rest_route=%2Fwp%2Fv2%2Fcategories&post=3406"},{"taxonomy":"post_tag","embeddable":true,"href":"https:\/\/turkiyemhaber.com\/index.php?rest_route=%2Fwp%2Fv2%2Ftags&post=3406"}],"curies":[{"name":"wp","href":"https:\/\/api.w.org\/{rel}","templated":true}]}}