{"id":3403,"date":"2026-06-20T12:30:09","date_gmt":"2026-06-20T12:30:09","guid":{"rendered":"https:\/\/turkiyemhaber.com\/?p=3403"},"modified":"2026-06-20T12:30:13","modified_gmt":"2026-06-20T12:30:13","slug":"muhsin-yazicioglunun-yol-arkadasi-cemal-egin-yayinda-ihbarda-bulundu","status":"publish","type":"post","link":"https:\/\/turkiyemhaber.com\/?p=3403","title":{"rendered":"Muhsin Yaz\u0131c\u0131o\u011flu&#8217;nun yol arkada\u015f\u0131 Cemal E\u011fin, yay\u0131nda ihbarda bulundu"},"content":{"rendered":"\n<p class=\"wp-block-paragraph\">Muhsin Yaz\u0131c\u0131o\u011flu\u2019nun y\u0131llard\u0131r tart\u0131\u015f\u0131lan s\u0131r \u00f6l\u00fcm\u00fcyle ilgili dosyada yeni s\u00fcre\u00e7 ba\u015flarken, yak\u0131n yol arkada\u015f\u0131 Cemal E\u011fin dikkat \u00e7eken a\u00e7\u0131klamalarda bulundu. Haberler.com st\u00fcdyosundan \u0130\u00e7i\u015fleri ve Adalet Bakanl\u0131klar\u0131na seslenen E\u011fin, \u201c\u0130hbarda bulunuyorum\u201d diyerek helikopter kazas\u0131n\u0131n ard\u0131ndan iki telefonun da \u00e7almas\u0131na ra\u011fmen enkaz\u0131n neden 47 saat bulunamad\u0131\u011f\u0131n\u0131n ara\u015ft\u0131r\u0131lmas\u0131n\u0131 istedi.<\/p>\n\n\n\n<p class=\"wp-block-paragraph\">B\u00fcy\u00fck Birlik Partisi&#8217;nin (BBP) kurucu Genel Ba\u015fkan\u0131&nbsp;<a href=\"https:\/\/www.sondakika.com\/muhsin-yazicioglu\/\">Muhsin Yaz\u0131c\u0131o\u011flu<\/a>&#8216;nun 2009 y\u0131l\u0131nda hayat\u0131n\u0131 kaybetti\u011fi helikopter kazas\u0131, aradan ge\u00e7en y\u0131llara ra\u011fmen T\u00fcrkiye&#8217;nin en \u00e7ok tart\u0131\u015f\u0131lan dosyalar\u0131 aras\u0131nda yer almay\u0131 s\u00fcrd\u00fcr\u00fcyor. Dosya yeniden incelemeye al\u0131n\u0131rken Yaz\u0131c\u0131o\u011flu&#8217;nun yak\u0131n yol arkada\u015f\u0131 Cemal E\u011fin, Haberler.com&#8217;da Haber M\u00fcd\u00fcr\u00fc Olgun K\u0131z\u0131ltepe&#8217;nin konu\u011fu oldu.<\/p>\n\n\n\n<figure class=\"wp-block-image\"><img decoding=\"async\" src=\"https:\/\/foto.sondakika.com\/haber\/2026\/06\/20\/muhsin-yazicioglunun-yakin-ark-75778191-1879_1_m.jpg\" alt=\"Muhsin Yaz\u0131c\u0131o\u011flu'nun yol arkada\u015f\u0131 Cemal E\u011fin, yay\u0131nda ihbarda bulundu\"\/><\/figure>\n\n\n\n<h3 class=\"wp-block-heading\">&#8220;\u0130HBARDA BULUNUYORUM&#8221;<\/h3>\n\n\n\n<p class=\"wp-block-paragraph\">Cemal E\u011fin, Haberler.com st\u00fcdyosundan \u0130\u00e7i\u015fleri Bakanl\u0131\u011f\u0131, Adalet Bakanl\u0131\u011f\u0131 ve devlet yetkililerine seslenerek dikkat \u00e7eken bir \u00e7a\u011fr\u0131da bulundu.<\/p>\n\n\n\n<p class=\"wp-block-paragraph\">E\u011fin, &#8220;Buradan \u0130\u00e7i\u015fleri Bakanl\u0131\u011f\u0131m\u0131za ve Adalet Bakanl\u0131\u011f\u0131m\u0131za ve devletimizin t\u00fcm yetkililerine ihbarda bulunuyorum. Muhsin ba\u015fkan\u0131n helikopteri d\u00fc\u015f\u00fcr\u00fcld\u00fc\u011f\u00fcnde ben, bende kay\u0131tl\u0131 olan iki tane cep telefonu numaras\u0131n\u0131 arad\u0131m. \u0130ki numara da \u00e7al\u0131yordu. Kapsama alan\u0131 d\u0131\u015f\u0131nda de\u011fildi. Neden 47 saat bulunamad\u0131? Bunun ara\u015ft\u0131r\u0131lmas\u0131 laz\u0131m.&#8221; dedi.<\/p>\n\n\n\n<p class=\"wp-block-paragraph\">E\u011fin, helikopter kazas\u0131n\u0131n ard\u0131ndan y\u00fcr\u00fct\u00fclen arama kurtarma \u00e7al\u0131\u015fmalar\u0131na ili\u015fkin y\u0131llard\u0131r yan\u0131t bekleyen sorular bulundu\u011funu s\u00f6yledi. Telefonlar\u0131n kapsama alan\u0131 d\u0131\u015f\u0131nda olmad\u0131\u011f\u0131n\u0131 belirten E\u011fin, buna ra\u011fmen enkaza neden uzun s\u00fcre ula\u015f\u0131lamad\u0131\u011f\u0131n\u0131n a\u00e7\u0131kl\u0131\u011fa kavu\u015fturulmas\u0131 gerekti\u011fini ifade etti.<\/p>\n\n\n\n<h3 class=\"wp-block-heading\">DOSYA ANKARA&#8217;YA G\u00d6NDER\u0130LD\u0130<\/h3>\n\n\n\n<p class=\"wp-block-paragraph\">\u00d6te yandan; Muhsin Yaz\u0131c\u0131o\u011flu ve beraberindekilerin hayat\u0131n\u0131 kaybetti\u011fi kazaya ili\u015fkin Kahramanmara\u015f Cumhuriyet Ba\u015fsavc\u0131l\u0131\u011f\u0131 taraf\u0131ndan y\u00fcr\u00fct\u00fclen soru\u015fturma, yetkisizlik karar\u0131yla Ankara Cumhuriyet Ba\u015fsavc\u0131l\u0131\u011f\u0131&#8217;na g\u00f6nderildi.<\/p>\n\n\n\n<figure class=\"wp-block-image\"><img decoding=\"async\" src=\"https:\/\/foto.sondakika.com\/haber\/2026\/06\/20\/muhsin-yazicioglunun-yakin-ark-86442614-7991_1_m.jpg\" alt=\"Muhsin Yaz\u0131c\u0131o\u011flu'nun yol arkada\u015f\u0131 Cemal E\u011fin, yay\u0131nda ihbarda bulundu\"\/><\/figure>\n\n\n\n<p class=\"wp-block-paragraph\">Yetkisizlik karar\u0131n\u0131n kesinle\u015fmesinin ard\u0131ndan dosyada bug\u00fcne kadar toplanan t\u00fcm resmi belgeler, \u015f\u00fcpheli ve tan\u0131k ifadeleri, bilirki\u015fi raporlar\u0131 ve deliller Ankara&#8217;ya ula\u015ft\u0131r\u0131lacak. Ankara Cumhuriyet Ba\u015fsavc\u0131l\u0131\u011f\u0131, dosyadaki mevcut soru\u015fturma evraklar\u0131n\u0131 inceleyerek bundan sonraki adli s\u00fcreci belirleyecek.<\/p>\n\n\n\n<h3 class=\"wp-block-heading\">2009 YILINDAK\u0130 KAZADA 6 K\u0130\u015e\u0130 HAYATINI KAYBETM\u0130\u015eT\u0130<\/h3>\n\n\n\n<p class=\"wp-block-paragraph\">Muhsin Yaz\u0131c\u0131o\u011flu&#8217;nun hayat\u0131n\u0131 kaybetti\u011fi helikopter kazas\u0131, 25 Mart 2009 tarihinde Kahramanmara\u015f&#8217;\u0131n G\u00f6ksun il\u00e7esi yak\u0131nlar\u0131nda meydana gelmi\u015fti.<\/p>\n\n\n\n<figure class=\"wp-block-image\"><img decoding=\"async\" src=\"https:\/\/foto.sondakika.com\/haber\/2026\/06\/20\/muhsin-yazicioglunun-yakin-ark-24437207-2135_1_m.jpg\" alt=\"Muhsin Yaz\u0131c\u0131o\u011flu'nun yol arkada\u015f\u0131 Cemal E\u011fin, yay\u0131nda ihbarda bulundu\"\/><\/figure>\n\n\n\n<p class=\"wp-block-paragraph\">Kazada Yaz\u0131c\u0131o\u011flu&#8217;nun yan\u0131 s\u0131ra BBP Sivas \u0130l Ba\u015fkan\u0131 Erhan \u00dcst\u00fcnda\u011f, \u0130l Ba\u015fkan Yard\u0131mc\u0131s\u0131 Yavuz H\u0131zlan, Belediye Meclis \u00dcyesi Murat \u00c7etinkaya, gazeteci \u0130smail G\u00fcne\u015f ve pilot Kaya \u0130stektepe ya\u015fam\u0131n\u0131 yitirmi\u015fti.<\/p>\n\n\n\n<figure class=\"wp-block-image\"><img decoding=\"async\" src=\"https:\/\/foto.sondakika.com\/haber\/2026\/06\/20\/muhsin-yazicioglunun-yakin-ark-91275009-8466_1_m.jpg\" alt=\"Muhsin Yaz\u0131c\u0131o\u011flu'nun yol arkada\u015f\u0131 Cemal E\u011fin, yay\u0131nda ihbarda bulundu\"\/><\/figure>\n","protected":false},"excerpt":{"rendered":"<p>Muhsin Yaz\u0131c\u0131o\u011flu\u2019nun y\u0131llard\u0131r tart\u0131\u015f\u0131lan s\u0131r \u00f6l\u00fcm\u00fcyle ilgili dosyada yeni s\u00fcre\u00e7 ba\u015flarken, yak\u0131n yol arkada\u015f\u0131 Cemal<\/p>\n","protected":false},"author":1,"featured_media":3404,"comment_status":"open","ping_status":"open","sticky":false,"template":"","format":"standard","meta":{"_rtcl_gb_attr":"","footnotes":""},"categories":[1],"tags":[],"class_list":["post-3403","post","type-post","status-publish","format-standard","has-post-thumbnail","hentry","category-http-turkiyemhaber-com-wp-content-uploads-2026-03-saray-59-haber-13-mart-pdf"],"_links":{"self":[{"href":"https:\/\/turkiyemhaber.com\/index.php?rest_route=\/wp\/v2\/posts\/3403","targetHints":{"allow":["GET"]}}],"collection":[{"href":"https:\/\/turkiyemhaber.com\/index.php?rest_route=\/wp\/v2\/posts"}],"about":[{"href":"https:\/\/turkiyemhaber.com\/index.php?rest_route=\/wp\/v2\/types\/post"}],"author":[{"embeddable":true,"href":"https:\/\/turkiyemhaber.com\/index.php?rest_route=\/wp\/v2\/users\/1"}],"replies":[{"embeddable":true,"href":"https:\/\/turkiyemhaber.com\/index.php?rest_route=%2Fwp%2Fv2%2Fcomments&post=3403"}],"version-history":[{"count":1,"href":"https:\/\/turkiyemhaber.com\/index.php?rest_route=\/wp\/v2\/posts\/3403\/revisions"}],"predecessor-version":[{"id":3405,"href":"https:\/\/turkiyemhaber.com\/index.php?rest_route=\/wp\/v2\/posts\/3403\/revisions\/3405"}],"wp:featuredmedia":[{"embeddable":true,"href":"https:\/\/turkiyemhaber.com\/index.php?rest_route=\/wp\/v2\/media\/3404"}],"wp:attachment":[{"href":"https:\/\/turkiyemhaber.com\/index.php?rest_route=%2Fwp%2Fv2%2Fmedia&parent=3403"}],"wp:term":[{"taxonomy":"category","embeddable":true,"href":"https:\/\/turkiyemhaber.com\/index.php?rest_route=%2Fwp%2Fv2%2Fcategories&post=3403"},{"taxonomy":"post_tag","embeddable":true,"href":"https:\/\/turkiyemhaber.com\/index.php?rest_route=%2Fwp%2Fv2%2Ftags&post=3403"}],"curies":[{"name":"wp","href":"https:\/\/api.w.org\/{rel}","templated":true}]}}