{"id":3400,"date":"2026-06-20T12:26:05","date_gmt":"2026-06-20T12:26:05","guid":{"rendered":"https:\/\/turkiyemhaber.com\/?p=3400"},"modified":"2026-06-20T12:26:09","modified_gmt":"2026-06-20T12:26:09","slug":"iban-magdurlarina-cozumde-uzlasildi-hapis-cezasi-kalkabilir","status":"publish","type":"post","link":"https:\/\/turkiyemhaber.com\/?p=3400","title":{"rendered":"IBAN ma\u011fdurlar\u0131na \u00e7\u00f6z\u00fcmde uzla\u015f\u0131ld\u0131! Hapis cezas\u0131 kalkabilir"},"content":{"rendered":"\n<p class=\"wp-block-paragraph\">AK Parti&#8217;nin haz\u0131rlad\u0131\u011f\u0131 12. Yarg\u0131 Paketi&#8217;nde, IBAN&#8217;\u0131n\u0131 ba\u015fkalar\u0131na kulland\u0131rd\u0131\u011f\u0131 i\u00e7in hapis cezas\u0131yla kar\u015f\u0131 kar\u015f\u0131ya kalan binlerce ki\u015fiyi ilgilendiren dikkat \u00e7ekici bir d\u00fczenleme yer alabilir. Haberler.com&#8217;un eri\u015fti\u011fi yeni form\u00fcle g\u00f6re, doland\u0131r\u0131c\u0131l\u0131k su\u00e7una bilin\u00e7siz \u015fekilde dahil olan ve ma\u011fdurun zarar\u0131n\u0131 kar\u015f\u0131layan ki\u015filerin cezas\u0131nda indirim yap\u0131lmas\u0131n\u0131n, hatta baz\u0131 durumlarda hapse girmelerinin \u00f6n\u00fcne ge\u00e7ilmesinin yolu a\u00e7\u0131lacak.<\/p>\n\n\n\n<p class=\"wp-block-paragraph\">AK Parti\u2019nin pazartesi g\u00fcn\u00fc Meclis\u2019e sunmay\u0131 planlad\u0131\u011f\u0131 12.&nbsp;<a href=\"https:\/\/www.sondakika.com\/yargi\/\">Yarg\u0131<\/a>&nbsp;Paketi&#8217;nde yer almas\u0131 beklenen \u00f6nemli maddelerden birini, \u201cIBAN ma\u011fdurlar\u0131\u201d olarak bilinen, IBAN kiralamalar\u0131 nedeniyle ceza alan ki\u015fileri ilgilendiren d\u00fczenleme olu\u015fturuyor. AK Parti hukuk\u00e7ular\u0131, IBAN\u2019lar\u0131n\u0131 kulland\u0131rd\u0131klar\u0131 i\u00e7in hapis cezas\u0131 ile kar\u015f\u0131 kar\u015f\u0131ya kalanlar\u0131 cezadan kurtaracak form\u00fclde uzla\u015ft\u0131. Ancak s\u00f6z konusu d\u00fczenlemenin yarg\u0131 paketine girip girmeyece\u011finin son karar\u0131 verilmedi. Karar, paketin pazartesi g\u00fcn\u00fc Meclis Ba\u015fkanl\u0131\u011f\u0131\u2019na sunulmas\u0131ndan \u00f6nce netle\u015fecek.<\/p>\n\n\n\n<h3 class=\"wp-block-heading\">IBAN\u2019INI KULLANDIRANLAR CEZADAN KA\u00c7AMIYOR<\/h3>\n\n\n\n<p class=\"wp-block-paragraph\">Haberler.com Ankara Temsilcisi \u015eerife G\u00fczel&#8217;in haberine g\u00f6re; T\u00fcrk Ceza Kanunu\u2019nun (TCK) \u201cNitelikli doland\u0131r\u0131c\u0131l\u0131k\u201d h\u00fck\u00fcmlerini d\u00fczenleyen 158. Maddesi kapsam\u0131nda de\u011ferlendirilen ve \u201cIBAN ma\u011fdurlar\u0131\u201d olarak ifade edilen durum, bir ki\u015finin, banka hesab\u0131n\u0131 ba\u015fka ki\u015filerin kullan\u0131m\u0131na izin vermesiyle olu\u015fuyor. Genellikle doland\u0131r\u0131c\u0131lar\u0131n kulland\u0131\u011f\u0131 bu y\u00f6ntem sonucunda IBAN\u2019\u0131 kullan\u0131lan ki\u015fi hapis cezas\u0131yla ba\u015f ba\u015fa kal\u0131yor.<\/p>\n\n\n\n<h3 class=\"wp-block-heading\">EMN\u0130YET VE SAVCILIKLARDAN B\u0130LG\u0130 ALINDI<\/h3>\n\n\n\n<p class=\"wp-block-paragraph\">AK Parti kurmaylar\u0131, IBAN ma\u011fdurlar\u0131 olarak IBAN\u2019lar\u0131n\u0131 bilin\u00e7siz \u015fekilde ba\u015fka ki\u015filere kulland\u0131rd\u0131klar\u0131 i\u00e7in hapis cezas\u0131 alan ki\u015filerin olu\u015fturdu\u011fu ma\u011fdurlar\u0131n say\u0131s\u0131n\u0131n da olduk\u00e7a fazla olmas\u0131 nedeniyle bu konuda titiz bir \u00e7al\u0131\u015fma y\u00fcr\u00fctt\u00fc. Hukuk\u00e7u kurmaylar, doland\u0131r\u0131c\u0131l\u0131k faaliyetlerini y\u00fcr\u00fctenlerle, ger\u00e7ekten bilin\u00e7siz \u015fekilde IBAN\u2019\u0131n\u0131 kulland\u0131ranlar\u0131n ayr\u0131\u015ft\u0131r\u0131lmas\u0131n\u0131 sa\u011flayacak bir form\u00fcl \u00fczerinde \u00e7al\u0131\u015ft\u0131. AK Parti hukuk\u00e7ular\u0131, \u00e7al\u0131\u015fma s\u0131ras\u0131nda, sahada bu durumla muhatap olan emniyet asayi\u015f birimlerinden, savc\u0131l\u0131k, Yarg\u0131tay ve istinaf mahkemelerinden isimlerle g\u00f6r\u00fc\u015ferek, sorunun ger\u00e7ekten \u00e7\u00f6z\u00fcm\u00fcne nas\u0131l ula\u015f\u0131labilece\u011fiyle ilgili uygulamadaki durum hakk\u0131nda da bilgi ald\u0131.<\/p>\n\n\n\n<h3 class=\"wp-block-heading\">400 B\u0130NDEN FAZLA SORU\u015eTURMA, YARISINDAN FAZLASI GEN\u00c7LER<\/h3>\n\n\n\n<p class=\"wp-block-paragraph\">IBAN kullan\u0131m\u0131 \u201cnitelikli doland\u0131r\u0131c\u0131l\u0131k\u201d su\u00e7una girdi\u011fi i\u00e7in verilen hapis cezas\u0131 nedeniyle \u00e7ok say\u0131da ki\u015fi cezaevine girerken, haklar\u0131nda soru\u015fturma a\u00e7\u0131lan ki\u015fi say\u0131s\u0131n\u0131n 400 binin \u00fczerinde oldu\u011fu \u00f6\u011frenildi. Bu ki\u015filerden 200 bininin 22-30 ya\u015f aral\u0131\u011f\u0131nda oldu\u011funa dikkat \u00e7ekildi.<\/p>\n\n\n\n<h3 class=\"wp-block-heading\">200 YIL CEZA ALAN B\u0130LE VAR<\/h3>\n\n\n\n<p class=\"wp-block-paragraph\">Hukuk\u00e7ular, her doland\u0131r\u0131c\u0131l\u0131k olay\u0131 i\u00e7in ayr\u0131 ceza verildi\u011fi i\u00e7in \u015fu anda 200 y\u0131l\u0131 bulan hapis cezas\u0131 ile kar\u015f\u0131 kar\u015f\u0131ya kalan ki\u015filerin oldu\u011funa i\u015faret ederek, \u201cE\u011fer ayn\u0131 IBAN kullan\u0131larak 50 ki\u015fi doland\u0131r\u0131ld\u0131ysa o zaman hakim, her doland\u0131r\u0131c\u0131l\u0131k i\u015flemi i\u00e7in 4 y\u0131l olmak \u00fczere 200 y\u0131la kadar hapis cezas\u0131 verebiliyor. Cezaevinde yataca\u011f\u0131 s\u00fcre de uzun y\u0131llara varabilir\u201d de\u011ferlendirmesinde bulundu. Hukuk\u00e7ular, \u00f6zellikle gen\u00e7lerin bilin\u00e7siz \u015fekilde IBAN kulland\u0131rmaktan dolay\u0131 hapis cezas\u0131yla kar\u015f\u0131 kar\u015f\u0131ya kalmas\u0131 nedeniyle hayat\u0131n\u0131n geri kalan b\u00f6l\u00fcm\u00fcn\u00fcn olduk\u00e7a olumsuz etkilendi\u011fine vurgu yap\u0131yorlar.<\/p>\n\n\n\n<h3 class=\"wp-block-heading\">\u201cMASUM\u201d \u0130LE \u201cDOLANDIRICI\u201d NASIL AYRI\u015eTIRILACAK?<\/h3>\n\n\n\n<p class=\"wp-block-paragraph\">AK Parti kurmaylar\u0131, alacaklar\u0131 hapis cezas\u0131 nedeniyle hayatlar\u0131n\u0131n ileriki b\u00f6l\u00fcmleri olumsuz etkilenecek olan gen\u00e7lerle birlikte, su\u00e7a dahil olmad\u0131klar\u0131 halde hapis yatan t\u00fcm ki\u015filerin kurtulabilmelerine olanak tan\u0131nmas\u0131 i\u00e7in yo\u011fun mesai harcad\u0131lar. IBAN kullan\u0131m\u0131nda \u201cdoland\u0131r\u0131c\u0131\u201d ile \u201cmasum\u201d ki\u015fileri ayr\u0131\u015ft\u0131racak \u015fekilde sorunun k\u00f6kl\u00fc bir \u00e7\u00f6z\u00fcme kavu\u015fturulmas\u0131 konusunda farkl\u0131 form\u00fcller \u00fczerinde durdular.<\/p>\n\n\n\n<h3 class=\"wp-block-heading\">NASIL B\u0130R FORM\u00dcL BULUNDU?<\/h3>\n\n\n\n<p class=\"wp-block-paragraph\">AK Parti hukuk\u00e7ular\u0131n\u0131n \u00fczerinde mutab\u0131k kald\u0131\u011f\u0131 form\u00fcl ile IBAN kulland\u0131rma yine \u201csu\u00e7\u201d olarak kalacak. IBAN\u2019\u0131 kullan\u0131lan ki\u015fi de\u011fil, doland\u0131r\u0131lan ki\u015fi olay\u0131n \u201cma\u011fduru\u201d olarak yer alacak. Ancak TCK\u2019n\u0131n 158\u2019inci maddesine yeni bir f\u0131kra eklenerek, eskiden \u201casli fail\u201d olarak ele al\u0131nan \u201cIBAN kulland\u0131ran ki\u015fi\u201d \u201cyedek (feri) fail\u201d konumuna \u00e7ekilecek.<\/p>\n\n\n\n<h3 class=\"wp-block-heading\">DOLANDIRILAN MA\u011eDURLARIN ZARARINI KAR\u015eILARSA<\/h3>\n\n\n\n<p class=\"wp-block-paragraph\">IBAN sahibi ki\u015fi, kendi hesab\u0131 kullan\u0131larak doland\u0131r\u0131lan ki\u015filerin ma\u011fduriyetini giderip, zarar\u0131n\u0131 kar\u015f\u0131larsa cezas\u0131ndan indirim yap\u0131labilecek. B\u00f6ylece normalde 4 y\u0131l olan hapis cezas\u0131, 2 y\u0131l\u0131n alt\u0131na d\u00fc\u015febilecek. Hakimin takdiri ile bu ceza, h\u00fckm\u00fcn geri b\u0131rak\u0131lmas\u0131 kapsam\u0131nda de\u011ferlendirebilecek. B\u00f6ylece s\u00f6z konusu ki\u015fi, hapse girmekten kurtulabilecek.<\/p>\n\n\n\n<p class=\"wp-block-paragraph\">AK Parti kurmaylar\u0131, IBAN kullan\u0131m\u0131yla ilgili \u00e7al\u0131\u015fmaya son \u015feklini verdiler ancak pakette yer al\u0131p almayaca\u011f\u0131 konusunda, pazartesi g\u00fcn\u00fc Meclis Ba\u015fkanl\u0131\u011f\u0131\u2019na verilmesinden \u00f6nce son bir de\u011ferlendirme yap\u0131lacak.<\/p>\n","protected":false},"excerpt":{"rendered":"<p>AK Parti&#8217;nin haz\u0131rlad\u0131\u011f\u0131 12. Yarg\u0131 Paketi&#8217;nde, IBAN&#8217;\u0131n\u0131 ba\u015fkalar\u0131na kulland\u0131rd\u0131\u011f\u0131 i\u00e7in hapis cezas\u0131yla kar\u015f\u0131 kar\u015f\u0131ya kalan<\/p>\n","protected":false},"author":1,"featured_media":3401,"comment_status":"open","ping_status":"open","sticky":false,"template":"","format":"standard","meta":{"_rtcl_gb_attr":"","footnotes":""},"categories":[1],"tags":[],"class_list":["post-3400","post","type-post","status-publish","format-standard","has-post-thumbnail","hentry","category-http-turkiyemhaber-com-wp-content-uploads-2026-03-saray-59-haber-13-mart-pdf"],"_links":{"self":[{"href":"https:\/\/turkiyemhaber.com\/index.php?rest_route=\/wp\/v2\/posts\/3400","targetHints":{"allow":["GET"]}}],"collection":[{"href":"https:\/\/turkiyemhaber.com\/index.php?rest_route=\/wp\/v2\/posts"}],"about":[{"href":"https:\/\/turkiyemhaber.com\/index.php?rest_route=\/wp\/v2\/types\/post"}],"author":[{"embeddable":true,"href":"https:\/\/turkiyemhaber.com\/index.php?rest_route=\/wp\/v2\/users\/1"}],"replies":[{"embeddable":true,"href":"https:\/\/turkiyemhaber.com\/index.php?rest_route=%2Fwp%2Fv2%2Fcomments&post=3400"}],"version-history":[{"count":1,"href":"https:\/\/turkiyemhaber.com\/index.php?rest_route=\/wp\/v2\/posts\/3400\/revisions"}],"predecessor-version":[{"id":3402,"href":"https:\/\/turkiyemhaber.com\/index.php?rest_route=\/wp\/v2\/posts\/3400\/revisions\/3402"}],"wp:featuredmedia":[{"embeddable":true,"href":"https:\/\/turkiyemhaber.com\/index.php?rest_route=\/wp\/v2\/media\/3401"}],"wp:attachment":[{"href":"https:\/\/turkiyemhaber.com\/index.php?rest_route=%2Fwp%2Fv2%2Fmedia&parent=3400"}],"wp:term":[{"taxonomy":"category","embeddable":true,"href":"https:\/\/turkiyemhaber.com\/index.php?rest_route=%2Fwp%2Fv2%2Fcategories&post=3400"},{"taxonomy":"post_tag","embeddable":true,"href":"https:\/\/turkiyemhaber.com\/index.php?rest_route=%2Fwp%2Fv2%2Ftags&post=3400"}],"curies":[{"name":"wp","href":"https:\/\/api.w.org\/{rel}","templated":true}]}}