{"id":3397,"date":"2026-06-20T12:22:57","date_gmt":"2026-06-20T12:22:57","guid":{"rendered":"https:\/\/turkiyemhaber.com\/?p=3397"},"modified":"2026-06-20T12:23:01","modified_gmt":"2026-06-20T12:23:01","slug":"cumhurbaskani-erdogan-turkiye-tarihinde-ilk-kez-bir-nato-ve-ab-uyesi-ulkeye-savas-gemisi-ihrac-etti","status":"publish","type":"post","link":"https:\/\/turkiyemhaber.com\/?p=3397","title":{"rendered":"Cumhurba\u015fkan\u0131 Erdo\u011fan: T\u00fcrkiye, tarihinde ilk kez bir NATO ve AB \u00fcyesi \u00fclkeye sava\u015f gemisi ihra\u00e7 etti"},"content":{"rendered":"\n<p class=\"wp-block-paragraph\">Cumhurba\u015fkan\u0131 Erdo\u011fan, \u0130stanbul Tersanesi Komutanl\u0131\u011f\u0131nda &#8220;A\u00e7\u0131k Deniz Karakol Gemisi Cam Roman&#8217;\u0131n Romanya Deniz Kuvvetleri Komutanl\u0131\u011f\u0131na Teslimi ve T\u00fcrk Deniz Kuvvetleri Komutanl\u0131\u011f\u0131 Platformlar\u0131n\u0131n Hizmete Giri\u015f ve Bayrak \u00c7ekimi T\u00f6reni&#8221;nde konu\u015ftu. Erdo\u011fan, &#8220;\u0130mzalad\u0131\u011f\u0131m\u0131z sat\u0131\u015f antla\u015fmas\u0131yla T\u00fcrkiye tarihinde ilk kez bir NATO ve Avrupa Birli\u011fi \u00fclkesine ilk kez bir sava\u015f gemisi ihra\u00e7 etmi\u015ftir&#8221; dedi.<\/p>\n\n\n\n<p class=\"wp-block-paragraph\">Cumhurba\u015fkan\u0131&nbsp;<a href=\"https:\/\/www.sondakika.com\/recep-tayyip-erdogan\/\">Recep Tayyip Erdo\u011fan<\/a>,&nbsp;<a href=\"https:\/\/www.sondakika.com\/istanbul\/\">\u0130stanbul<\/a>&nbsp;Tersanesi Komutanl\u0131\u011f\u0131nda \u201cA\u00e7\u0131k Deniz Karakol Gemisi Cam Roman&#8217;\u0131n&nbsp;<a href=\"https:\/\/www.sondakika.com\/romanya\/\">Romanya<\/a>&nbsp;Deniz Kuvvetleri Komutanl\u0131\u011f\u0131na Teslimi ve T\u00fcrk Deniz Kuvvetleri Komutanl\u0131\u011f\u0131 Platformlar\u0131n\u0131n Hizmete Giri\u015f ve Bayrak \u00c7ekimi T\u00f6reni\u201dnde konu\u015ftu.<\/p>\n\n\n\n<h3 class=\"wp-block-heading\">&#8220;T\u00dcRK\u0130YE-ROMANYA DOSTLU\u011eUNUN YEN\u0130 N\u0130\u015eANES\u0130&#8221;<\/h3>\n\n\n\n<p class=\"wp-block-paragraph\">Cumhurba\u015fkan\u0131 Erdo\u011fan&#8217;\u0131n a\u00e7\u0131klamalar\u0131ndan \u00f6ne \u00e7\u0131kan ba\u015fl\u0131klar:<\/p>\n\n\n\n<p class=\"wp-block-paragraph\">T\u00fcrk Silahl\u0131 Kuvvetlerimizin k\u0131ymetli komutanlar\u0131, savunma sanayii ve gemicilik sekt\u00f6r\u00fcm\u00fcz\u00fcn de\u011ferli temsilcileri, sayg\u0131de\u011fer misafirler, sizleri en kalbi duygular\u0131mla sayg\u0131yla, muhabbetle selaml\u0131yorum. \u00d6ncelikle kendilerini a\u011f\u0131rlamaktan b\u00fcy\u00fck memnuniyet duydu\u011fum de\u011ferli dostum Nicu?or Dan&#8217;la Romanya heyetinin k\u0131ymetli \u00fcyelerine \u00fclkemize &#8216;ho\u015f geldiniz, safalar getirdiniz&#8217; demek istiyorum.<\/p>\n\n\n\n<p class=\"wp-block-paragraph\">Bug\u00fcn d\u00fcnyan\u0131n g\u00f6zbebe\u011fi \u0130stanbul&#8217;da denizcili\u011fimizin, m\u00fchendisli\u011fimizin ve T\u00fcrkiye-Romanya dostlu\u011funun yeni bir ni\u015fanesine tan\u0131kl\u0131k etmek \u00fczere bir araya gelmi\u015f bulunuyoruz. Say\u0131n Cumhurba\u015fkan\u0131n\u0131n kat\u0131l\u0131m\u0131yla ger\u00e7ekle\u015ftirdi\u011fimiz t\u00f6renimizde, tarihten s\u00fcz\u00fcl\u00fcp gelen T\u00fcrkiye-Romanya dostlu\u011funu bir ad\u0131m daha \u00f6teye ta\u015f\u0131yoruz.<\/p>\n\n\n\n<h3 class=\"wp-block-heading\">&#8220;NATO \u0130TT\u0130FAKINA B\u00dcY\u00dcK KATK\u0130LAR YAPACA\u011eINA \u0130NANIYORUM&#8221;<\/h3>\n\n\n\n<p class=\"wp-block-paragraph\">Kam Roman korvetini Romanya Deniz Kuvvetlerine teslim ederken, Ko\u00e7hisar a\u00e7\u0131k deniz karakol gemimizi envantere katman\u0131n gururunu ta\u015f\u0131yoruz. Ayn\u0131 tezgahtan \u00e7\u0131kan, ayn\u0131 m\u00fchendislik akl\u0131n\u0131n \u00fcr\u00fcn\u00fc olan bu iki karde\u015f geminin donanmalar\u0131m\u0131za hay\u0131rl\u0131, u\u011furlu olmas\u0131n\u0131 diliyorum. Her iki platformun \u00fclkelerimize, Karadeniz&#8217;in g\u00fcvenli\u011fine, NATO ittifak\u0131na ve b\u00f6lgemizin huzuruna b\u00fcy\u00fck katk\u0131lar yapaca\u011f\u0131na inan\u0131yorum.<\/p>\n\n\n\n<p class=\"wp-block-paragraph\">Konu\u015fmam\u0131n hemen ba\u015f\u0131nda bir hususun alt\u0131n\u0131 \u00f6nemle \u00e7izmek istiyorum. Sizlerin de takibi \u00fczere d\u00fcnyam\u0131z So\u011fuk Sava\u015f&#8217;tan bu yana en k\u00f6kl\u00fc de\u011fi\u015fimlerden birini ya\u015f\u0131yor. Al\u0131\u015f\u0131lagelmi\u015f kal\u0131plar y\u0131k\u0131l\u0131rken bizim &#8216;zor oyun bozar&#8217; dedi\u011fimiz yeni bir g\u00fcvenlik paradigmas\u0131 boy veriyor. Kar\u015f\u0131la\u015ft\u0131\u011f\u0131m\u0131z her kriz, ulusal g\u00fcvenli\u011fin ba\u015fkalar\u0131na havale edilemeyecek kadar hayati bir mesele oldu\u011funu bizlere tekrar hat\u0131rlat\u0131yor. Sahada g\u00fc\u00e7l\u00fc olmayan\u0131n masada kendine yer bulamad\u0131\u011f\u0131, hatta kendini men\u00fcde bulabildi\u011fi son derece kaotik bir d\u00f6nemin tam ortas\u0131nday\u0131z.<\/p>\n\n\n\n<h3 class=\"wp-block-heading\">&#8220;HAYAL DAH\u0130 ED\u0130LEMEYECEK SE\u0130VYELERE ULA\u015eTIK&#8221;<\/h3>\n\n\n\n<p class=\"wp-block-paragraph\">T\u00fcrkiye, bu yeni d\u00f6nemin ruhunu \u00e7ok erken fark eden ve en do\u011fru bi\u00e7imde okuyan \u00fclkelerden biridir. B\u00fcy\u00fck ve g\u00fc\u00e7l\u00fc T\u00fcrkiye vizyonumuzun lokomotifini savunma sanayimiz olu\u015fturuyordu. Savunma sanayinde tam ba\u011f\u0131ms\u0131z T\u00fcrkiye hedefiyle \u00e7\u0131kt\u0131\u011f\u0131m\u0131z yolda hamdolsun 23 y\u0131lda \u00e7ok ciddi mesafe ald\u0131k. Engellerle, k\u0131s\u0131tlamalarla, gizli a\u00e7\u0131k ambargolarla kar\u015f\u0131la\u015fmam\u0131za ra\u011fmen hedefimize ula\u015fmak i\u00e7in sab\u0131rla y\u00fcr\u00fcd\u00fck. Kendimize inand\u0131k, savunma sekt\u00f6r\u00fcm\u00fcze g\u00fcvendik. Neticede 23 y\u0131l \u00f6nce hayal dahi edilemeyecek seviyelere ula\u015ft\u0131k.<\/p>\n\n\n\n<p class=\"wp-block-paragraph\">Savunma ihracat\u0131nda d\u00fcnyan\u0131n 11. b\u00fcy\u00fck \u00fclkesi konumunday\u0131z. Ge\u00e7en ay 996 milyon dolar de\u011ferinde savunma ve havac\u0131l\u0131k \u00fcr\u00fcn\u00fc ihra\u00e7 ederek tarihi bir ba\u015far\u0131ya imza att\u0131k. 23 sene evvel y\u0131lda 248 milyon dolar ihracat\u0131m\u0131z varken, bug\u00fcn bu rakam\u0131 sadece bir hafta i\u00e7inde ger\u00e7ekle\u015ftiriyoruz.<\/p>\n\n\n\n<h3 class=\"wp-block-heading\">&#8220;M\u00dcTTEF\u0130K \u00dcLKELERE 50&#8217;N\u0130N \u00dcZER\u0130NDE SAVA\u015e GEM\u0130S\u0130 \u0130MAL ED\u0130YORUZ&#8221;<\/h3>\n\n\n\n<p class=\"wp-block-paragraph\">Savunma sanayimiz, 103 y\u0131ll\u0131k cumhuriyet tarihimizin en yo\u011fun ve en verimli g\u00fcnlerini ya\u015f\u0131yor. Bug\u00fcne kadar farkl\u0131 co\u011frafyalara 140&#8217;\u0131 a\u015fk\u0131n deniz platformu ihra\u00e7 ettik. En k\u00fc\u00e7\u00fck bottan S\u0130HA gemimiz TCG Anadolu&#8217;ya, muhriplerden denizalt\u0131lara, milli u\u00e7ak gemimiz MUGEM&#8217;e, b\u00fct\u00fcn su \u00fcst\u00fc ve su alt\u0131 platformlar\u0131m\u0131z\u0131 milli imkan ve kabiliyetlerimizle in\u015fa edebiliyoruz. Ayn\u0131 anda en fazla sava\u015f gemisi yapabilen \u00fclkelerden biriyiz. Halihaz\u0131rda 15&#8217;ten fazlas\u0131 dost ve m\u00fcttefik \u00fclkelere ihra\u00e7 edilmek \u00fczere, 50&#8217;nin \u00fczerinde sava\u015f gemisini imal ediyoruz.<\/p>\n\n\n\n<p class=\"wp-block-paragraph\">Milli u\u00e7ak gemisinden hava savunma muhribine, f\u0131rkateynlerden a\u00e7\u0131k deniz karakol gemilerine, \u00e7\u0131karma gemilerinden denizalt\u0131lara kadar farkl\u0131 t\u00fcr ve s\u0131n\u0131flardaki platformlar\u0131 y\u00fczde 80&#8217;inin \u00fczerinde yerlilik oran\u0131yla \u00fcretiyoruz. Ayn\u0131 zamanda farkl\u0131 ihtiya\u00e7lara cevap veren insans\u0131z deniz ara\u00e7lar\u0131m\u0131z\u0131n ara\u015ft\u0131rma, tasar\u0131m ve \u00fcretim faaliyetlerini s\u00fcrd\u00fcr\u00fcyoruz. Y\u00fcr\u00fctt\u00fc\u011f\u00fcm\u00fcz projelerin toplam bedeli 25 milyar euro seviyesine ula\u015ft\u0131.<\/p>\n\n\n\n<h3 class=\"wp-block-heading\">&#8220;DONANMAMIZ ARTIK K\u00dcRESEL G\u00dc\u00c7&#8221;<\/h3>\n\n\n\n<p class=\"wp-block-paragraph\">\u015euras\u0131 da \u00fclkemiz a\u00e7\u0131s\u0131ndan gurur vericidir: TCG Anadolu&#8217;dan \u00f6nce b\u00f6lgesel g\u00fc\u00e7 aktar\u0131m kabiliyetine sahip olan donanmam\u0131z art\u0131k k\u00fcresel g\u00fc\u00e7 aktar\u0131m yetene\u011fine kavu\u015fmu\u015ftur. Bu kabiliyeti \u015fimdi daha da per\u00e7inliyoruz. MUGEM projemizle kendi u\u00e7ak gemisini tasarlay\u0131p \u00fcretebilen d\u00fcnyadaki 7. \u00fclke konumuna y\u00fckseliyoruz. T\u00fcm bu platformlar\u0131n kritik alt sistemleri; radarlar\u0131, sonarlar\u0131, sava\u015f y\u00f6netim sistemleri, yaz\u0131l\u0131mlar\u0131 T\u00fcrk m\u00fchendisleri taraf\u0131ndan hayata ge\u00e7iriliyor.<\/p>\n\n\n\n<p class=\"wp-block-paragraph\">Gemilerimiz muadillerinden daha \u00fcst\u00fcn nitelikte, milli m\u00fchimmatlar\u0131m\u0131z ve silah sistemlerimizle donat\u0131l\u0131yor. Hamdolsun her alanda kendimizle yar\u0131\u015f\u0131yor, kendi belirledi\u011fimiz e\u015fikleri a\u015fmaya \u00e7al\u0131\u015f\u0131yoruz.<\/p>\n\n\n\n<h3 class=\"wp-block-heading\">&#8220;\u00d6N\u00dcM\u00dcZDEK\u0130 D\u00d6NEM ROMANYA \u0130LE \u0130\u015e B\u0130RL\u0130\u011e\u0130M\u0130Z DAHA DA ARTACAK&#8221;<\/h3>\n\n\n\n<p class=\"wp-block-paragraph\">D\u00fcnyan\u0131n i\u00e7inde bulundu\u011fu sanc\u0131l\u0131 g\u00fcvenlik ortam\u0131 dost ve m\u00fcttefiklerin i\u015f birliklerini art\u0131rmalar\u0131n\u0131 elzem k\u0131lmaktad\u0131r. Bu anlay\u0131\u015fla, savunma sanayinde sahip oldu\u011fumuz imkan ve kabiliyetleri dost \u00fclkelerimizle payla\u015fmay\u0131 kendimiz i\u00e7in g\u00f6rev biliyoruz. Romanya&#8217;n\u0131n bizim i\u00e7in \u00f6zel \u00f6nemi oldu\u011funu vurgulamak isterim. T\u00fcrkiye ile Romanya&#8217;n\u0131n m\u00fcttefiklik ruhuyla olgunla\u015ft\u0131rd\u0131\u011f\u0131 k\u00f6kl\u00fc ili\u015fkiler tarihi zirvesini ya\u015famaktad\u0131r. Biliyorsunuz, m\u00fcnasebetlerimizi 2011 y\u0131l\u0131nda stratejik ortakl\u0131k seviyesine y\u00fckselttik. 2024 senesinde tesis etti\u011fimiz Y\u00fcksek D\u00fczeyli Stratejik \u0130\u015fbirli\u011fi Konseyi ile ili\u015fkilerimize kurumsal bir boyut kazand\u0131rd\u0131k. Bug\u00fcn burada icra etti\u011fimiz t\u00f6ren, i\u015fte bu stratejik ortakl\u0131\u011f\u0131m\u0131z\u0131n denizlerde v\u00fccut bulmu\u015f halidir.<\/p>\n\n\n\n<p class=\"wp-block-paragraph\">Kam Roman korveti, iki m\u00fcttefik \u00fclkenin Karadeniz ve b\u00f6lgemizin g\u00fcvenli\u011fini birlikte in\u015fa etme iradesinin en somut g\u00f6stergesidir. Karadeniz&#8217;in g\u00fcvenli\u011fi ayn\u0131 zamanda Avrupa-Atlantik g\u00fcvenlik mimarisinin ayr\u0131lmaz bir par\u00e7as\u0131d\u0131r.<\/p>\n\n\n\n<p class=\"wp-block-paragraph\">T\u00fcrkiye, Romanya ve Bulgaristan aras\u0131nda deniz may\u0131nlar\u0131yla m\u00fccadele ba\u015fta olmak \u00fczere pek \u00e7ok alanda geli\u015fen i\u015f birli\u011fini bu bak\u0131mdan k\u0131ymetli buluyoruz. \u00d6n\u00fcm\u00fczdeki d\u00f6nemde bu i\u015f birli\u011finin daha da artmas\u0131n\u0131 temenni ediyoruz.<\/p>\n\n\n\n<h3 class=\"wp-block-heading\">&#8220;T\u00dcRK\u0130YE TAR\u0130H\u0130NDE B\u0130R \u0130LK&#8221;<\/h3>\n\n\n\n<p class=\"wp-block-paragraph\">Bir ba\u015fka \u00f6nemli husus \u015fudur: Bug\u00fcn teslim etti\u011fimiz ve envantere katt\u0131\u011f\u0131m\u0131z gemilerimizde kullan\u0131lan sava\u015f y\u00f6netim sistemi, arama ve at\u0131\u015f kontrol radarlar\u0131, sonar sistemleri, yak\u0131n savunma silahlar\u0131 tamamen yerli ve milli \u015firketlerimize aittir. Aselsan, Roketsan, Havelsan, Makine Kimya ve T\u00dcB\u0130TAK \u00f6nc\u00fcl\u00fc\u011f\u00fcnde kurulan g\u00fc\u00e7l\u00fc savunma altyap\u0131m\u0131z, bu sistemlerin \u00fcretim ve teslimatlar\u0131n\u0131n k\u0131sa s\u00fcrede ger\u00e7ekle\u015fmesini sa\u011flam\u0131\u015ft\u0131r. Romanya ile imzalad\u0131\u011f\u0131m\u0131z sat\u0131\u015f anla\u015fmas\u0131yla T\u00fcrkiye tarihinde ilk kez bir NATO ve&nbsp;<a href=\"https:\/\/www.sondakika.com\/avrupa-birligi\/\">Avrupa Birli\u011fi<\/a>&nbsp;\u00fcyesi \u00fclkeye sava\u015f gemisi ihra\u00e7 etmi\u015ftir. Geminin test, e\u011fitim ve harekat haz\u0131rl\u0131k s\u00fcre\u00e7lerinde sergiledi\u011fi ba\u015far\u0131, T\u00fcrk deniz platformlar\u0131n\u0131n kalitesini bir kez daha b\u00fct\u00fcn d\u00fcnyaya kan\u0131tlam\u0131\u015ft\u0131r.<\/p>\n\n\n\n<h3 class=\"wp-block-heading\">TCG KO\u00c7H\u0130SAR DA H\u0130ZMETE ALINDI<\/h3>\n\n\n\n<p class=\"wp-block-paragraph\">De\u011ferli arkada\u015flar, kahraman Deniz Kuvvetlerimizin g\u00fcc\u00fcne g\u00fc\u00e7 katacak TCG Ko\u00e7hisar&#8217;\u0131 da bug\u00fcn hizmete al\u0131yoruz. A\u00e7\u0131k deniz karakol gemisi projemiz kapsam\u0131nda in\u015fa etti\u011fimiz bu platform; istihbarat, g\u00f6zetleme ve ke\u015fiften arama kurtarmaya, deniz haydutlu\u011fuyla m\u00fccadeleden deniz denetim ve sava\u015f d\u0131\u015f\u0131 harekatlara kadar pek \u00e7ok g\u00f6revi in\u015fallah ba\u015far\u0131yla yerine getirecektir.<\/p>\n\n\n\n<p class=\"wp-block-paragraph\">T\u00fcrkiye&#8217;nin gayesi b\u00f6lgemizde gerilim \u00fcretmek de\u011fil; bar\u0131\u015f\u0131, adaleti, huzuru ve istikrar\u0131 g\u00fc\u00e7lendirmektir. Biz kimseyle kriz, kaos, kavga ve \u00e7at\u0131\u015fma pe\u015finde de\u011filiz. Aksine, kar\u015f\u0131l\u0131kl\u0131 sayg\u0131ya dayal\u0131 g\u00fc\u00e7l\u00fc bir i\u015f birli\u011finden yanay\u0131z. Bizim kimsenin topra\u011f\u0131nda, egemenli\u011finde g\u00f6z\u00fcm\u00fcz yoktur ve olmam\u0131\u015ft\u0131r. Bizim kimsenin me\u015fru hak ve \u00e7\u0131karlar\u0131nda g\u00f6z\u00fcm\u00fcz yoktur ve olmam\u0131\u015ft\u0131r. Bununla birlikte, hi\u00e7 kimsenin de egemenli\u011fimize kastetmesine, \u00fclkemize tehdit olu\u015fturmas\u0131na, menfaatlerimize zarar vermesine m\u00fcsaade etmeyiz.<\/p>\n\n\n\n<p class=\"wp-block-paragraph\">\u0130lkemiz \u00e7ok net: Biz ne hak yeriz ne de hakk\u0131m\u0131z\u0131 yediririz. Dost ve m\u00fcttefiklerimizin g\u00fcvenlik ihtiya\u00e7lar\u0131na kendi milli kabiliyetlerimizle katk\u0131 sunmay\u0131 da bu anlay\u0131\u015f\u0131n tabii bir gere\u011fi olarak g\u00f6r\u00fcyoruz. Bug\u00fcn bu r\u0131ht\u0131mda denize u\u011furlad\u0131\u011f\u0131m\u0131z her iki gemi de dile getirdi\u011fim bu vizyonun, bu inanc\u0131n, bu kararl\u0131l\u0131\u011f\u0131n tecess\u00fcm etmi\u015f halidir.<\/p>\n\n\n\n<p class=\"wp-block-paragraph\">Bu d\u00fc\u015f\u00fcncelerle Milli Savunma Bakanl\u0131\u011f\u0131m\u0131z\u0131, Savunma Sanayii Ba\u015fkanl\u0131\u011f\u0131m\u0131z\u0131, Deniz Kuvvetleri Komutanl\u0131\u011f\u0131m\u0131z\u0131, \u0130stanbul Tersanesi Komutanl\u0131\u011f\u0131m\u0131z\u0131, ASFAT&#8217;\u0131 ve projede g\u00f6rev alan t\u00fcm firmalar\u0131m\u0131z\u0131, k\u0131ymetli m\u00fchendislerimizi, teknisyenlerimizi ve i\u015f\u00e7ilerimizi g\u00f6n\u00fclden tebrik ediyorum.<\/p>\n\n\n\n<p class=\"wp-block-paragraph\">Romanyal\u0131 dostlar\u0131m\u0131za Kam Roman korvetinin hay\u0131rl\u0131 olmas\u0131n\u0131 diliyor, TCG Ko\u00e7hisar&#8217;\u0131m\u0131z\u0131n da mavi vatanda \u015fanl\u0131 bayra\u011f\u0131m\u0131z\u0131 gururla dalgaland\u0131raca\u011f\u0131na y\u00fcrekten inan\u0131yorum. Rabbim denizcilerimizin pruvas\u0131n\u0131 neta, baht\u0131n\u0131 a\u00e7\u0131k eylesin diyorum.&#8221;<\/p>\n","protected":false},"excerpt":{"rendered":"<p>Cumhurba\u015fkan\u0131 Erdo\u011fan, \u0130stanbul Tersanesi Komutanl\u0131\u011f\u0131nda &#8220;A\u00e7\u0131k Deniz Karakol Gemisi Cam Roman&#8217;\u0131n Romanya Deniz Kuvvetleri Komutanl\u0131\u011f\u0131na<\/p>\n","protected":false},"author":1,"featured_media":3398,"comment_status":"open","ping_status":"open","sticky":false,"template":"","format":"standard","meta":{"_rtcl_gb_attr":"","footnotes":""},"categories":[7],"tags":[],"class_list":["post-3397","post","type-post","status-publish","format-standard","has-post-thumbnail","hentry","category-gundem"],"_links":{"self":[{"href":"https:\/\/turkiyemhaber.com\/index.php?rest_route=\/wp\/v2\/posts\/3397","targetHints":{"allow":["GET"]}}],"collection":[{"href":"https:\/\/turkiyemhaber.com\/index.php?rest_route=\/wp\/v2\/posts"}],"about":[{"href":"https:\/\/turkiyemhaber.com\/index.php?rest_route=\/wp\/v2\/types\/post"}],"author":[{"embeddable":true,"href":"https:\/\/turkiyemhaber.com\/index.php?rest_route=\/wp\/v2\/users\/1"}],"replies":[{"embeddable":true,"href":"https:\/\/turkiyemhaber.com\/index.php?rest_route=%2Fwp%2Fv2%2Fcomments&post=3397"}],"version-history":[{"count":1,"href":"https:\/\/turkiyemhaber.com\/index.php?rest_route=\/wp\/v2\/posts\/3397\/revisions"}],"predecessor-version":[{"id":3399,"href":"https:\/\/turkiyemhaber.com\/index.php?rest_route=\/wp\/v2\/posts\/3397\/revisions\/3399"}],"wp:featuredmedia":[{"embeddable":true,"href":"https:\/\/turkiyemhaber.com\/index.php?rest_route=\/wp\/v2\/media\/3398"}],"wp:attachment":[{"href":"https:\/\/turkiyemhaber.com\/index.php?rest_route=%2Fwp%2Fv2%2Fmedia&parent=3397"}],"wp:term":[{"taxonomy":"category","embeddable":true,"href":"https:\/\/turkiyemhaber.com\/index.php?rest_route=%2Fwp%2Fv2%2Fcategories&post=3397"},{"taxonomy":"post_tag","embeddable":true,"href":"https:\/\/turkiyemhaber.com\/index.php?rest_route=%2Fwp%2Fv2%2Ftags&post=3397"}],"curies":[{"name":"wp","href":"https:\/\/api.w.org\/{rel}","templated":true}]}}