{"id":3394,"date":"2026-06-20T12:21:22","date_gmt":"2026-06-20T12:21:22","guid":{"rendered":"https:\/\/turkiyemhaber.com\/?p=3394"},"modified":"2026-06-20T12:21:26","modified_gmt":"2026-06-20T12:21:26","slug":"catalcada-askeri-muhimmat-bulundu","status":"publish","type":"post","link":"https:\/\/turkiyemhaber.com\/?p=3394","title":{"rendered":"\u00c7atalca&#8217;da Askeri M\u00fchimmat Bulundu"},"content":{"rendered":"\n<p class=\"wp-block-paragraph\">\u0130stanbul \u00c7atalca&#8217;da Ormanl\u0131 plaj\u0131nda Karadeniz&#8217;den geldi\u011fi d\u00fc\u015f\u00fcn\u00fclen askeri m\u00fchimmat bulundu.<\/p>\n\n\n\n<p class=\"wp-block-paragraph\"><a href=\"https:\/\/www.sondakika.com\/istanbul\/\">\u0130stanbul<\/a>&#8216;un&nbsp;<a href=\"https:\/\/www.sondakika.com\/karadeniz\/\">Karadeniz<\/a>&nbsp;k\u0131y\u0131s\u0131nda yer alan \u00c7atalca il\u00e7esinde hareketli anlar ya\u015fand\u0131.&nbsp;<a href=\"https:\/\/www.sondakika.com\/ormanli\/\">Ormanl\u0131<\/a>&nbsp;Sahili&#8217;nde y\u00fcr\u00fcy\u00fc\u015f yapan vatanda\u015flar\u0131n dikkati, \u00f6nemli bir g\u00fcvenlik tehdidini ortaya \u00e7\u0131kard\u0131. Sahile vuran yabanc\u0131 bir cismi fark eden vatanda\u015flar\u0131n durumu yetkililere bildirmesi \u00fczerine b\u00f6lgede alarm durumuna ge\u00e7ildi.<\/p>\n\n\n\n<h3 class=\"wp-block-heading\">SAH\u0130L G\u00dcVENL\u0130K B\u00d6LGEY\u0130 G\u0130R\u0130\u015eE KAPATTI<\/h3>\n\n\n\n<p class=\"wp-block-paragraph\">\u0130hbar \u00fczerine olay yerine h\u0131zla&nbsp;<a href=\"https:\/\/www.sondakika.com\/sahil_guvenlik\/\">Sahil G\u00fcvenlik<\/a>&nbsp;ekipleri sevk edildi. B\u00f6lgeye ula\u015fan ekipler, askeri m\u00fchimmat oldu\u011fu de\u011ferlendirilen cismin \u00e7evresinde derhal geni\u015f \u00e7apl\u0131 g\u00fcvenlik \u00f6nlemi ald\u0131. Olas\u0131 bir patlama riskine kar\u015f\u0131 sahil \u015feridi tamamen bo\u015falt\u0131larak vatanda\u015flar\u0131n giri\u015fine kapat\u0131ld\u0131.<\/p>\n\n\n\n<figure class=\"wp-block-image\"><img decoding=\"async\" src=\"http:\/\/foto.sondakika.com\/haber\/2026\/06\/20\/catalca-daki-ormanli-plajinda-askeri-muhimmat-19970634_o.jpg\" alt=\"\u00c7atalca'da Askeri M\u00fchimmat Bulundu\"\/><\/figure>\n\n\n\n<h3 class=\"wp-block-heading\">RUSYA-UKRAYNA SAVA\u015eININ \u0130ZLER\u0130<\/h3>\n\n\n\n<p class=\"wp-block-paragraph\">Uzman ekipler taraf\u0131ndan olay yerinde yap\u0131lan ilk incelemelerde, s\u00f6z konusu cismin askeri bir m\u00fchimmat oldu\u011fu belirlendi. Yetkililer, bu tehlikeli maddenin devam eden Rusya-Ukrayna sava\u015f\u0131ndan kaynakl\u0131 olarak Karadeniz&#8217;e d\u00fc\u015ft\u00fc\u011f\u00fcn\u00fc ve deniz ak\u0131nt\u0131lar\u0131yla kilometrelerce s\u00fcr\u00fcklenerek \u0130stanbul k\u0131y\u0131lar\u0131na kadar ula\u015ft\u0131\u011f\u0131n\u0131 de\u011ferlendiriyor.<\/p>\n\n\n\n<h3 class=\"wp-block-heading\">\u0130NCELEME BA\u015eLATILDI<\/h3>\n\n\n\n<p class=\"wp-block-paragraph\">B\u00fcy\u00fck bir titizlikle y\u00fcr\u00fct\u00fclen \u00e7al\u0131\u015fmalar sonucunda s\u00f6z konusu m\u00fchimmat, Sahil G\u00fcvenlik ekipleri taraf\u0131ndan g\u00fcvenli bir \u015fekilde muhafaza alt\u0131na al\u0131narak incelenmek \u00fczere b\u00f6lgeden uzakla\u015ft\u0131r\u0131ld\u0131. Bulunan askeri malzemenin tam t\u00fcr\u00fc, tahrip g\u00fcc\u00fc ve men\u015fei ile ilgili kapsaml\u0131 bir inceleme ba\u015flat\u0131l\u0131rken, sahil \u015feridindeki g\u00fcvenlik devriyelerinin art\u0131r\u0131ld\u0131\u011f\u0131 \u00f6\u011frenildi.<\/p>\n\n\n\n<figure class=\"wp-block-image\"><img decoding=\"async\" src=\"http:\/\/foto.sondakika.com\/haber\/2026\/06\/20\/catalca-daki-ormanli-plajinda-askeri-muhimmat-2-19970634_o.jpg\" alt=\"\u00c7atalca'da Askeri M\u00fchimmat Bulundu\"\/><\/figure>\n\n\n\n<figure class=\"wp-block-image\"><img decoding=\"async\" src=\"http:\/\/foto.sondakika.com\/haber\/2026\/06\/20\/catalca-daki-ormanli-plajinda-askeri-muhimmat-3-19970634_o.jpg\" alt=\"\u00c7atalca'da Askeri M\u00fchimmat Bulundu\"\/><\/figure>\n\n\n\n<p class=\"wp-block-paragraph\">K<\/p>\n","protected":false},"excerpt":{"rendered":"<p>\u0130stanbul \u00c7atalca&#8217;da Ormanl\u0131 plaj\u0131nda Karadeniz&#8217;den geldi\u011fi d\u00fc\u015f\u00fcn\u00fclen askeri m\u00fchimmat bulundu. \u0130stanbul&#8216;un&nbsp;Karadeniz&nbsp;k\u0131y\u0131s\u0131nda yer alan \u00c7atalca il\u00e7esinde<\/p>\n","protected":false},"author":1,"featured_media":3395,"comment_status":"open","ping_status":"open","sticky":false,"template":"","format":"standard","meta":{"_rtcl_gb_attr":"","footnotes":""},"categories":[1],"tags":[],"class_list":["post-3394","post","type-post","status-publish","format-standard","has-post-thumbnail","hentry","category-http-turkiyemhaber-com-wp-content-uploads-2026-03-saray-59-haber-13-mart-pdf"],"_links":{"self":[{"href":"https:\/\/turkiyemhaber.com\/index.php?rest_route=\/wp\/v2\/posts\/3394","targetHints":{"allow":["GET"]}}],"collection":[{"href":"https:\/\/turkiyemhaber.com\/index.php?rest_route=\/wp\/v2\/posts"}],"about":[{"href":"https:\/\/turkiyemhaber.com\/index.php?rest_route=\/wp\/v2\/types\/post"}],"author":[{"embeddable":true,"href":"https:\/\/turkiyemhaber.com\/index.php?rest_route=\/wp\/v2\/users\/1"}],"replies":[{"embeddable":true,"href":"https:\/\/turkiyemhaber.com\/index.php?rest_route=%2Fwp%2Fv2%2Fcomments&post=3394"}],"version-history":[{"count":1,"href":"https:\/\/turkiyemhaber.com\/index.php?rest_route=\/wp\/v2\/posts\/3394\/revisions"}],"predecessor-version":[{"id":3396,"href":"https:\/\/turkiyemhaber.com\/index.php?rest_route=\/wp\/v2\/posts\/3394\/revisions\/3396"}],"wp:featuredmedia":[{"embeddable":true,"href":"https:\/\/turkiyemhaber.com\/index.php?rest_route=\/wp\/v2\/media\/3395"}],"wp:attachment":[{"href":"https:\/\/turkiyemhaber.com\/index.php?rest_route=%2Fwp%2Fv2%2Fmedia&parent=3394"}],"wp:term":[{"taxonomy":"category","embeddable":true,"href":"https:\/\/turkiyemhaber.com\/index.php?rest_route=%2Fwp%2Fv2%2Fcategories&post=3394"},{"taxonomy":"post_tag","embeddable":true,"href":"https:\/\/turkiyemhaber.com\/index.php?rest_route=%2Fwp%2Fv2%2Ftags&post=3394"}],"curies":[{"name":"wp","href":"https:\/\/api.w.org\/{rel}","templated":true}]}}