{"id":3388,"date":"2026-06-20T12:07:51","date_gmt":"2026-06-20T12:07:51","guid":{"rendered":"https:\/\/turkiyemhaber.com\/?p=3388"},"modified":"2026-06-20T12:07:54","modified_gmt":"2026-06-20T12:07:54","slug":"ozgur-ozel-cephesinden-cok-konusulacak-mansur-yavas-iddiasi-1-ay-sonrayi-bekleyin","status":"publish","type":"post","link":"https:\/\/turkiyemhaber.com\/?p=3388","title":{"rendered":"\u00d6zg\u00fcr \u00d6zel cephesinden \u00e7ok konu\u015fulacak Mansur Yava\u015f iddias\u0131: 1 ay sonray\u0131 bekleyin"},"content":{"rendered":"\n<p class=\"wp-block-paragraph\">CHP\u2019de ya\u015fanan hareketlili\u011fin ard\u0131ndan \u00d6zg\u00fcr \u00d6zel\u2019e yak\u0131n kurmaylardan \u00e7ok konu\u015fulacak bir Mansur Yava\u015f \u00e7\u0131k\u0131\u015f\u0131 geldi. \u0130mamo\u011flu\u2019nun &#8220;diploma sorunu&#8221; nedeniyle hukuki risk ta\u015f\u0131d\u0131\u011f\u0131n\u0131 vurgulayan kaynaklar, sa\u011fdan sola en geni\u015f se\u00e7men mutabakat\u0131n\u0131 sa\u011flayabilecek en do\u011fru cumhurba\u015fkan\u0131 aday\u0131n\u0131n Mansur Yava\u015f oldu\u011funu belirtti. Yava\u015f&#8217;\u0131n adayl\u0131k stratejisine dair ser verip s\u0131r vermeyen kurmaylar, &#8220;Bir ay sonray\u0131 bekleyin, \u00d6zg\u00fcr \u00d6zel\u2019in yapaca\u011f\u0131 a\u00e7\u0131klamay\u0131 bekleyin&#8221; diyerek \u00f6n\u00fcm\u00fczdeki ay\u0131 i\u015faret etti.<\/p>\n\n\n\n<p class=\"wp-block-paragraph\">CHP&#8217;de mahkeme karar\u0131yla ya\u015fanan liderlik krizinin ard\u0131ndan sular durulmuyor. \u00d6zg\u00fcr \u00d6zel\u2019e en yak\u0131n isimlerden olu\u015fan kaynaklar, Ekrem \u0130mamo\u011flu&#8217;nun adayl\u0131\u011f\u0131n\u0131n \u00f6n\u00fcnde &#8220;diploma engeli&#8221; oldu\u011funu vurgulad\u0131. \u00d6zel cephesi, cumhurba\u015fkanl\u0131\u011f\u0131 i\u00e7in en do\u011fru aday\u0131n&nbsp;<a href=\"https:\/\/www.sondakika.com\/mansur-yavas\/\">Mansur Yava\u015f<\/a>&nbsp;oldu\u011funu belirtirken, \u00f6n\u00fcm\u00fczdeki ay i\u00e7in \u00e7ok konu\u015fulacak bir yol haritas\u0131n\u0131n sinyalini verdi.<\/p>\n\n\n\n<p class=\"wp-block-paragraph\">Nefes yazar\u0131 Aytun\u00e7 Erkin, CHP&#8217;nin se\u00e7ilmi\u015f Genel Ba\u015fkan\u0131 \u00d6zg\u00fcr \u00d6zel&#8217;e yak\u0131n kurmaylarla dikkat \u00e7eken bir r\u00f6portaj ger\u00e7ekle\u015ftirdi. Parti i\u00e7indeki liderlik m\u00fccadelesinden yeni parti iddialar\u0131na ve cumhurba\u015fkan\u0131 adayl\u0131\u011f\u0131na kadar bir\u00e7ok konunun masaya yat\u0131r\u0131ld\u0131\u011f\u0131 g\u00f6r\u00fc\u015fmede, siyaset kulislerinde ta\u015flar\u0131 yerinden oynatacak a\u00e7\u0131klamalar yap\u0131ld\u0131.<\/p>\n\n\n\n<h3 class=\"wp-block-heading\">&#8220;KILI\u00c7DARO\u011eLU&#8217;NUN D\u00dc\u015eT\u00dc\u011e\u00dc HATAYA D\u00dc\u015eMEK \u0130STEM\u0130YOR&#8221;<\/h3>\n\n\n\n<p class=\"wp-block-paragraph\">R\u00f6portajda en dikkat \u00e7eken b\u00f6l\u00fcm, potansiyel cumhurba\u015fkan\u0131 adaylar\u0131na dair yap\u0131lan de\u011ferlendirmeler oldu. \u00d6zg\u00fcr \u00d6zel\u2019e yak\u0131n isim, Ekrem \u0130mamo\u011flu&#8217;nun adayl\u0131\u011f\u0131yla ilgili hukuki bir riske i\u015faret ederek \u015fu ifadeleri kulland\u0131:&nbsp;&#8220;\u00d6zg\u00fcr \u00d6zel, Kemal Bey\u2019in 2023 se\u00e7imleri \u00f6ncesinde d\u00fc\u015ft\u00fc\u011f\u00fc hataya d\u00fc\u015fmek istemiyor. &#8216;Kazanacak aday&#8217; konusunda kararl\u0131. Ekrem \u0130mamo\u011flu\u2019nun diploma sorununu biliyoruz. Bu s\u00fcre\u00e7te en geni\u015f mutabakatla; \u0130Y\u0130 Parti, Zafer Partisi, K\u00fcrt se\u00e7menler, yeni kurulabilecek merkez sol parti ve CHP taban\u0131n\u0131n ortakla\u015faca\u011f\u0131 Mansur Yava\u015f\u2019\u0131 aday g\u00f6stermek en do\u011fru se\u00e7enek olarak \u00f6n\u00fcm\u00fczde duruyor.&#8221;<\/p>\n\n\n\n<h3 class=\"wp-block-heading\">\u0130SM\u0130N\u0130N YIPRATILMASINI \u0130STEM\u0130YORLAR<\/h3>\n\n\n\n<p class=\"wp-block-paragraph\">Ayn\u0131 kaynak, Mansur Yava\u015f&#8217;\u0131 kamuoyu \u00f6n\u00fcnde y\u0131pratmak istemediklerini ve Yava\u015f&#8217;\u0131n CHP&#8217;de kal\u0131p yeni olu\u015fumlara mesafeli durmas\u0131n\u0131n bir sorun te\u015fkil etmedi\u011fini vurgulad\u0131.<\/p>\n\n\n\n<h3 class=\"wp-block-heading\">&#8220;YEN\u0130 PART\u0130 MERKEZ SOL \u00c7\u0130ZG\u0130DE OLACAK&#8221;<\/h3>\n\n\n\n<p class=\"wp-block-paragraph\">Parti i\u00e7inde son ana kadar \u015fartlar\u0131 zorlayacaklar\u0131n\u0131 ancak kar\u015f\u0131 taraf\u0131n kendilerini d\u0131\u015flamas\u0131 durumunda bir &#8220;yedek parti&#8221; ile hareket etmenin zorunluluk oldu\u011funu belirten kurmay, olas\u0131 bir yeni partinin ideolojik \u00e7izgisini de \u015fu s\u00f6zlerle \u00f6zetledi:&nbsp;&#8220;31 Mart se\u00e7imlerinde y\u00fczde 38\u2019i CHP ile ald\u0131k. Yeni bir parti kurulmas\u0131 gerekirse bu ANAP veya 2002 AKP\u2019si gibi d\u00f6rt e\u011filimi kapsayan bir parti de\u011fil, tamamen merkez sol bir \u00e7izgi olacak. Ana omurgas\u0131n\u0131 CHP \u00e7izgisinin \u015fekillendirece\u011fi bir T\u00fcrkiye ittifak\u0131 kurmak isteyece\u011fiz.&#8221;<\/p>\n\n\n\n<h3 class=\"wp-block-heading\">&#8220;\u00d6ZG\u00dcR \u00d6ZEL G\u00dcNDE 4 SAAT UYKUYLA \u00c7ALI\u015eIYOR&#8221;<\/h3>\n\n\n\n<p class=\"wp-block-paragraph\">\u00d6zg\u00fcr \u00d6zel\u2019in bir strateji eksikli\u011fi olup olmad\u0131\u011f\u0131 y\u00f6n\u00fcndeki soruya ise yak\u0131n \u00e7al\u0131\u015fma arkada\u015f\u0131, \u00d6zel\u2019in \u00e7al\u0131\u015fma temposunu anlatarak yan\u0131t verdi: &#8220;Yak\u0131ndan biliyorum. G\u00fcnde 6 saat uyuyor, o uykunun 2 saatinde de uyan\u0131p kalk\u0131p notlar al\u0131yor. 4 saat uykuyla, g\u00fcnde 20 saat \u00e7al\u0131\u015farak en ince detay\u0131na kadar plan ve program yap\u0131yor. Anketlerde y\u00fczde 60&#8217;\u0131 g\u00f6rse kendisi de aday olur ancak \u00f6nceli\u011fi kazanacak do\u011fru aday\u0131 \u00e7\u0131karmak.&#8221;<\/p>\n\n\n\n<h3 class=\"wp-block-heading\">&#8220;B\u0130R AY SONRAYI BEKLEY\u0130N, \u00d6ZG\u00dcR \u00d6ZEL A\u00c7IKLAYACAK&#8221;<\/h3>\n\n\n\n<p class=\"wp-block-paragraph\">R\u00f6portaj\u0131n sonunda, &#8220;Peki, Mansur Yava\u015f olas\u0131 bir s\u00fcre\u00e7te CHP&#8217;den istifa etmezse yeni olu\u015fumu destekleyenler taraf\u0131ndan bir lin\u00e7 giri\u015fimiyle kar\u015f\u0131la\u015fmaz m\u0131?&#8221; sorusu \u00fczerine \u00d6zel&#8217;in kurmay\u0131, \u00f6n\u00fcm\u00fczdeki ay\u0131 i\u015faret eden gizemli bir mesajla s\u00f6zlerini bitirdi:&nbsp;&#8220;O zaman sadece \u015funu s\u00f6yleyebilirim. Bir ay sonray\u0131 bekleyin, \u00d6zg\u00fcr \u00d6zel\u2019in yapaca\u011f\u0131 \u00f6nemli bir a\u00e7\u0131klama olacak. Sadece bunu bekleyin, o kadar s\u00f6yleyebilirim.&#8221;<\/p>\n","protected":false},"excerpt":{"rendered":"<p>CHP\u2019de ya\u015fanan hareketlili\u011fin ard\u0131ndan \u00d6zg\u00fcr \u00d6zel\u2019e yak\u0131n kurmaylardan \u00e7ok konu\u015fulacak bir Mansur Yava\u015f \u00e7\u0131k\u0131\u015f\u0131 geldi.<\/p>\n","protected":false},"author":1,"featured_media":3389,"comment_status":"open","ping_status":"open","sticky":false,"template":"","format":"standard","meta":{"_rtcl_gb_attr":"","footnotes":""},"categories":[44],"tags":[],"class_list":["post-3388","post","type-post","status-publish","format-standard","has-post-thumbnail","hentry","category-politika"],"_links":{"self":[{"href":"https:\/\/turkiyemhaber.com\/index.php?rest_route=\/wp\/v2\/posts\/3388","targetHints":{"allow":["GET"]}}],"collection":[{"href":"https:\/\/turkiyemhaber.com\/index.php?rest_route=\/wp\/v2\/posts"}],"about":[{"href":"https:\/\/turkiyemhaber.com\/index.php?rest_route=\/wp\/v2\/types\/post"}],"author":[{"embeddable":true,"href":"https:\/\/turkiyemhaber.com\/index.php?rest_route=\/wp\/v2\/users\/1"}],"replies":[{"embeddable":true,"href":"https:\/\/turkiyemhaber.com\/index.php?rest_route=%2Fwp%2Fv2%2Fcomments&post=3388"}],"version-history":[{"count":1,"href":"https:\/\/turkiyemhaber.com\/index.php?rest_route=\/wp\/v2\/posts\/3388\/revisions"}],"predecessor-version":[{"id":3390,"href":"https:\/\/turkiyemhaber.com\/index.php?rest_route=\/wp\/v2\/posts\/3388\/revisions\/3390"}],"wp:featuredmedia":[{"embeddable":true,"href":"https:\/\/turkiyemhaber.com\/index.php?rest_route=\/wp\/v2\/media\/3389"}],"wp:attachment":[{"href":"https:\/\/turkiyemhaber.com\/index.php?rest_route=%2Fwp%2Fv2%2Fmedia&parent=3388"}],"wp:term":[{"taxonomy":"category","embeddable":true,"href":"https:\/\/turkiyemhaber.com\/index.php?rest_route=%2Fwp%2Fv2%2Fcategories&post=3388"},{"taxonomy":"post_tag","embeddable":true,"href":"https:\/\/turkiyemhaber.com\/index.php?rest_route=%2Fwp%2Fv2%2Ftags&post=3388"}],"curies":[{"name":"wp","href":"https:\/\/api.w.org\/{rel}","templated":true}]}}