{"id":3385,"date":"2026-06-20T11:54:50","date_gmt":"2026-06-20T11:54:50","guid":{"rendered":"https:\/\/turkiyemhaber.com\/?p=3385"},"modified":"2026-06-20T11:54:53","modified_gmt":"2026-06-20T11:54:53","slug":"hayallerimiz-buraya-kadarmis-a-milli-takimimiz-dunya-kupasina-veda-etti","status":"publish","type":"post","link":"https:\/\/turkiyemhaber.com\/?p=3385","title":{"rendered":"Hayallerimiz buraya kadarm\u0131\u015f! A Milli Tak\u0131m\u0131m\u0131z D\u00fcnya Kupas\u0131&#8217;na veda etti"},"content":{"rendered":"\n<p class=\"wp-block-paragraph\">A Milli Futbol Tak\u0131m\u0131m\u0131z 2026 FIFA D\u00fcnya Kupas\u0131 D Grubu ikinci ma\u00e7\u0131nda Paraguay&#8217;a 1-0 kaybetti. Ay-y\u0131ld\u0131zl\u0131lar bu sonu\u00e7la birlikte gruptan \u00e7\u0131kma \u015fans\u0131n\u0131 kaybederek turnuvaya veda etti.<\/p>\n\n\n\n<ul class=\"wp-block-list\">\n<li>A Milli Futbol Tak\u0131m\u0131, 2026 FIFA D\u00fcnya Kupas\u0131 D Grubu ikinci ma\u00e7\u0131nda Paraguay&#8217;a 1-0 yenildi.<\/li>\n\n\n\n<li>Milliler, oynad\u0131\u011f\u0131 iki ma\u00e7ta gol atamay\u0131p puan alamayarak turnuvaya veda etti.<\/li>\n\n\n\n<li>Paraguay, 45+3. dakikada Miguel Almir\u00f3n&#8217;un k\u0131rm\u0131z\u0131 kart g\u00f6rmesiyle 10 ki\u015fi kald\u0131.<\/li>\n<\/ul>\n\n\n\n<p class=\"wp-block-paragraph\"><a href=\"https:\/\/www.haberler.com\/a-milli-futbol-takimi\/\"><strong>A Milli Futbol Tak\u0131m\u0131<\/strong><\/a>, 2026 FIFA D\u00fcnya Kupas\u0131 D Grubu ikinci ma\u00e7\u0131nda Paraguay ile kar\u015f\u0131 kar\u015f\u0131ya geldi. San Francisco Bay Area Stadyumu&#8217;nda oynanan m\u00fccadeleyi Paraguay, 1-0 kazand\u0131.<\/p>\n\n\n\n<h3 class=\"wp-block-heading\">PARAGUAY MA\u00c7A GOLLE BA\u015eLADI<\/h3>\n\n\n\n<p class=\"wp-block-paragraph\">2. dakikada Paraguay gol\u00fc buldu. Savunmadan \u00e7\u0131karamad\u0131\u011f\u0131m\u0131z topu kapan Enciso, ceza yay\u0131 \u00f6n\u00fcndeki Galarza&#8217;ya pas\u0131n\u0131 aktard\u0131. Bu futbolcunun uzaktan sert \u015futunda top k\u00f6\u015feden filelere gitti.<\/p>\n\n\n\n<figure class=\"wp-block-image\"><img decoding=\"async\" src=\"https:\/\/foto.haberler.com\/haber\/2026\/06\/20\/hayallerimiz-buraya-kadarmis-a-19969231-9933_1_m.jpg\" alt=\"\"\/><\/figure>\n\n\n\n<h3 class=\"wp-block-heading\">ARDA&#8217;NIN \u015eUTU \u0130SABETL\u0130 OLMADI<\/h3>\n\n\n\n<p class=\"wp-block-paragraph\">13. dakikada milliler etkili geldi. Sa\u011f kanatta topla bulu\u015fan Kerem Akt\u00fcrko\u011flu&#8217;nun ceza sahas\u0131na ortas\u0131nda savunmadan d\u00f6nen top yine bu futbolcuda kald\u0131. Kerem bu kez ceza sahas\u0131 \u00e7izgisindeki Arda G\u00fcler&#8217;e pas\u0131n\u0131 aktard\u0131. Bu futbolcunun vuru\u015funda top az farkla \u00fcstten auta \u00e7\u0131kt\u0131.<\/p>\n\n\n\n<h3 class=\"wp-block-heading\">TOP \u0130K\u0130 KEZ D\u0130RE\u011eE \u00c7ARPTI!<\/h3>\n\n\n\n<p class=\"wp-block-paragraph\">35. dakikada A Milli Futbol Tak\u0131m\u0131 gole \u00e7ok yakla\u015ft\u0131. Hakan \u00c7alhano\u011flu&#8217;nun ceza sahas\u0131 d\u0131\u015f\u0131 sa\u011f \u00e7apraz\u0131ndan kulland\u0131\u011f\u0131 serbest vuru\u015fta savunman\u0131n aras\u0131ndan y\u00fckselen Mert M\u00fcld\u00fcr kafay\u0131 vurdu, me\u015fin yuvarlak \u00f6nce \u00fcst dire\u011fe ard\u0131ndan yan dire\u011fe \u00e7arp\u0131p oyun alan\u0131na geri d\u00f6nd\u00fc.<\/p>\n\n\n\n<figure class=\"wp-block-image\"><img decoding=\"async\" src=\"https:\/\/foto.haberler.com\/haber\/2026\/06\/20\/hayallerimiz-buraya-kadarmis-a-19969231-2792_1_m.jpg\" alt=\"\"\/><\/figure>\n\n\n\n<h3 class=\"wp-block-heading\">PARAGUAY 10 K\u0130\u015e\u0130<\/h3>\n\n\n\n<p class=\"wp-block-paragraph\">45+3. dakikada Paraguay 10 ki\u015fi kald\u0131. VAR uyar\u0131s\u0131 sonras\u0131nda ekrana gelen hakem Ivan Barton, Almiron&#8217;un a\u011fz\u0131n\u0131 kapatarak Mert M\u00fcld\u00fcr&#8217;le diyalo\u011fa girmesi sebebiyle bu futbolcuyu direkt k\u0131rm\u0131z\u0131 kartla oyun d\u0131\u015f\u0131nda b\u0131rakt\u0131.<\/p>\n\n\n\n<h3 class=\"wp-block-heading\">MER\u0130H&#8217;\u0130N SERT \u015eUTUNU KALEC\u0130 \u00c7IKARDI<\/h3>\n\n\n\n<p class=\"wp-block-paragraph\">M\u00fccadelenin 47. dakikas\u0131nda ceza sahas\u0131 d\u0131\u015f\u0131nda topla bulu\u015fan Merih Demiral&#8217;in sert \u015futunu kaleci iki hamlede g\u00fc\u00e7l\u00fckle \u00e7\u0131kard\u0131.<\/p>\n\n\n\n<figure class=\"wp-block-image\"><img decoding=\"async\" src=\"https:\/\/foto.haberler.com\/haber\/2026\/06\/20\/hayallerimiz-buraya-kadarmis-a-19969231-3653_1_m.jpg\" alt=\"\"\/><\/figure>\n\n\n\n<h3 class=\"wp-block-heading\">HAKAN&#8217;IN \u015eUTU SAVUNMADAN D\u00d6ND\u00dc<\/h3>\n\n\n\n<p class=\"wp-block-paragraph\">75. dakikada Arda G\u00fcler&#8217;in kulland\u0131\u011f\u0131 k\u00f6\u015fe vuru\u015funda ceza sahas\u0131 d\u0131\u015f\u0131na seken top Hakan \u00c7alhano\u011flu&#8217;na geldi. Hakan&#8217;\u0131n geli\u015fine sert \u015futu savunmadan d\u00f6nd\u00fc.<\/p>\n\n\n\n<h3 class=\"wp-block-heading\">D\u00dcNYA KUPASI&#8217;NA VEDA ETT\u0130K<\/h3>\n\n\n\n<p class=\"wp-block-paragraph\">Kar\u015f\u0131la\u015fman\u0131n geri kalan\u0131nda ba\u015fka gol olmad\u0131 ve m\u00fccadeleyi Paraguay kazand\u0131. Bu sonu\u00e7la birlikte oynad\u0131\u011f\u0131 iki ma\u00e7 sonunda gol atamayan ve puan alamayan A Milli Tak\u0131m\u0131m\u0131z, son ma\u00e7 \u00f6ncesi D\u00fcnya Kupas\u0131&#8217;na veda etti. Paraguay ise 3 puana ula\u015ft\u0131. Grubun son hafta ma\u00e7\u0131nda A Milli Tak\u0131m\u0131m\u0131z, ABD ile kar\u015f\u0131 kar\u015f\u0131ya gelecek. Paraguay, Avustralya ile kozlar\u0131n\u0131 payla\u015facak.&nbsp;<\/p>\n\n\n\n<figure class=\"wp-block-image\"><img decoding=\"async\" src=\"https:\/\/foto.haberler.com\/haber\/2026\/06\/20\/hayallerimiz-buraya-kadarmis-a-19969231-6463_1_m.jpg\" alt=\"\"\/><\/figure>\n","protected":false},"excerpt":{"rendered":"<p>A Milli Futbol Tak\u0131m\u0131m\u0131z 2026 FIFA D\u00fcnya Kupas\u0131 D Grubu ikinci ma\u00e7\u0131nda Paraguay&#8217;a 1-0 kaybetti.<\/p>\n","protected":false},"author":1,"featured_media":3386,"comment_status":"open","ping_status":"open","sticky":false,"template":"","format":"standard","meta":{"_rtcl_gb_attr":"","footnotes":""},"categories":[3],"tags":[],"class_list":["post-3385","post","type-post","status-publish","format-standard","has-post-thumbnail","hentry","category-spor"],"_links":{"self":[{"href":"https:\/\/turkiyemhaber.com\/index.php?rest_route=\/wp\/v2\/posts\/3385","targetHints":{"allow":["GET"]}}],"collection":[{"href":"https:\/\/turkiyemhaber.com\/index.php?rest_route=\/wp\/v2\/posts"}],"about":[{"href":"https:\/\/turkiyemhaber.com\/index.php?rest_route=\/wp\/v2\/types\/post"}],"author":[{"embeddable":true,"href":"https:\/\/turkiyemhaber.com\/index.php?rest_route=\/wp\/v2\/users\/1"}],"replies":[{"embeddable":true,"href":"https:\/\/turkiyemhaber.com\/index.php?rest_route=%2Fwp%2Fv2%2Fcomments&post=3385"}],"version-history":[{"count":1,"href":"https:\/\/turkiyemhaber.com\/index.php?rest_route=\/wp\/v2\/posts\/3385\/revisions"}],"predecessor-version":[{"id":3387,"href":"https:\/\/turkiyemhaber.com\/index.php?rest_route=\/wp\/v2\/posts\/3385\/revisions\/3387"}],"wp:featuredmedia":[{"embeddable":true,"href":"https:\/\/turkiyemhaber.com\/index.php?rest_route=\/wp\/v2\/media\/3386"}],"wp:attachment":[{"href":"https:\/\/turkiyemhaber.com\/index.php?rest_route=%2Fwp%2Fv2%2Fmedia&parent=3385"}],"wp:term":[{"taxonomy":"category","embeddable":true,"href":"https:\/\/turkiyemhaber.com\/index.php?rest_route=%2Fwp%2Fv2%2Fcategories&post=3385"},{"taxonomy":"post_tag","embeddable":true,"href":"https:\/\/turkiyemhaber.com\/index.php?rest_route=%2Fwp%2Fv2%2Ftags&post=3385"}],"curies":[{"name":"wp","href":"https:\/\/api.w.org\/{rel}","templated":true}]}}