{"id":3382,"date":"2026-06-20T11:52:41","date_gmt":"2026-06-20T11:52:41","guid":{"rendered":"https:\/\/turkiyemhaber.com\/?p=3382"},"modified":"2026-06-20T11:52:44","modified_gmt":"2026-06-20T11:52:44","slug":"kadikoy-sabiha-gokcen-metrosu-raydan-cikti-3-yarali","status":"publish","type":"post","link":"https:\/\/turkiyemhaber.com\/?p=3382","title":{"rendered":"Kad\u0131k\u00f6y-Sabiha G\u00f6k\u00e7en metrosu raydan \u00e7\u0131kt\u0131: 3 yaral\u0131"},"content":{"rendered":"\n<p class=\"wp-block-paragraph\">Kad\u0131k\u00f6y ile Sabiha G\u00f6k\u00e7en Havaliman\u0131 aras\u0131nda sefer yapan metro, Bostanc\u0131 dura\u011f\u0131nda raydan \u00e7\u0131kt\u0131. Trenden kendi imkanlar\u0131yla \u00e7\u0131kan yolcular t\u00fcnelde y\u00fcr\u00fcd\u00fc. Yaralanan 3 ki\u015fi hastaneye kald\u0131r\u0131ld\u0131.<\/p>\n\n\n\n<ul class=\"wp-block-list\">\n<li>\u0130stanbul&#8217;da Kad\u0131k\u00f6y-Sabiha G\u00f6k\u00e7en metrosu Bostanc\u0131 dura\u011f\u0131nda raydan \u00e7\u0131kt\u0131.<\/li>\n\n\n\n<li>Kazada 3 ki\u015fi yaraland\u0131 ve hastaneye kald\u0131r\u0131ld\u0131.<\/li>\n\n\n\n<li>Metro seferleri teknik ar\u0131za nedeniyle Maltepe-Sabiha G\u00f6k\u00e7en Havaliman\u0131 istasyonlar\u0131 aras\u0131nda yap\u0131l\u0131yor.<\/li>\n<\/ul>\n\n\n\n<p class=\"wp-block-paragraph\">\u0130stanbul&#8217;da Kad\u0131k\u00f6y-Sabiha G\u00f6k\u00e7en metrosu, Bostanc\u0131 dura\u011f\u0131nda hen\u00fcz belirlenemeyen nedenle raydan \u00e7\u0131kt\u0131.<\/p>\n\n\n\n<h3 class=\"wp-block-heading\">YOLCULAR T\u00dcNELDE Y\u00dcR\u00dcMEK ZORUNDA KALDI<\/h3>\n\n\n\n<p class=\"wp-block-paragraph\">Trenden kendi imkanlar\u0131yla \u00e7\u0131kan yolcular, bir s\u00fcre t\u00fcnelde y\u00fcr\u00fcd\u00fc.&nbsp;Olay yerine itfaiye, sa\u011fl\u0131k ve metro ekipleri sevk edildi.&nbsp;<\/p>\n\n\n\n<h3 class=\"wp-block-heading\">3 K\u0130\u015e\u0130 YARALANDI<\/h3>\n\n\n\n<p class=\"wp-block-paragraph\">Konuya ili\u015fkin Metro \u0130stanbul&#8217;dan yap\u0131lan a\u00e7\u0131klamada, &#8220;M4 Kad\u0131k\u00f6y-Sabiha G\u00f6k\u00e7en Havaliman\u0131 Metro Hatt\u0131&#8217;nda teknik bir ar\u0131za nedeniyle seferler Maltepe-Sabiha G\u00f6k\u00e7en Havaliman\u0131 istasyonlar\u0131 aras\u0131nda yap\u0131lmaktad\u0131r&#8221; ifadeleri kullan\u0131ld\u0131. Yaralanan 3 ki\u015fi hastaneye kald\u0131r\u0131ld\u0131.<\/p>\n\n\n\n<h3 class=\"wp-block-heading\">&#8216;EK\u0130PLER\u0130M\u0130Z OLAY YER\u0130NDE&#8217;<\/h3>\n\n\n\n<p class=\"wp-block-paragraph\">Konuya ili\u015fkin sanal medya hesab\u0131ndan a\u00e7\u0131klamada bulunan \u0130stanbul \u0130l Sa\u011fl\u0131k M\u00fcd\u00fcr\u00fc Do\u00e7. Dr. Abdullah Emre G\u00fcner, &#8220;M4 Kad\u0131k\u00f6y\u2013Sabiha G\u00f6k\u00e7en Havaliman\u0131 Metro Hatt\u0131\u2019nda meydana gelen olay\u0131n ard\u0131ndan b\u00f6lgeye \u00e7ok say\u0131da 112 Acil Sa\u011fl\u0131k Ekibi ve UMKE personeli y\u00f6nlendirilmi\u015ftir. Ekiplerimiz olay yerinde gerekli sa\u011fl\u0131k tedbirlerini alm\u0131\u015f olup, ilgili kurumlarla koordinasyon halinde \u00e7al\u0131\u015fmalar\u0131n\u0131 s\u00fcrd\u00fcrmektedir&#8221; dedi.<\/p>\n\n\n\n<p class=\"wp-block-paragraph\"><strong>\u0130\u015fte t\u00fcnelden foto\u011fraflar:<\/strong><\/p>\n\n\n\n<figure class=\"wp-block-image\"><img decoding=\"async\" src=\"https:\/\/foto.haberler.com\/haber\/2026\/06\/19\/kadikoy-sabiha-gokcen-metrosu-19968294-5892_1_m.jpg\" alt=\"\"\/><\/figure>\n\n\n\n<figure class=\"wp-block-image\"><img decoding=\"async\" src=\"https:\/\/foto.haberler.com\/haber\/2026\/06\/19\/kadikoy-sabiha-gokcen-metrosu-19968294-2010_1_m.jpg\" alt=\"\"\/><\/figure>\n\n\n\n<figure class=\"wp-block-image\"><img decoding=\"async\" src=\"https:\/\/foto.haberler.com\/haber\/2026\/06\/19\/kadikoy-sabiha-gokcen-metrosu-19968294-6777_1_m.jpg\" alt=\"\"\/><\/figure>\n\n\n\n<figure class=\"wp-block-image\"><img decoding=\"async\" src=\"https:\/\/foto.haberler.com\/haber\/2026\/06\/19\/kadikoy-sabiha-gokcen-metrosu-19968294-8331_1_m.jpg\" alt=\"\"\/><\/figure>\n","protected":false},"excerpt":{"rendered":"<p>Kad\u0131k\u00f6y ile Sabiha G\u00f6k\u00e7en Havaliman\u0131 aras\u0131nda sefer yapan metro, Bostanc\u0131 dura\u011f\u0131nda raydan \u00e7\u0131kt\u0131. Trenden kendi<\/p>\n","protected":false},"author":1,"featured_media":3383,"comment_status":"open","ping_status":"open","sticky":false,"template":"","format":"standard","meta":{"_rtcl_gb_attr":"","footnotes":""},"categories":[1],"tags":[],"class_list":["post-3382","post","type-post","status-publish","format-standard","has-post-thumbnail","hentry","category-http-turkiyemhaber-com-wp-content-uploads-2026-03-saray-59-haber-13-mart-pdf"],"_links":{"self":[{"href":"https:\/\/turkiyemhaber.com\/index.php?rest_route=\/wp\/v2\/posts\/3382","targetHints":{"allow":["GET"]}}],"collection":[{"href":"https:\/\/turkiyemhaber.com\/index.php?rest_route=\/wp\/v2\/posts"}],"about":[{"href":"https:\/\/turkiyemhaber.com\/index.php?rest_route=\/wp\/v2\/types\/post"}],"author":[{"embeddable":true,"href":"https:\/\/turkiyemhaber.com\/index.php?rest_route=\/wp\/v2\/users\/1"}],"replies":[{"embeddable":true,"href":"https:\/\/turkiyemhaber.com\/index.php?rest_route=%2Fwp%2Fv2%2Fcomments&post=3382"}],"version-history":[{"count":1,"href":"https:\/\/turkiyemhaber.com\/index.php?rest_route=\/wp\/v2\/posts\/3382\/revisions"}],"predecessor-version":[{"id":3384,"href":"https:\/\/turkiyemhaber.com\/index.php?rest_route=\/wp\/v2\/posts\/3382\/revisions\/3384"}],"wp:featuredmedia":[{"embeddable":true,"href":"https:\/\/turkiyemhaber.com\/index.php?rest_route=\/wp\/v2\/media\/3383"}],"wp:attachment":[{"href":"https:\/\/turkiyemhaber.com\/index.php?rest_route=%2Fwp%2Fv2%2Fmedia&parent=3382"}],"wp:term":[{"taxonomy":"category","embeddable":true,"href":"https:\/\/turkiyemhaber.com\/index.php?rest_route=%2Fwp%2Fv2%2Fcategories&post=3382"},{"taxonomy":"post_tag","embeddable":true,"href":"https:\/\/turkiyemhaber.com\/index.php?rest_route=%2Fwp%2Fv2%2Ftags&post=3382"}],"curies":[{"name":"wp","href":"https:\/\/api.w.org\/{rel}","templated":true}]}}