{"id":3379,"date":"2026-06-20T11:50:06","date_gmt":"2026-06-20T11:50:06","guid":{"rendered":"https:\/\/turkiyemhaber.com\/?p=3379"},"modified":"2026-06-20T11:50:09","modified_gmt":"2026-06-20T11:50:09","slug":"dunyaca-unlu-muzisyen-sami-yusufun-turkiye-konserleri-ertelendi","status":"publish","type":"post","link":"https:\/\/turkiyemhaber.com\/?p=3379","title":{"rendered":"D\u00fcnyaca \u00fcnl\u00fc m\u00fczisyen Sami Yusuf&#8217;un T\u00fcrkiye konserleri ertelendi"},"content":{"rendered":"\n<p class=\"wp-block-paragraph\">D\u00fcnyaca \u00fcnl\u00fc m\u00fczisyen Sami Yusuf&#8217;un haziran ay\u0131nda \u0130stanbul ve Ankara&#8217;da yap\u0131lmas\u0131 planlanan konserleri lojistik zorluklar nedeniyle eyl\u00fcl ay\u0131na ertelendi. Yeni tarihler 23-24 Eyl\u00fcl Ankara, 27-28 Eyl\u00fcl \u0130stanbul olarak a\u00e7\u0131kland\u0131. Biletler ge\u00e7erli olacak, iade ve de\u011fi\u015fim 22 Haziran&#8217;da ba\u015flayacak.<\/p>\n\n\n\n<ul class=\"wp-block-list\">\n<li>Sami Yusuf&#8217;un \u0130stanbul ve Ankara&#8217;daki konserleri lojistik sorunlar nedeniyle eyl\u00fcl ay\u0131na ertelendi.<\/li>\n\n\n\n<li>Yeni konser tarihleri: Ankara&#8217;da 23-24 Eyl\u00fcl, \u0130stanbul&#8217;da 27-28 Eyl\u00fcl.<\/li>\n\n\n\n<li>Ertelenen konserler i\u00e7in al\u0131nan biletler yeni tarihlerde ge\u00e7erli olacak, bilet iade ve de\u011fi\u015fim i\u015flemleri 22 Haziran&#8217;da ba\u015flayacak.<\/li>\n<\/ul>\n\n\n\n<p class=\"wp-block-paragraph\">D\u00fcnyaca \u00fcnl\u00fc m\u00fczisyen Sami Yusuf&#8217;un gelecek hafta \u0130stanbul ve Ankara&#8217;da ger\u00e7ekle\u015ftirmesi planlanan konserleri ertelendi. Sanat\u00e7\u0131n\u0131n ve Anadolu PSM&#8217;nin sosyal medya hesaplar\u0131ndan yap\u0131lan a\u00e7\u0131klamada, konserlerin yeni tarihlerinin eyl\u00fcl ay\u0131na al\u0131nd\u0131\u011f\u0131 duyuruldu.<\/p>\n\n\n\n<h3 class=\"wp-block-heading\">LOJ\u0130ST\u0130K SORUNLAR NEDEN\u0130YLE YEN\u0130DEN PLANLANDI<\/h3>\n\n\n\n<p class=\"wp-block-paragraph\">Ortak a\u00e7\u0131klamada, &#8220;Live in&nbsp;<a href=\"https:\/\/www.haberler.com\/turkiye\/\"><strong>T\u00fcrkiye<\/strong><\/a>&#8221; konser serisinin beklenmedik ve a\u015f\u0131lmas\u0131 m\u00fcmk\u00fcn olmayan lojistik zorluklar nedeniyle yeniden planland\u0131\u011f\u0131 belirtildi. Konuyla ilgili a\u00e7\u0131klama yapan Sami Yusuf, T\u00fcrkiye&#8217;deki ve d\u00fcnyan\u0131n d\u00f6rt bir yan\u0131ndaki hayranlar\u0131na duydu\u011fu de\u011feri vurgulayarak yeni tarihlerin belirlenmesi i\u00e7in b\u00fcy\u00fck \u00e7aba g\u00f6sterdiklerini ifade etti.<\/p>\n\n\n\n<h3 class=\"wp-block-heading\">YEN\u0130 KONSER TAR\u0130HLER\u0130 A\u00c7IKLANDI<\/h3>\n\n\n\n<p class=\"wp-block-paragraph\">Yap\u0131lan duyuruya g\u00f6re Sami Yusuf, 23-24 Eyl\u00fcl tarihlerinde Ankara&#8217;daki Congresium&#8217;da, 27-28 Eyl\u00fcl tarihlerinde ise \u0130stanbul Kongre Merkezi&#8217;nde sahne alacak. Sanat\u00e7\u0131, ertelenen konserlerin planland\u0131\u011f\u0131 \u015fekilde ger\u00e7ekle\u015ftirilece\u011fini belirtti.<\/p>\n\n\n\n<h3 class=\"wp-block-heading\">&#8220;BU KARARI ALMAK \u0130NANILMAZ DERECEDE ZORDU&#8221;<\/h3>\n\n\n\n<p class=\"wp-block-paragraph\">A\u00e7\u0131klamas\u0131nda hayranlar\u0131ndan \u00f6z\u00fcr dileyen Yusuf, &#8220;Bunun bir\u00e7o\u011funuz i\u00e7in rahats\u0131zl\u0131k yaratabilece\u011fini biliyorum. Bu t\u00fcr kararlar\u0131 almak inan\u0131lmaz derecede zor ve \u00fcz\u00fcc\u00fc ancak sizlere m\u00fcmk\u00fcn olan en iyi deneyimi sunabilmek ad\u0131na bu de\u011fi\u015fiklik gerekliydi&#8221; ifadelerini kulland\u0131.<\/p>\n\n\n\n<h3 class=\"wp-block-heading\">T\u00dcRK\u0130YE MESAJI VERD\u0130<\/h3>\n\n\n\n<p class=\"wp-block-paragraph\">T\u00fcrkiye&#8217;de sahne alacak olmaktan duydu\u011fu mutlulu\u011fu dile getiren sanat\u00e7\u0131, &#8220;T\u00fcrk topraklar\u0131nda, \u0130pek Yolu&#8217;nun g\u00f6rkemli k\u00fclt\u00fcrlerini kutlayan d\u00f6rt \u00f6zel ve samimi konseri sizlerle bulu\u015fturma onuruna hala sahip oldu\u011fum i\u00e7in \u00e7ok mutluyum&#8221; dedi.<\/p>\n\n\n\n<h3 class=\"wp-block-heading\">B\u0130LETLER GE\u00c7ERL\u0130 OLACAK<\/h3>\n\n\n\n<p class=\"wp-block-paragraph\">Haziran ay\u0131nda d\u00fczenlenmesi planlanan konserler i\u00e7in sat\u0131n al\u0131nan biletlerin yeni tarihlerde de ge\u00e7erli olaca\u011f\u0131 a\u00e7\u0131kland\u0131. Konserlere kat\u0131lamayacak olan dinleyiciler i\u00e7in bilet de\u011fi\u015fim ve iade i\u015flemlerinin ise 22 Haziran&#8217;da ba\u015flayaca\u011f\u0131 bildirildi.<\/p>\n","protected":false},"excerpt":{"rendered":"<p>D\u00fcnyaca \u00fcnl\u00fc m\u00fczisyen Sami Yusuf&#8217;un haziran ay\u0131nda \u0130stanbul ve Ankara&#8217;da yap\u0131lmas\u0131 planlanan konserleri lojistik zorluklar<\/p>\n","protected":false},"author":1,"featured_media":3380,"comment_status":"open","ping_status":"open","sticky":false,"template":"","format":"standard","meta":{"_rtcl_gb_attr":"","footnotes":""},"categories":[41],"tags":[],"class_list":["post-3379","post","type-post","status-publish","format-standard","has-post-thumbnail","hentry","category-magazin"],"_links":{"self":[{"href":"https:\/\/turkiyemhaber.com\/index.php?rest_route=\/wp\/v2\/posts\/3379","targetHints":{"allow":["GET"]}}],"collection":[{"href":"https:\/\/turkiyemhaber.com\/index.php?rest_route=\/wp\/v2\/posts"}],"about":[{"href":"https:\/\/turkiyemhaber.com\/index.php?rest_route=\/wp\/v2\/types\/post"}],"author":[{"embeddable":true,"href":"https:\/\/turkiyemhaber.com\/index.php?rest_route=\/wp\/v2\/users\/1"}],"replies":[{"embeddable":true,"href":"https:\/\/turkiyemhaber.com\/index.php?rest_route=%2Fwp%2Fv2%2Fcomments&post=3379"}],"version-history":[{"count":1,"href":"https:\/\/turkiyemhaber.com\/index.php?rest_route=\/wp\/v2\/posts\/3379\/revisions"}],"predecessor-version":[{"id":3381,"href":"https:\/\/turkiyemhaber.com\/index.php?rest_route=\/wp\/v2\/posts\/3379\/revisions\/3381"}],"wp:featuredmedia":[{"embeddable":true,"href":"https:\/\/turkiyemhaber.com\/index.php?rest_route=\/wp\/v2\/media\/3380"}],"wp:attachment":[{"href":"https:\/\/turkiyemhaber.com\/index.php?rest_route=%2Fwp%2Fv2%2Fmedia&parent=3379"}],"wp:term":[{"taxonomy":"category","embeddable":true,"href":"https:\/\/turkiyemhaber.com\/index.php?rest_route=%2Fwp%2Fv2%2Fcategories&post=3379"},{"taxonomy":"post_tag","embeddable":true,"href":"https:\/\/turkiyemhaber.com\/index.php?rest_route=%2Fwp%2Fv2%2Ftags&post=3379"}],"curies":[{"name":"wp","href":"https:\/\/api.w.org\/{rel}","templated":true}]}}