{"id":3376,"date":"2026-06-20T11:48:06","date_gmt":"2026-06-20T11:48:06","guid":{"rendered":"https:\/\/turkiyemhaber.com\/?p=3376"},"modified":"2026-06-20T11:48:10","modified_gmt":"2026-06-20T11:48:10","slug":"mutlak-butlan-kararindan-haberi-var-miydi-kilicdaroglundan-net-yanit","status":"publish","type":"post","link":"https:\/\/turkiyemhaber.com\/?p=3376","title":{"rendered":"&#8220;Mutlak butlan&#8221; karar\u0131ndan haberi var m\u0131yd\u0131? K\u0131l\u0131\u00e7daro\u011flu&#8217;ndan net yan\u0131t"},"content":{"rendered":"\n<p class=\"wp-block-paragraph\">Mahkemenin mutlak butlan karar\u0131ndan bir g\u00fcn \u00f6nce yay\u0131mlad\u0131\u011f\u0131 videoda &#8220;ar\u0131nma&#8221; \u00e7a\u011fr\u0131s\u0131 yapan, bu nedenle karardan haberi oldu\u011fu iddia edilen Kemal K\u0131l\u0131\u00e7daro\u011flu kat\u0131ld\u0131\u011f\u0131 canl\u0131 yay\u0131nda iddiay\u0131 reddetti. \u00c7ok gergin oldu\u011fu g\u00f6r\u00fclen K\u0131l\u0131\u00e7daro\u011flu, &#8220;Bak\u0131n e\u011fer bir g\u00fcn benim mahkemeye gitti\u011fimi, bir g\u00fcn bir yarg\u0131\u00e7la konu\u015ftu\u011fumu ya da herhangi bir ili\u015fkide bulundu\u011fumu kan\u0131tlarsan\u0131z ben yar\u0131n sabah CHP Genel Ba\u015fkanl\u0131\u011f\u0131n\u0131 b\u0131rak\u0131yorum.&#8221; dedi.<\/p>\n\n\n\n<ul class=\"wp-block-list\">\n<li>Kemal K\u0131l\u0131\u00e7daro\u011flu, mahkemenin mutlak butlan karar\u0131ndan bir g\u00fcn \u00f6nce yay\u0131mlad\u0131\u011f\u0131 &#8216;ar\u0131nma&#8217; videosu nedeniyle karardan \u00f6nceden haberdar oldu\u011fu iddialar\u0131n\u0131 reddetti.<\/li>\n\n\n\n<li>K\u0131l\u0131\u00e7daro\u011flu, mahkeme heyetiyle veya herhangi bir yarg\u0131\u00e7la \u00f6nceden ileti\u015fime ge\u00e7ti\u011fine dair iddialar\u0131n as\u0131ls\u0131z oldu\u011funu s\u00f6yledi.<\/li>\n\n\n\n<li>K\u0131l\u0131\u00e7daro\u011flu, bir g\u00fcn \u00f6nceden mahkemeye gitti\u011fini veya bir yarg\u0131\u00e7la konu\u015ftu\u011funu kan\u0131tlayan olursa genel ba\u015fkanl\u0131\u011f\u0131 b\u0131rakaca\u011f\u0131n\u0131 belirtti.<\/li>\n<\/ul>\n\n\n\n<p class=\"wp-block-paragraph\">CHP Genel Ba\u015fkan\u0131 Kemal K\u0131l\u0131\u00e7daro\u011flu, mahkemenin mutlak butlan karar\u0131ndan bir g\u00fcn \u00f6nce yay\u0131mlad\u0131\u011f\u0131 &#8220;ar\u0131nma&#8221; videosu nedeniyle karardan \u00f6nceden haberdar oldu\u011fu y\u00f6n\u00fcndeki iddialar\u0131 kat\u0131ld\u0131\u011f\u0131 canl\u0131 yay\u0131nda kesin bir dille reddetti. Olduk\u00e7a gergin oldu\u011fu g\u00f6zlenen K\u0131l\u0131\u00e7daro\u011flu, mahkeme heyetiyle veya herhangi bir yarg\u0131\u00e7la \u00f6nceden ileti\u015fime ge\u00e7ti\u011fine dair iddialar\u0131n tamamen as\u0131ls\u0131z oldu\u011funu vurgulad\u0131.<\/p>\n\n\n\n<h3 class=\"wp-block-heading\">&#8220;KANITLARSANIZ YARIN GENEL BA\u015eKANLI\u011eI BIRAKIYORUM&#8221;<\/h3>\n\n\n\n<p class=\"wp-block-paragraph\">S\u00f6zc\u00fc Tv canl\u0131 yay\u0131n\u0131nda konu\u015fan K\u0131l\u0131\u00e7daro\u011flu \u015funlar\u0131 s\u00f6yledi:&nbsp;&#8220;Ben karar\u0131n \u00e7\u0131kaca\u011f\u0131n\u0131 bilseydim bir g\u00fcn \u00f6nceden b\u00f6yle video yay\u0131nlar m\u0131y\u0131m?<\/p>\n\n\n\n<p class=\"wp-block-paragraph\">Ben zaten belli d\u00f6nemlerde normal videolar \u00e7ekiyorum. Bak\u0131n e\u011fer bir g\u00fcn benim mahkemeye gitti\u011fimi, bir g\u00fcn bir yarg\u0131\u00e7la konu\u015ftu\u011fumu ya da herhangi bir ili\u015fkide bulundu\u011fumu kan\u0131tlarsan\u0131z ben yar\u0131n sabah CHP Genel Ba\u015fkanl\u0131\u011f\u0131n\u0131 b\u0131rak\u0131yorum.<\/p>\n\n\n\n<h3 class=\"wp-block-heading\">&#8220;PART\u0130N\u0130N K\u0130RL\u0130L\u0130KTEN ARINMASI LAZIM&#8221;<\/h3>\n\n\n\n<p class=\"wp-block-paragraph\">B\u00f6yle olaylar do\u011frudan do\u011fruya y\u0131pratma amac\u0131yla ortaya at\u0131l\u0131yor. Ar\u0131nmaktan bahsediyorum videoda. Daha \u00f6nce de s\u00f6yledim, defalarca kez s\u00f6yledim. Partinin kirlilikten ar\u0131nmas\u0131 laz\u0131m nokta. Bug\u00fcn de ayn\u0131 \u015feyi s\u00f6yl\u00fcyorum. Bu parti kirlili\u011fi kabul etmez.<\/p>\n\n\n\n<p class=\"wp-block-paragraph\">Tarihte bize kom\u00fcnist dendi, fa\u015fist dendi, dinsiz parti dendi. Ancak hi\u00e7bir zaman, hi\u00e7bir d\u00f6nemde partinin ahlaki \u00fcst\u00fcnl\u00fc\u011f\u00fcne y\u00f6nelik hi\u00e7bir s\u00f6z s\u00f6ylenmedi. Partinin temel \u00f6zelli\u011fi ahlaki k\u00fclt\u00fcr\u00fcn\u00fcn y\u00fcksek olmas\u0131d\u0131r. CHP&#8217;li birisi konu\u015ftu\u011funda herkes dikkatle dinler, \u00e7\u00fcnk\u00fc bilirler ki bu ki\u015finin ahlaki \u00fcst\u00fcnl\u00fc\u011f\u00fc vard\u0131r. Ahlak \u00fczerinden b\u00fct\u00fcn ele\u015ftiriler dikkate al\u0131nmal\u0131d\u0131r. Parti asla kirlili\u011fi kabul etmez.&#8221;<\/p>\n","protected":false},"excerpt":{"rendered":"<p>Mahkemenin mutlak butlan karar\u0131ndan bir g\u00fcn \u00f6nce yay\u0131mlad\u0131\u011f\u0131 videoda &#8220;ar\u0131nma&#8221; \u00e7a\u011fr\u0131s\u0131 yapan, bu nedenle karardan<\/p>\n","protected":false},"author":1,"featured_media":3377,"comment_status":"open","ping_status":"open","sticky":false,"template":"","format":"standard","meta":{"_rtcl_gb_attr":"","footnotes":""},"categories":[44],"tags":[],"class_list":["post-3376","post","type-post","status-publish","format-standard","has-post-thumbnail","hentry","category-politika"],"_links":{"self":[{"href":"https:\/\/turkiyemhaber.com\/index.php?rest_route=\/wp\/v2\/posts\/3376","targetHints":{"allow":["GET"]}}],"collection":[{"href":"https:\/\/turkiyemhaber.com\/index.php?rest_route=\/wp\/v2\/posts"}],"about":[{"href":"https:\/\/turkiyemhaber.com\/index.php?rest_route=\/wp\/v2\/types\/post"}],"author":[{"embeddable":true,"href":"https:\/\/turkiyemhaber.com\/index.php?rest_route=\/wp\/v2\/users\/1"}],"replies":[{"embeddable":true,"href":"https:\/\/turkiyemhaber.com\/index.php?rest_route=%2Fwp%2Fv2%2Fcomments&post=3376"}],"version-history":[{"count":1,"href":"https:\/\/turkiyemhaber.com\/index.php?rest_route=\/wp\/v2\/posts\/3376\/revisions"}],"predecessor-version":[{"id":3378,"href":"https:\/\/turkiyemhaber.com\/index.php?rest_route=\/wp\/v2\/posts\/3376\/revisions\/3378"}],"wp:featuredmedia":[{"embeddable":true,"href":"https:\/\/turkiyemhaber.com\/index.php?rest_route=\/wp\/v2\/media\/3377"}],"wp:attachment":[{"href":"https:\/\/turkiyemhaber.com\/index.php?rest_route=%2Fwp%2Fv2%2Fmedia&parent=3376"}],"wp:term":[{"taxonomy":"category","embeddable":true,"href":"https:\/\/turkiyemhaber.com\/index.php?rest_route=%2Fwp%2Fv2%2Fcategories&post=3376"},{"taxonomy":"post_tag","embeddable":true,"href":"https:\/\/turkiyemhaber.com\/index.php?rest_route=%2Fwp%2Fv2%2Ftags&post=3376"}],"curies":[{"name":"wp","href":"https:\/\/api.w.org\/{rel}","templated":true}]}}