{"id":3373,"date":"2026-06-20T11:46:22","date_gmt":"2026-06-20T11:46:22","guid":{"rendered":"https:\/\/turkiyemhaber.com\/?p=3373"},"modified":"2026-06-20T11:46:26","modified_gmt":"2026-06-20T11:46:26","slug":"oyuncu-ece-irtemin-olumunde-korkunc-suphe-maymun-isirigi","status":"publish","type":"post","link":"https:\/\/turkiyemhaber.com\/?p=3373","title":{"rendered":"Oyuncu Ece \u0130rtem&#8217;in \u00f6l\u00fcm\u00fcnde korkun\u00e7 \u015f\u00fcphe: Maymun \u0131s\u0131r\u0131\u011f\u0131"},"content":{"rendered":"\n<p class=\"wp-block-paragraph\">&#8216;K\u0131z\u0131lc\u0131k \u015eerbeti&#8217; dizisiyle tan\u0131nan ve 35 ya\u015f\u0131nda aniden hayat\u0131n\u0131 kaybeden oyuncu Ece \u0130rtem&#8217;in vefat\u0131nda sars\u0131c\u0131 \u015f\u00fcphe! Ba\u015flang\u0131\u00e7ta kalp krizi ge\u00e7irdi\u011fi san\u0131lan gen\u00e7 oyuncunun, vefat\u0131ndan bir hafta \u00f6nce Tayland&#8217;da bir maymun taraf\u0131ndan \u0131s\u0131r\u0131ld\u0131\u011f\u0131 ortaya \u00e7\u0131kt\u0131. Ailenin avukat\u0131, \u00f6l\u00fcm nedeninin &#8220;sepsis&#8221; (kan zehirlenmesi) olabilece\u011fi ihtimaliyle savc\u0131l\u0131\u011fa ba\u015fvurarak otopsi talebinde bulundu.<\/p>\n\n\n\n<ul class=\"wp-block-list\">\n<li>Oyuncu Ece \u0130rtem, 15 Haziran 2026&#8217;da \u0130stanbul&#8217;daki evinde hayat\u0131n\u0131 kaybetti.<\/li>\n\n\n\n<li>\u0130lk de\u011ferlendirmede \u00f6l\u00fcm nedeni kalp krizi olarak belirtildi.<\/li>\n\n\n\n<li>Oyuncunun vefat\u0131ndan bir hafta \u00f6nce Tayland&#8217;da bir maymun taraf\u0131ndan \u0131s\u0131r\u0131ld\u0131\u011f\u0131 ve ailesinin avukat\u0131n\u0131n otopside bu durumun incelenmesi i\u00e7in savc\u0131l\u0131\u011fa ba\u015fvurdu\u011fu a\u00e7\u0131kland\u0131.<\/li>\n<\/ul>\n\n\n\n<p class=\"wp-block-paragraph\">&#8216;K\u0131z\u0131lc\u0131k \u015eerbeti&#8217; dizisinde canland\u0131rd\u0131\u011f\u0131 &#8216;I\u015f\u0131l&#8217; karakteriyle tan\u0131nan 35 ya\u015f\u0131ndaki gen\u00e7 oyuncu Ece \u0130rtem&#8217;in ani \u00f6l\u00fcm\u00fcyle ilgili sars\u0131c\u0131 bir iddia ortaya at\u0131ld\u0131. \u0130lk etapta kalp krizi olarak de\u011ferlendirilen \u00f6l\u00fcm\u00fcn arkas\u0131nda, oyuncunun vefat\u0131ndan bir hafta \u00f6nce gitti\u011fi Tayland gezisinde bir maymun taraf\u0131ndan \u0131s\u0131r\u0131lmas\u0131 \u015f\u00fcphesi yat\u0131yor. Ailenin avukat\u0131, otopside bu detay\u0131n incelenmesi i\u00e7in savc\u0131l\u0131\u011fa ba\u015fvurdu.<\/p>\n\n\n\n<p class=\"wp-block-paragraph\">\u0130stanbul&#8217;daki evinde ge\u00e7ti\u011fimiz pazartesi g\u00fcn\u00fc (15 Haziran) aniden fenala\u015farak hayat\u0131n\u0131 kaybeden \u00fcnl\u00fc oyuncu Ece \u0130rtem&#8217;in vefat\u0131, sanat d\u00fcnyas\u0131n\u0131 ve sevenlerini yasa bo\u011fmu\u015ftu. \u0130lk belirlemelerde 35 ya\u015f\u0131ndaki oyuncunun kalp krizi nedeniyle ya\u015fam\u0131n\u0131 yitirdi\u011fi \u00f6ne s\u00fcr\u00fcl\u00fcrken, bug\u00fcn soru\u015fturman\u0131n seyrini tamamen de\u011fi\u015ftirecek bir geli\u015fme ya\u015fand\u0131.<\/p>\n\n\n\n<figure class=\"wp-block-image\"><img decoding=\"async\" src=\"https:\/\/foto.haberler.com\/haber\/2026\/06\/19\/oyuncu-ece-irtemin-olumunde-ko-19967160-4805_1_m.jpg\" alt=\"\"\/><\/figure>\n\n\n\n<h3 class=\"wp-block-heading\">TAYLAND TAT\u0130L\u0130NDEK\u0130 G\u0130ZEML\u0130 YARA \u0130ZLER\u0130<\/h3>\n\n\n\n<p class=\"wp-block-paragraph\">Gazeteci Birsen Altunta\u015f&#8217;\u0131n haberine g\u00f6re; gen\u00e7 oyuncunun \u00f6l\u00fcm\u00fcn\u00fcn ard\u0131ndan sol kolunda tespit edilen yara izleri, aileyi ve hukuki temsilcileri harekete ge\u00e7irdi. Oyuncunun vefat\u0131ndan bir hafta \u00f6nce Tayland&#8217;a bir seyahat ger\u00e7ekle\u015ftirdi\u011fi ve bu seyahat s\u0131ras\u0131nda bir maymun taraf\u0131ndan \u0131s\u0131r\u0131ld\u0131\u011f\u0131 ortaya \u00e7\u0131kt\u0131.<\/p>\n\n\n\n<figure class=\"wp-block-image\"><img decoding=\"async\" src=\"https:\/\/foto.haberler.com\/haber\/2026\/06\/19\/oyuncu-ece-irtemin-olumunde-ko-75579470-9920_1_m.jpg\" alt=\"\"\/><\/figure>\n\n\n\n<h3 class=\"wp-block-heading\">AVUKAT SAVCILI\u011eA BA\u015eVURDU: SEPS\u0130S \u015e\u00dcPHES\u0130<\/h3>\n\n\n\n<p class=\"wp-block-paragraph\">Ece \u0130rtem&#8217;in ailesinin avukat\u0131 U\u011fur G\u00f6kkoyun, m\u00fcvekkilinin \u00f6l\u00fcm nedeninin arkas\u0131nda bu \u0131s\u0131r\u0131\u011f\u0131n olabilece\u011fine dair uzman g\u00f6r\u00fc\u015f\u00fc ald\u0131klar\u0131n\u0131 belirterek \u0130stanbul Cumhuriyet Ba\u015fsavc\u0131l\u0131\u011f\u0131na dilek\u00e7e verdi.&nbsp;Avukat G\u00f6kkoyun, konuya ili\u015fkin yapt\u0131\u011f\u0131 a\u00e7\u0131klamada \u015fu ifadeleri kulland\u0131:&nbsp;\u201c15.06.2026 g\u00fcn\u00fc evinde vefat eden m\u00fcvekkilim Ece \u0130rtem&#8217;in sol kolunda 3 adet nedbenin (yara izi) tespiti \u00fczerine aile bireyleriyle konu\u015fuldu\u011funda, Tayland gezisi esnas\u0131nda bir maymun taraf\u0131ndan \u0131s\u0131r\u0131ld\u0131\u011f\u0131n\u0131 ifade etmi\u015flerdir. Bu konuda uzman ki\u015filerle yap\u0131lan g\u00f6r\u00fc\u015fmede, maymun \u0131s\u0131r\u0131\u011f\u0131n\u0131n sepsis (kan zehirlenmesi) dahil \u00f6l\u00fcmc\u00fcl neticelerinin olabilece\u011fi \u00f6\u011frenilmi\u015ftir. Bug\u00fcn savc\u0131l\u0131\u011fa dilek\u00e7e verilerek otopside bu hususun da de\u011ferlendirilmesi talep edilmi\u015ftir.\u201d<\/p>\n\n\n\n<figure class=\"wp-block-image\"><img decoding=\"async\" src=\"https:\/\/foto.haberler.com\/haber\/2026\/06\/19\/oyuncu-ece-irtemin-olumunde-ko-19967160-3926_1_m.jpg\" alt=\"\"\/><\/figure>\n\n\n\n<h3 class=\"wp-block-heading\">KES\u0130N \u00d6L\u00dcM NEDEN\u0130 OTOPS\u0130DE NETLE\u015eECEK<\/h3>\n\n\n\n<p class=\"wp-block-paragraph\">Uzmanlar, vah\u015fi hayvan ve \u00f6zellikle maymun \u0131s\u0131r\u0131klar\u0131n\u0131n insan v\u00fccudunda h\u0131zla yay\u0131lan enfeksiyonlara ve kalbi de tetikleyebilecek \u00f6l\u00fcmc\u00fcl sepsis (kan zehirlenmesi) tablosuna yol a\u00e7abilece\u011fine dikkat \u00e7ekiyor.&nbsp;Gen\u00e7 oyuncunun kalp krizinden mi yoksa Tayland&#8217;da kapt\u0131\u011f\u0131 bir enfeksiyon neticesinde mi hayat\u0131n\u0131 kaybetti\u011fi, Adli T\u0131p Kurumu&#8217;nda yap\u0131lacak detayl\u0131 otopsi incelemesinin ard\u0131ndan netlik kazanacak. Soru\u015fturma s\u00fcr\u00fcyor.<\/p>\n","protected":false},"excerpt":{"rendered":"<p>&#8216;K\u0131z\u0131lc\u0131k \u015eerbeti&#8217; dizisiyle tan\u0131nan ve 35 ya\u015f\u0131nda aniden hayat\u0131n\u0131 kaybeden oyuncu Ece \u0130rtem&#8217;in vefat\u0131nda sars\u0131c\u0131<\/p>\n","protected":false},"author":1,"featured_media":3374,"comment_status":"open","ping_status":"open","sticky":false,"template":"","format":"standard","meta":{"_rtcl_gb_attr":"","footnotes":""},"categories":[1],"tags":[],"class_list":["post-3373","post","type-post","status-publish","format-standard","has-post-thumbnail","hentry","category-http-turkiyemhaber-com-wp-content-uploads-2026-03-saray-59-haber-13-mart-pdf"],"_links":{"self":[{"href":"https:\/\/turkiyemhaber.com\/index.php?rest_route=\/wp\/v2\/posts\/3373","targetHints":{"allow":["GET"]}}],"collection":[{"href":"https:\/\/turkiyemhaber.com\/index.php?rest_route=\/wp\/v2\/posts"}],"about":[{"href":"https:\/\/turkiyemhaber.com\/index.php?rest_route=\/wp\/v2\/types\/post"}],"author":[{"embeddable":true,"href":"https:\/\/turkiyemhaber.com\/index.php?rest_route=\/wp\/v2\/users\/1"}],"replies":[{"embeddable":true,"href":"https:\/\/turkiyemhaber.com\/index.php?rest_route=%2Fwp%2Fv2%2Fcomments&post=3373"}],"version-history":[{"count":1,"href":"https:\/\/turkiyemhaber.com\/index.php?rest_route=\/wp\/v2\/posts\/3373\/revisions"}],"predecessor-version":[{"id":3375,"href":"https:\/\/turkiyemhaber.com\/index.php?rest_route=\/wp\/v2\/posts\/3373\/revisions\/3375"}],"wp:featuredmedia":[{"embeddable":true,"href":"https:\/\/turkiyemhaber.com\/index.php?rest_route=\/wp\/v2\/media\/3374"}],"wp:attachment":[{"href":"https:\/\/turkiyemhaber.com\/index.php?rest_route=%2Fwp%2Fv2%2Fmedia&parent=3373"}],"wp:term":[{"taxonomy":"category","embeddable":true,"href":"https:\/\/turkiyemhaber.com\/index.php?rest_route=%2Fwp%2Fv2%2Fcategories&post=3373"},{"taxonomy":"post_tag","embeddable":true,"href":"https:\/\/turkiyemhaber.com\/index.php?rest_route=%2Fwp%2Fv2%2Ftags&post=3373"}],"curies":[{"name":"wp","href":"https:\/\/api.w.org\/{rel}","templated":true}]}}