{"id":3370,"date":"2026-06-20T11:43:23","date_gmt":"2026-06-20T11:43:23","guid":{"rendered":"https:\/\/turkiyemhaber.com\/?p=3370"},"modified":"2026-06-20T11:43:26","modified_gmt":"2026-06-20T11:43:26","slug":"gram-altin-cakildi","status":"publish","type":"post","link":"https:\/\/turkiyemhaber.com\/?p=3370","title":{"rendered":"Gram alt\u0131n \u00e7ak\u0131ld\u0131"},"content":{"rendered":"\n<p class=\"wp-block-paragraph\">Faizi sabit b\u0131rakan ABD Merkez Bankas\u0131 Fed&#8217;in faiz art\u0131r\u0131m\u0131na gidece\u011fine kesin g\u00f6z\u00fcyle bak\u0131lmas\u0131 ve ABD-\u0130ran sava\u015f\u0131nda var\u0131lan bar\u0131\u015f mutabakat\u0131 alt\u0131nda sat\u0131\u015f bask\u0131s\u0131n\u0131 art\u0131rd\u0131. G\u00fcne 6 bin 206 lira civar\u0131nda ba\u015flayan gram alt\u0131n ak\u015fam \u00e7ak\u0131ld\u0131. Gram alt\u0131n, y\u00fczde 1,48 d\u00fc\u015f\u00fc\u015fle 6 bin 193 TL&#8217;ye geriledi.<\/p>\n\n\n\n<ul class=\"wp-block-list\">\n<li>Gram alt\u0131n, ak\u015fam saatlerinde y\u00fczde 1,48 de\u011fer kayb\u0131yla 6.193 TL&#8217;ye geriledi.<\/li>\n\n\n\n<li>Fed&#8217;in faiz art\u0131raca\u011f\u0131 beklentisi ve ABD-\u0130ran bar\u0131\u015f mutabakat\u0131 alt\u0131n fiyatlar\u0131n\u0131 bask\u0131l\u0131yor.<\/li>\n\n\n\n<li>Alt\u0131n\u0131n ons fiyat\u0131 y\u00fczde 1,3 azal\u0131\u015fla 4.156 dolardan i\u015flem g\u00f6rd\u00fc.<\/li>\n<\/ul>\n\n\n\n<p class=\"wp-block-paragraph\">ABD Merkez Bankas\u0131\u2019n\u0131n (Fed) \u00f6n\u00fcm\u00fczdeki d\u00f6nemde faiz art\u0131raca\u011f\u0131na kesin g\u00f6z\u00fcyle bak\u0131lmas\u0131 ve ABD ile \u0130ran aras\u0131nda var\u0131lan bar\u0131\u015f mutabakat\u0131, alt\u0131n piyasas\u0131nda sert d\u00fc\u015f\u00fc\u015fe neden oldu. K\u00fcresel piyasalarda jeopolitik risklerin azalmas\u0131 ve g\u00fcvenli liman aray\u0131\u015f\u0131n\u0131n zay\u0131flamas\u0131yla birlikte alt\u0131n \u00fczerindeki sat\u0131\u015f bask\u0131s\u0131 h\u0131z kazand\u0131.<\/p>\n\n\n\n<h3 class=\"wp-block-heading\">GRAM ALTINDAK\u0130 D\u00dc\u015e\u00dc\u015e S\u00dcR\u00dcYOR<\/h3>\n\n\n\n<p class=\"wp-block-paragraph\">D\u00fcn ons fiyat\u0131ndaki azal\u0131\u015fa paralel de\u011fer kaybeden gram alt\u0131n, g\u00fcn\u00fc \u00f6nceki kapan\u0131\u015fa g\u00f6re y\u00fczde 1,3 d\u00fc\u015f\u00fc\u015fle 6 bin 205 liradan tamamlam\u0131\u015ft\u0131.<\/p>\n\n\n\n<p class=\"wp-block-paragraph\">Bug\u00fcne d\u00fc\u015f\u00fc\u015fle ba\u015flayan gram alt\u0131n, saat 10.25 itibar\u0131yla \u00f6nceki kapan\u0131\u015f\u0131n y\u00fczde 1,2 alt\u0131nda 6 bin 206 lira seviyesinde seyretti. Ayn\u0131 dakikalar itibar\u0131yla \u00e7eyrek alt\u0131n 10 bin 325 liradan, Cumhuriyet alt\u0131n\u0131 da 41 bin 250 liradan sat\u0131ld\u0131.&nbsp;Alt\u0131n\u0131n ons fiyat\u0131, bug\u00fcn y\u00fczde 1,3 azal\u0131\u015fla 4 bin 156 dolardan seyretti.<\/p>\n\n\n\n<h3 class=\"wp-block-heading\">AK\u015eAM Y\u00dcZDE 1,48 DE\u011eER KAYBETT\u0130<\/h3>\n\n\n\n<p class=\"wp-block-paragraph\">G\u00fcne 6 bin 206 lira seviyelerinde ba\u015flayan gram alt\u0131n, ak\u015fam saatlerinde \u00e7ak\u0131ld\u0131. G\u00fcn\u00fc y\u00fczde 1,48 de\u011fer kayb\u0131yla tamamlayan gram alt\u0131n, 6 bin 193 T\u00fcrk Liras\u0131 seviyesine kadar geriledi.<\/p>\n\n\n\n<h3 class=\"wp-block-heading\">ALTINDA SATI\u015e BASKISI<\/h3>\n\n\n\n<p class=\"wp-block-paragraph\">\u00d6te yandan ABD Merkez Bankas\u0131&#8217;n\u0131n (Fed) \u015fahin bir politika izlemesi ve para piyasalar\u0131ndaki fiyatlamalarda faiz art\u0131r\u0131m\u0131na gidece\u011fine bu y\u0131l kesin g\u00f6z\u00fcyle bak\u0131lmas\u0131yla dolara talebin artmas\u0131 alt\u0131n fiyatlar\u0131n\u0131 bask\u0131l\u0131yor.<\/p>\n\n\n\n<p class=\"wp-block-paragraph\">\u00d6te yandan \u0130svi\u00e7re D\u0131\u015fi\u015fleri Bakanl\u0131\u011f\u0131ndan yap\u0131lan yaz\u0131l\u0131 a\u00e7\u0131klamada, ABD-\u0130ran g\u00f6r\u00fc\u015fmelerinin iptal edildi\u011finin duyurulmas\u0131 da alt\u0131n ba\u015fta olmak \u00fczere de\u011ferli metal fiyatlar\u0131 \u00fczerindeki sat\u0131\u015f bask\u0131s\u0131n\u0131n artmas\u0131na neden oluyor.&nbsp;Analistler, bug\u00fcn yurt d\u0131\u015f\u0131nda ABD&#8217;de piyasalar\u0131n kapal\u0131 olaca\u011f\u0131n\u0131 belirtti.<\/p>\n","protected":false},"excerpt":{"rendered":"<p>Faizi sabit b\u0131rakan ABD Merkez Bankas\u0131 Fed&#8217;in faiz art\u0131r\u0131m\u0131na gidece\u011fine kesin g\u00f6z\u00fcyle bak\u0131lmas\u0131 ve ABD-\u0130ran<\/p>\n","protected":false},"author":1,"featured_media":3371,"comment_status":"open","ping_status":"open","sticky":false,"template":"","format":"standard","meta":{"_rtcl_gb_attr":"","footnotes":""},"categories":[14],"tags":[],"class_list":["post-3370","post","type-post","status-publish","format-standard","has-post-thumbnail","hentry","category-ekonomi"],"_links":{"self":[{"href":"https:\/\/turkiyemhaber.com\/index.php?rest_route=\/wp\/v2\/posts\/3370","targetHints":{"allow":["GET"]}}],"collection":[{"href":"https:\/\/turkiyemhaber.com\/index.php?rest_route=\/wp\/v2\/posts"}],"about":[{"href":"https:\/\/turkiyemhaber.com\/index.php?rest_route=\/wp\/v2\/types\/post"}],"author":[{"embeddable":true,"href":"https:\/\/turkiyemhaber.com\/index.php?rest_route=\/wp\/v2\/users\/1"}],"replies":[{"embeddable":true,"href":"https:\/\/turkiyemhaber.com\/index.php?rest_route=%2Fwp%2Fv2%2Fcomments&post=3370"}],"version-history":[{"count":1,"href":"https:\/\/turkiyemhaber.com\/index.php?rest_route=\/wp\/v2\/posts\/3370\/revisions"}],"predecessor-version":[{"id":3372,"href":"https:\/\/turkiyemhaber.com\/index.php?rest_route=\/wp\/v2\/posts\/3370\/revisions\/3372"}],"wp:featuredmedia":[{"embeddable":true,"href":"https:\/\/turkiyemhaber.com\/index.php?rest_route=\/wp\/v2\/media\/3371"}],"wp:attachment":[{"href":"https:\/\/turkiyemhaber.com\/index.php?rest_route=%2Fwp%2Fv2%2Fmedia&parent=3370"}],"wp:term":[{"taxonomy":"category","embeddable":true,"href":"https:\/\/turkiyemhaber.com\/index.php?rest_route=%2Fwp%2Fv2%2Fcategories&post=3370"},{"taxonomy":"post_tag","embeddable":true,"href":"https:\/\/turkiyemhaber.com\/index.php?rest_route=%2Fwp%2Fv2%2Ftags&post=3370"}],"curies":[{"name":"wp","href":"https:\/\/api.w.org\/{rel}","templated":true}]}}