{"id":3367,"date":"2026-06-20T11:40:11","date_gmt":"2026-06-20T11:40:11","guid":{"rendered":"https:\/\/turkiyemhaber.com\/?p=3367"},"modified":"2026-06-20T11:40:14","modified_gmt":"2026-06-20T11:40:14","slug":"cenaze-yolunda-feci-kaza-15-yasindaki-cocuk-hayatini-kaybetti","status":"publish","type":"post","link":"https:\/\/turkiyemhaber.com\/?p=3367","title":{"rendered":"Cenaze yolunda feci kaza! 15 ya\u015f\u0131ndaki \u00e7ocuk hayat\u0131n\u0131 kaybetti"},"content":{"rendered":"\n<p class=\"wp-block-paragraph\">Nev\u015fehir&#8217;de kontrolden \u00e7\u0131karak ayd\u0131nlatma dire\u011fine \u00e7arpan otomobilde bulunan 15 ya\u015f\u0131ndaki \u00e7ocuk ya\u015fam\u0131n\u0131 yitirdi, 3 ki\u015fi yaraland\u0131. Ac\u0131 olay\u0131n ard\u0131ndan hayat\u0131n\u0131 kaybeden \u00e7ocu\u011fun ailesiyle birlikte anneannesinin cenazesine kat\u0131lmak i\u00e7in yola \u00e7\u0131kt\u0131\u011f\u0131 ortaya \u00e7\u0131kt\u0131.<\/p>\n\n\n\n<ul class=\"wp-block-list\">\n<li>Nev\u015fehir-Kayseri kara yolunda bir otomobil kontrolden \u00e7\u0131karak ayd\u0131nlatma dire\u011fine \u00e7arpt\u0131.<\/li>\n\n\n\n<li>Kazada 15 ya\u015f\u0131ndaki A.B.A. hayat\u0131n\u0131 kaybetti, 3 ki\u015fi yaraland\u0131.<\/li>\n\n\n\n<li>Hayat\u0131n\u0131 kaybeden \u00e7ocuk, ailesiyle birlikte \u0130zmir&#8217;den Kayseri&#8217;ye anneannesinin cenazesine kat\u0131lmak i\u00e7in yola \u00e7\u0131km\u0131\u015ft\u0131.<\/li>\n<\/ul>\n\n\n\n<p class=\"wp-block-paragraph\">Nev\u015fehir-Kayseri kara yolu \u00d6\u011fretmenevi kar\u015f\u0131s\u0131nda sabah saatlerinde y\u00fcrek yakan bir kaza meydana geldi.&nbsp;Edinilen bilgilere g\u00f6re, A.A. y\u00f6netimindeki otomobil, s\u00fcr\u00fcc\u00fcs\u00fcn\u00fcn direksiyon hakimiyetini kaybetmesi sonucu kontrolden \u00e7\u0131karak orta ref\u00fcjdeki ayd\u0131nlatma dire\u011fine \u00e7arpt\u0131.<\/p>\n\n\n\n<figure class=\"wp-block-image\"><img decoding=\"async\" src=\"https:\/\/foto.haberler.com\/haber\/2026\/06\/20\/cenaze-yolunda-feci-kaza-15-ya-19969216-7499_1_m.jpg\" alt=\"\"\/><\/figure>\n\n\n\n<h3 class=\"wp-block-heading\">15 YA\u015eINDAK\u0130 \u00c7OCUK \u00d6LD\u00dc, 3 K\u0130\u015e\u0130 YARALANDI<\/h3>\n\n\n\n<p class=\"wp-block-paragraph\">Kazay\u0131 g\u00f6ren vatanda\u015flar\u0131n ihbar\u0131 \u00fczerine olay yerine sa\u011fl\u0131k, polis, AFAD ve itfaiye ekipleri sevk edildi. Ara\u00e7ta s\u0131k\u0131\u015fan s\u00fcr\u00fcc\u00fc, itfaiye ekiplerinin \u00e7al\u0131\u015fmas\u0131yla s\u0131k\u0131\u015ft\u0131\u011f\u0131 yerden \u00e7\u0131kar\u0131larak sa\u011fl\u0131k ekiplerine teslim edildi.<\/p>\n\n\n\n<figure class=\"wp-block-image\"><img decoding=\"async\" src=\"https:\/\/foto.haberler.com\/haber\/2026\/06\/20\/cenaze-yolunda-feci-kaza-15-ya-19969216-8430_1_m.jpg\" alt=\"\"\/><\/figure>\n\n\n\n<p class=\"wp-block-paragraph\">Kazada yaralanan 4 ki\u015fi ambulanslarla Nev\u015fehir Devlet Hastanesi&#8217;ne kald\u0131r\u0131ld\u0131. Yaral\u0131lardan durumu a\u011f\u0131r olan 15 ya\u015f\u0131ndaki A.B.A., hastanede yap\u0131lan t\u00fcm m\u00fcdahalelere ra\u011fmen kurtar\u0131lamayarak hayat\u0131n\u0131 kaybetti. Kazada yaralanan di\u011fer 3 ki\u015finin tedavilerinin s\u00fcrd\u00fc\u011f\u00fc \u00f6\u011frenildi.<\/p>\n\n\n\n<figure class=\"wp-block-image\"><img decoding=\"async\" src=\"https:\/\/foto.haberler.com\/haber\/2026\/06\/20\/cenaze-yolunda-feci-kaza-15-ya-19969216-3649_1_m.jpg\" alt=\"\"\/><\/figure>\n\n\n\n<h3 class=\"wp-block-heading\">ANNEANNES\u0130N\u0130N CENAZES\u0130NE KATILMAK \u0130\u00c7\u0130N YOLA \u00c7IKMI\u015e<\/h3>\n\n\n\n<p class=\"wp-block-paragraph\">Hayat\u0131n\u0131 kaybeden A.B.A.&#8217;n\u0131n ailesiyle birlikte \u0130zmir&#8217;den Kayseri&#8217;ye anneannesinin cenazesine kat\u0131lmak \u00fczere yola \u00e7\u0131kt\u0131\u011f\u0131 \u00f6\u011frenildi.&nbsp;Polis ekipleri kazayla ilgili inceleme ba\u015flatt\u0131.&nbsp;<\/p>\n","protected":false},"excerpt":{"rendered":"<p>Nev\u015fehir&#8217;de kontrolden \u00e7\u0131karak ayd\u0131nlatma dire\u011fine \u00e7arpan otomobilde bulunan 15 ya\u015f\u0131ndaki \u00e7ocuk ya\u015fam\u0131n\u0131 yitirdi, 3 ki\u015fi<\/p>\n","protected":false},"author":1,"featured_media":3368,"comment_status":"open","ping_status":"open","sticky":false,"template":"","format":"standard","meta":{"_rtcl_gb_attr":"","footnotes":""},"categories":[1],"tags":[],"class_list":["post-3367","post","type-post","status-publish","format-standard","has-post-thumbnail","hentry","category-http-turkiyemhaber-com-wp-content-uploads-2026-03-saray-59-haber-13-mart-pdf"],"_links":{"self":[{"href":"https:\/\/turkiyemhaber.com\/index.php?rest_route=\/wp\/v2\/posts\/3367","targetHints":{"allow":["GET"]}}],"collection":[{"href":"https:\/\/turkiyemhaber.com\/index.php?rest_route=\/wp\/v2\/posts"}],"about":[{"href":"https:\/\/turkiyemhaber.com\/index.php?rest_route=\/wp\/v2\/types\/post"}],"author":[{"embeddable":true,"href":"https:\/\/turkiyemhaber.com\/index.php?rest_route=\/wp\/v2\/users\/1"}],"replies":[{"embeddable":true,"href":"https:\/\/turkiyemhaber.com\/index.php?rest_route=%2Fwp%2Fv2%2Fcomments&post=3367"}],"version-history":[{"count":1,"href":"https:\/\/turkiyemhaber.com\/index.php?rest_route=\/wp\/v2\/posts\/3367\/revisions"}],"predecessor-version":[{"id":3369,"href":"https:\/\/turkiyemhaber.com\/index.php?rest_route=\/wp\/v2\/posts\/3367\/revisions\/3369"}],"wp:featuredmedia":[{"embeddable":true,"href":"https:\/\/turkiyemhaber.com\/index.php?rest_route=\/wp\/v2\/media\/3368"}],"wp:attachment":[{"href":"https:\/\/turkiyemhaber.com\/index.php?rest_route=%2Fwp%2Fv2%2Fmedia&parent=3367"}],"wp:term":[{"taxonomy":"category","embeddable":true,"href":"https:\/\/turkiyemhaber.com\/index.php?rest_route=%2Fwp%2Fv2%2Fcategories&post=3367"},{"taxonomy":"post_tag","embeddable":true,"href":"https:\/\/turkiyemhaber.com\/index.php?rest_route=%2Fwp%2Fv2%2Ftags&post=3367"}],"curies":[{"name":"wp","href":"https:\/\/api.w.org\/{rel}","templated":true}]}}