{"id":3364,"date":"2026-06-20T11:38:04","date_gmt":"2026-06-20T11:38:04","guid":{"rendered":"https:\/\/turkiyemhaber.com\/?p=3364"},"modified":"2026-06-20T11:38:07","modified_gmt":"2026-06-20T11:38:07","slug":"senol-gunesten-a-milli-takima-elestiri-baska-bir-11le-oynasaydik-da-hicbir-sey-degismezdi","status":"publish","type":"post","link":"https:\/\/turkiyemhaber.com\/?p=3364","title":{"rendered":"\u015eenol G\u00fcne\u015f&#8217;ten A Milli Tak\u0131m&#8217;a ele\u015ftiri: Ba\u015fka bir 11&#8217;le oynasayd\u0131k da hi\u00e7bir \u015fey de\u011fi\u015fmezdi"},"content":{"rendered":"\n<p class=\"wp-block-paragraph\">A Milli Futbol Tak\u0131m\u0131&#8217;n\u0131n Paraguay&#8217;a kaybetti\u011fi ve D\u00fcnya Kupas\u0131&#8217;ndan elendi\u011fi ma\u00e7\u0131 TRT Spor&#8217;da yorumlayan \u015eenol G\u00fcne\u015f, &#8221;Bunlar\u0131 konu\u015funca al\u0131nganl\u0131k oluyor. Burada da eksikler var. Biz onlardan eksik de\u011filiz ama onlardan daha iyi olacak oyunu oynamad\u0131k. Bu kalitede d\u00fc\u015f\u00fckl\u00fck olunca, D\u00fcnya Kupas\u0131&#8217;nda s\u0131r\u0131t\u0131yor. 11 farkl\u0131 da olsa bir \u015fey de\u011fi\u015fece\u011fini d\u00fc\u015f\u00fcnm\u00fcyorum. Ba\u015fka bir 11&#8217;le oynasayd\u0131k da hi\u00e7bir \u015fey de\u011fi\u015fmezdi&#8221; dedi.<\/p>\n\n\n\n<p class=\"wp-block-paragraph\">T\u00fcrk futbolunun \u00f6nemli teknik adamlar\u0131ndan biri olan \u015eenol G\u00fcne\u015f, A Milli Futbol Tak\u0131m\u0131&#8217;n\u0131n Paraguay&#8217;a 1-0 kaybetti\u011fi ve D\u00fcnya Kupas\u0131&#8217;ndan elendi\u011fi ma\u00e7\u0131 TRT Spor&#8217;da ekranlar\u0131nda de\u011ferlendirdi.&nbsp;<\/p>\n\n\n\n<h3 class=\"wp-block-heading\">&#8220;HER \u015eEY S\u00d6YLENEB\u0130L\u0130R&#8221;<\/h3>\n\n\n\n<p class=\"wp-block-paragraph\">\u015eenol G\u00fcne\u015f de\u011ferlendirmesine, &#8220;Her \u015fey s\u00f6ylenebilir&#8230; Ba\u015flang\u0131\u00e7ta buraya gelirken umutlar\u0131m\u0131z \u00e7ok fazlayd\u0131, hedefimiz b\u00fcy\u00fckt\u00fc. Ka\u011f\u0131t \u00fcst\u00fcnde \u00e7eyrek final yakalayabilece\u011fimizi s\u00f6yledik. Pozisyon ve oyun \u00fcst\u00fcnl\u00fc\u011f\u00fc var, iyi g\u00f6r\u00fcnmemize ra\u011fmen sonu\u00e7 alamad\u0131k. Oyuncu yetenekleri olarak da \u00fcst\u00fcnd\u00fck. Futbol sonu\u00e7 oyunudur, sonu\u00e7 al\u0131namad\u0131\u011f\u0131nda analiz yap\u0131l\u0131r, karar verilir.&#8221; s\u00f6zleriyle ba\u015flad\u0131.&nbsp;<\/p>\n\n\n\n<figure class=\"wp-block-image\"><img decoding=\"async\" src=\"https:\/\/foto.haberler.com\/haber\/2026\/06\/20\/senol-gunesten-paraguay-maci-y-80181412-8439_1_m.jpg\" alt=\"\"\/><\/figure>\n\n\n\n<h3 class=\"wp-block-heading\">&#8220;TEMPOLUYDUK AMA DA\u011eINIKTIK&#8221;<\/h3>\n\n\n\n<p class=\"wp-block-paragraph\">M\u00fccadeleyi de\u011ferlendiren \u015eenol G\u00fcne\u015f, &#8220;Son 10 dakikay\u0131 kenardan hoca g\u00f6z\u00fc ile izledim&#8230; Gayreti g\u00f6rd\u00fcm, daha tempoluydular ama da\u011f\u0131n\u0131kt\u0131k. De\u011fi\u015fiklikler de yapt\u0131, pozisyonlar geldi ama olmad\u0131. Rakip ilk \u015fut, ilk gol ile \u00f6ne ge\u00e7ti. Zaten savunma yapmalar\u0131n\u0131 bekliyorduk. \u0130yi kapan\u0131yorlar, h\u0131zl\u0131 ge\u00e7i\u015fleri yap\u0131yorlar.&nbsp;\u0130lk golde rakibe uzak kald\u0131k, \u015fut hakk\u0131 verdik. Onlar da bize \u015fut hakk\u0131 verdi ama hep rakibe \u00e7arpt\u0131. Yan yollara sapmay\u0131 da iyi yapt\u0131lar, zaman \u00e7ald\u0131lar. Bu do\u011fal haklar\u0131..&#8221; ifadelerini kulland\u0131.&nbsp;<\/p>\n\n\n\n<h3 class=\"wp-block-heading\">&#8220;D\u00dcNYA KUPASI&#8217;NDA SIRITIYOR&#8221;<\/h3>\n\n\n\n<p class=\"wp-block-paragraph\">S\u00f6zlerine devam eden G\u00fcne\u015f, &#8220;Bizim oyuncular\u0131m\u0131z\u0131n yetenekleri oran\u0131nda sonucu getirecek \u015feyler yoktu. Kenarlar\u0131 zay\u0131ft\u0131, zaman zaman iyi geldik ama gol\u00fc bulamad\u0131k. 10 ki\u015fi olmalar\u0131na ra\u011fmen onlar \u00e7\u0131karken yine hata yapt\u0131k. Bu kalitede d\u00fc\u015f\u00fckl\u00fck olunca, D\u00fcnya Kupas\u0131&#8217;nda s\u0131r\u0131t\u0131yor.&nbsp;\u00c7eyrek final beklerken, ilk ma\u00e7\u0131n travmas\u0131 varken ilk dakikada da gol yedik. Daha \u00fcst seviyede i\u015fler bekliyorduk. Oyuncular, rakibi ge\u00e7mek yerine; kendilerini ge\u00e7mesi laz\u0131m. bence s\u0131k\u0131nt\u0131 bu! Oynayan oyuncular\u0131m\u0131z hepsi iyi ama kendi oyunlar\u0131n\u0131 ge\u00e7meliler! Rakibi ge\u00e7meye \u00e7al\u0131\u015f\u0131rken, kendimizi eksik b\u0131rak\u0131yoruz. Pas kalitesi, \u015fut iyi olmal\u0131.&#8221; s\u00f6zlerini sarf etti.&nbsp;<\/p>\n\n\n\n<figure class=\"wp-block-image\"><img decoding=\"async\" src=\"https:\/\/foto.haberler.com\/haber\/2026\/06\/20\/senol-gunesten-paraguay-maci-y-25078219-2011_1_m.jpg\" alt=\"\"\/><\/figure>\n\n\n\n<h3 class=\"wp-block-heading\">&#8220;EKS\u0130K DE\u011e\u0130L\u0130Z AMA&#8230;&#8221;<\/h3>\n\n\n\n<p class=\"wp-block-paragraph\">Ya\u015fanan hayal k\u0131r\u0131kl\u0131\u011f\u0131n\u0131 anlatan deneyimli hoca, &#8221;Oyuncular\u0131m\u0131zdan daha \u00e7ok \u015fey bekliyorduk, bu bizim hakk\u0131m\u0131z. Bunlardan al\u0131nmayacaklar. Daha \u00f6nce ba\u015far\u0131 yakalarken \u00e7ok mesafe kat ettiler, ama bu seviye yeterli de\u011fil. Onlara g\u00fcveniyoruz, fizik g\u00fc\u00e7lerini ve yeteneklerini \u00e7al\u0131\u015farak \u00f6ne \u00e7\u0131karacaklar. Bunlar\u0131 konu\u015funca al\u0131nganl\u0131k oluyor. Burada da eksikler var.&nbsp;Biz onlardan eksik de\u011filiz ama onlardan daha iyi olacak oyunu oynamad\u0131k. 11 farkl\u0131 da olsa bir \u015fey de\u011fi\u015fece\u011fini d\u00fc\u015f\u00fcnm\u00fcyorum. Ba\u015fka bir 11&#8217;le oynasayd\u0131k da hi\u00e7bir \u015fey de\u011fi\u015fmezdi.&#8221; de\u011ferlendirmesinde bulundu.<\/p>\n\n\n\n<h3 class=\"wp-block-heading\">&#8220;DERS\u0130N\u0130 \u00c7ALI\u015eACAK&#8221;<\/h3>\n\n\n\n<p class=\"wp-block-paragraph\">Ba\u015far\u0131s\u0131zl\u0131\u011f\u0131n ard\u0131ndan herkesin dersine \u00e7al\u0131\u015faca\u011f\u0131n\u0131 belirten G\u00fcne\u015f, &#8221;Hoca da dersini \u00e7al\u0131\u015facak, oyuncular da&#8230; Oyuncular\u0131n \u00fcz\u00fcnt\u00fcs\u00fcn\u00fc biliyorum ama yapacak bir \u015fey yok! Ders \u00e7\u0131kararak, daha iyisini yapmak laz\u0131m. Hesap kesmek, su\u00e7lamak de\u011fil; farkl\u0131 ve yeni fikirlerle do\u011fruyu bulmak laz\u0131m.&#8221; dedi.<\/p>\n","protected":false},"excerpt":{"rendered":"<p>A Milli Futbol Tak\u0131m\u0131&#8217;n\u0131n Paraguay&#8217;a kaybetti\u011fi ve D\u00fcnya Kupas\u0131&#8217;ndan elendi\u011fi ma\u00e7\u0131 TRT Spor&#8217;da yorumlayan \u015eenol<\/p>\n","protected":false},"author":1,"featured_media":3365,"comment_status":"open","ping_status":"open","sticky":false,"template":"","format":"standard","meta":{"_rtcl_gb_attr":"","footnotes":""},"categories":[3],"tags":[],"class_list":["post-3364","post","type-post","status-publish","format-standard","has-post-thumbnail","hentry","category-spor"],"_links":{"self":[{"href":"https:\/\/turkiyemhaber.com\/index.php?rest_route=\/wp\/v2\/posts\/3364","targetHints":{"allow":["GET"]}}],"collection":[{"href":"https:\/\/turkiyemhaber.com\/index.php?rest_route=\/wp\/v2\/posts"}],"about":[{"href":"https:\/\/turkiyemhaber.com\/index.php?rest_route=\/wp\/v2\/types\/post"}],"author":[{"embeddable":true,"href":"https:\/\/turkiyemhaber.com\/index.php?rest_route=\/wp\/v2\/users\/1"}],"replies":[{"embeddable":true,"href":"https:\/\/turkiyemhaber.com\/index.php?rest_route=%2Fwp%2Fv2%2Fcomments&post=3364"}],"version-history":[{"count":1,"href":"https:\/\/turkiyemhaber.com\/index.php?rest_route=\/wp\/v2\/posts\/3364\/revisions"}],"predecessor-version":[{"id":3366,"href":"https:\/\/turkiyemhaber.com\/index.php?rest_route=\/wp\/v2\/posts\/3364\/revisions\/3366"}],"wp:featuredmedia":[{"embeddable":true,"href":"https:\/\/turkiyemhaber.com\/index.php?rest_route=\/wp\/v2\/media\/3365"}],"wp:attachment":[{"href":"https:\/\/turkiyemhaber.com\/index.php?rest_route=%2Fwp%2Fv2%2Fmedia&parent=3364"}],"wp:term":[{"taxonomy":"category","embeddable":true,"href":"https:\/\/turkiyemhaber.com\/index.php?rest_route=%2Fwp%2Fv2%2Fcategories&post=3364"},{"taxonomy":"post_tag","embeddable":true,"href":"https:\/\/turkiyemhaber.com\/index.php?rest_route=%2Fwp%2Fv2%2Ftags&post=3364"}],"curies":[{"name":"wp","href":"https:\/\/api.w.org\/{rel}","templated":true}]}}