{"id":3361,"date":"2026-06-20T11:36:09","date_gmt":"2026-06-20T11:36:09","guid":{"rendered":"https:\/\/turkiyemhaber.com\/?p=3361"},"modified":"2026-06-20T11:36:13","modified_gmt":"2026-06-20T11:36:13","slug":"tira-arkadan-carpan-otomobil-kagit-gibi-ezildi-surucu-hayatini-kaybetti","status":"publish","type":"post","link":"https:\/\/turkiyemhaber.com\/?p=3361","title":{"rendered":"T\u0131ra arkadan \u00e7arpan otomobil ka\u011f\u0131t gibi ezildi! S\u00fcr\u00fcc\u00fc hayat\u0131n\u0131 kaybetti"},"content":{"rendered":"\n<p class=\"wp-block-paragraph\">TEM Otoyolu&#8217;nda yol kenar\u0131nda duran t\u0131ra arkadan \u00e7arpan otomobil hurdaya d\u00f6nd\u00fc. Ara\u00e7ta s\u0131k\u0131\u015fan 47 ya\u015f\u0131ndaki s\u00fcr\u00fcc\u00fc Erol Kalayc\u0131, itfaiye ekiplerince \u00e7\u0131kar\u0131larak hastaneye kald\u0131r\u0131ld\u0131 ancak t\u00fcm m\u00fcdahalelere ra\u011fmen ya\u015fam\u0131n\u0131 yitirdi.<\/p>\n\n\n\n<ul class=\"wp-block-list\">\n<li>TEM Otoyolu Edirne gi\u015feleri yak\u0131n\u0131nda, yak\u0131t\u0131 bitti\u011fi i\u00e7in yol kenar\u0131nda duran t\u0131ra arkadan \u00e7arpan otomobilin s\u00fcr\u00fcc\u00fcs\u00fc Erol Kalayc\u0131 (47) hayat\u0131n\u0131 kaybetti.<\/li>\n\n\n\n<li>Kazada otomobil hurdaya d\u00f6nd\u00fc ve s\u00fcr\u00fcc\u00fc ara\u00e7ta s\u0131k\u0131\u015ft\u0131; itfaiye taraf\u0131ndan \u00e7\u0131kar\u0131ld\u0131ktan sonra hastanede kurtar\u0131lamad\u0131.<\/li>\n\n\n\n<li>T\u0131r s\u00fcr\u00fcc\u00fcs\u00fc M.Y. ifadesi al\u0131nmak \u00fczere karakola g\u00f6t\u00fcr\u00fcl\u00fcrken, kazayla ilgili soru\u015fturma ba\u015flat\u0131ld\u0131.<\/li>\n<\/ul>\n\n\n\n<p class=\"wp-block-paragraph\">Edirne gi\u015felerine yakla\u015f\u0131k 3 kilometre kala yol kenar\u0131nda duran t\u0131ra arkadan \u00e7arpan otomobilin s\u00fcr\u00fcc\u00fcs\u00fc, kald\u0131r\u0131ld\u0131\u011f\u0131 hastanede hayat\u0131n\u0131 kaybetti.<\/p>\n\n\n\n<figure class=\"wp-block-image\"><img decoding=\"async\" src=\"https:\/\/foto.haberler.com\/haber\/2026\/06\/20\/tira-arkadan-carpan-otomobil-k-19969088-1275_1_m.jpg\" alt=\"\"\/><\/figure>\n\n\n\n<h3 class=\"wp-block-heading\">TIRA ARKADAN \u00c7ARPAN OTOMOB\u0130L HURDAYA D\u00d6ND\u00dc<\/h3>\n\n\n\n<p class=\"wp-block-paragraph\">Kaza, TEM Otoyolu Edirne gi\u015feleri mevkiine yakla\u015f\u0131k 3 kilometre kala meydana geldi. Edinilen bilgiye g\u00f6re, Erol Kalayc\u0131 (47) idaresindeki otomobil, yak\u0131t\u0131n\u0131n bitmesi nedeniyle yol kenar\u0131nda duran M.Y. y\u00f6netimindeki t\u0131ra arkadan \u00e7arpt\u0131. \u00c7arpman\u0131n \u015fiddetiyle otomobil hurdaya d\u00f6nerken s\u00fcr\u00fcc\u00fc ara\u00e7 i\u00e7inde s\u0131k\u0131\u015ft\u0131.<\/p>\n\n\n\n<figure class=\"wp-block-image\"><img decoding=\"async\" src=\"https:\/\/foto.haberler.com\/haber\/2026\/06\/20\/tira-arkadan-carpan-otomobil-k-19969088-6390_1_m.jpg\" alt=\"\"\/><\/figure>\n\n\n\n<h3 class=\"wp-block-heading\">S\u00dcR\u00dcC\u00dc HASTANEDE HAYATINI KAYBETT\u0130<\/h3>\n\n\n\n<p class=\"wp-block-paragraph\">\u0130hbar \u00fczerine olay yerine sa\u011fl\u0131k, itfaiye ve jandarma ekipleri sevk edildi. \u0130tfaiye ekiplerinin \u00e7al\u0131\u015fmas\u0131 sonucu ara\u00e7tan \u00e7\u0131kar\u0131lan Erol Kalayc\u0131&#8217;ya sa\u011fl\u0131k ekiplerince olay yerinde kalp masaj\u0131 yap\u0131ld\u0131. Ambulansla Trakya \u00dcniversitesi T\u0131p Fak\u00fcltesi Hastanesi&#8217;ne kald\u0131r\u0131lan a\u011f\u0131r yaral\u0131 Kalayc\u0131, doktorlar\u0131n t\u00fcm m\u00fcdahalesine ra\u011fmen kurtar\u0131lamad\u0131.<\/p>\n\n\n\n<figure class=\"wp-block-image\"><img decoding=\"async\" src=\"https:\/\/foto.haberler.com\/haber\/2026\/06\/20\/tira-arkadan-carpan-otomobil-k-19969088-3066_1_m.jpg\" alt=\"\"\/><\/figure>\n\n\n\n<h3 class=\"wp-block-heading\">SORU\u015eTURMA BA\u015eLATILDI<\/h3>\n\n\n\n<p class=\"wp-block-paragraph\">Jandarma ekipleri kaza b\u00f6lgesinde g\u00fcvenlik \u00f6nlemleri al\u0131rken t\u0131r s\u00fcr\u00fcc\u00fcs\u00fc M.Y. ifadesi al\u0131nmak \u00fczere karakola g\u00f6t\u00fcr\u00fcld\u00fc. Cumhuriyet savc\u0131s\u0131 ve olay yeri inceleme ekiplerinin \u00e7al\u0131\u015fmas\u0131n\u0131n ard\u0131ndan kazayla ilgili soru\u015fturma ba\u015flat\u0131ld\u0131.<\/p>\n\n\n\n<figure class=\"wp-block-image\"><img decoding=\"async\" src=\"https:\/\/foto.haberler.com\/haber\/2026\/06\/20\/tira-arkadan-carpan-otomobil-k-19969088-5975_1_m.jpg\" alt=\"\"\/><\/figure>\n\n\n\n<figure class=\"wp-block-image\"><img decoding=\"async\" src=\"https:\/\/foto.haberler.com\/haber\/2026\/06\/20\/tira-arkadan-carpan-otomobil-k-19969088-3556_1_m.jpg\" alt=\"\"\/><\/figure>\n","protected":false},"excerpt":{"rendered":"<p>TEM Otoyolu&#8217;nda yol kenar\u0131nda duran t\u0131ra arkadan \u00e7arpan otomobil hurdaya d\u00f6nd\u00fc. Ara\u00e7ta s\u0131k\u0131\u015fan 47 ya\u015f\u0131ndaki<\/p>\n","protected":false},"author":1,"featured_media":3362,"comment_status":"open","ping_status":"open","sticky":false,"template":"","format":"standard","meta":{"_rtcl_gb_attr":"","footnotes":""},"categories":[1],"tags":[],"class_list":["post-3361","post","type-post","status-publish","format-standard","has-post-thumbnail","hentry","category-http-turkiyemhaber-com-wp-content-uploads-2026-03-saray-59-haber-13-mart-pdf"],"_links":{"self":[{"href":"https:\/\/turkiyemhaber.com\/index.php?rest_route=\/wp\/v2\/posts\/3361","targetHints":{"allow":["GET"]}}],"collection":[{"href":"https:\/\/turkiyemhaber.com\/index.php?rest_route=\/wp\/v2\/posts"}],"about":[{"href":"https:\/\/turkiyemhaber.com\/index.php?rest_route=\/wp\/v2\/types\/post"}],"author":[{"embeddable":true,"href":"https:\/\/turkiyemhaber.com\/index.php?rest_route=\/wp\/v2\/users\/1"}],"replies":[{"embeddable":true,"href":"https:\/\/turkiyemhaber.com\/index.php?rest_route=%2Fwp%2Fv2%2Fcomments&post=3361"}],"version-history":[{"count":1,"href":"https:\/\/turkiyemhaber.com\/index.php?rest_route=\/wp\/v2\/posts\/3361\/revisions"}],"predecessor-version":[{"id":3363,"href":"https:\/\/turkiyemhaber.com\/index.php?rest_route=\/wp\/v2\/posts\/3361\/revisions\/3363"}],"wp:featuredmedia":[{"embeddable":true,"href":"https:\/\/turkiyemhaber.com\/index.php?rest_route=\/wp\/v2\/media\/3362"}],"wp:attachment":[{"href":"https:\/\/turkiyemhaber.com\/index.php?rest_route=%2Fwp%2Fv2%2Fmedia&parent=3361"}],"wp:term":[{"taxonomy":"category","embeddable":true,"href":"https:\/\/turkiyemhaber.com\/index.php?rest_route=%2Fwp%2Fv2%2Fcategories&post=3361"},{"taxonomy":"post_tag","embeddable":true,"href":"https:\/\/turkiyemhaber.com\/index.php?rest_route=%2Fwp%2Fv2%2Ftags&post=3361"}],"curies":[{"name":"wp","href":"https:\/\/api.w.org\/{rel}","templated":true}]}}