{"id":3355,"date":"2026-06-20T10:50:53","date_gmt":"2026-06-20T10:50:53","guid":{"rendered":"https:\/\/turkiyemhaber.com\/?p=3355"},"modified":"2026-06-20T10:50:56","modified_gmt":"2026-06-20T10:50:56","slug":"bursada-20-milyon-tllik-dehset-ortagini-vurdugu-silahla-yasamina-son-verdi","status":"publish","type":"post","link":"https:\/\/turkiyemhaber.com\/?p=3355","title":{"rendered":"Bursa&#8217;da 20 milyon TL&#8217;lik deh\u015fet; orta\u011f\u0131n\u0131 vurdu\u011fu silahla ya\u015fam\u0131na son verdi"},"content":{"rendered":"\n<p class=\"wp-block-paragraph\">Bursa&#8217;da oto galericili\u011fi yapan Zafer Y\u0131lmaz ile i\u015f orta\u011f\u0131 Banu \u00d6zda\u011f aras\u0131nda yakla\u015f\u0131k 20 milyon liral\u0131k \u00e7ek ve senet meselesi nedeniyle \u00e7\u0131kan tart\u0131\u015fma kanl\u0131 bitti. Y\u0131lmaz, tart\u0131\u015fma s\u0131ras\u0131nda \u00d6zda\u011f&#8217;\u0131 tabancayla vurarak \u00f6ld\u00fcrd\u00fckten sonra ayn\u0131 silahla ya\u015fam\u0131na son verdi. Kentte b\u00fcy\u00fck yank\u0131 uyand\u0131ran olayla ilgili soru\u015fturma ba\u015flat\u0131ld\u0131.<\/p>\n\n\n\n<p class=\"wp-block-paragraph\">Bursa\u2019da alacak verecek meselesi y\u00fcz\u00fcnden \u00e7\u0131kt\u0131\u011f\u0131 \u00f6ne s\u00fcr\u00fclen tart\u0131\u015fma katliamla bitti. Oto galericilik yapan&nbsp;<a href=\"https:\/\/www.sondakika.com\/zafer-yilmaz\/\">Zafer Y\u0131lmaz<\/a>, aralar\u0131nda yakla\u015f\u0131k 20 milyon liral\u0131k \u00e7ek-senet anla\u015fmazl\u0131\u011f\u0131 bulunan i\u015f orta\u011f\u0131 Banu \u00d6zda\u011f\u2019\u0131 tabancayla ba\u015f\u0131ndan vurarak \u00f6ld\u00fcrd\u00fc. Y\u0131lmaz, hemen ard\u0131ndan ayn\u0131 silahla kendi ya\u015fam\u0131na da son verdi.<\/p>\n\n\n\n<figure class=\"wp-block-image\"><img decoding=\"async\" src=\"https:\/\/foto.sondakika.com\/haber\/2026\/06\/19\/bursada-20-milyon-tllik-dehset-19968110-7225_1_m.jpg\" alt=\"Bursa'da 20 milyon TL'lik deh\u015fet; orta\u011f\u0131n\u0131 vurdu\u011fu silahla ya\u015fam\u0131na son verdi\"\/><\/figure>\n\n\n\n<h3 class=\"wp-block-heading\">TARTI\u015eMA S\u0130LAHLI KAVGAYA D\u00d6ND\u00dc<\/h3>\n\n\n\n<p class=\"wp-block-paragraph\">Korkun\u00e7 olay, Osmangazi il\u00e7esine ba\u011fl\u0131 Kemer\u00e7e\u015fme Mahallesi&#8217;nde ya\u015fand\u0131. \u0130ddiaya g\u00f6re, oto galericilikle u\u011fra\u015fan Zafer Y\u0131lmaz ile in\u015faat sekt\u00f6r\u00fcnde faaliyet g\u00f6steren i\u015f orta\u011f\u0131 Banu \u00d6zda\u011f aras\u0131nda bir s\u00fcredir mali anla\u015fmazl\u0131klar ya\u015fan\u0131yordu.&nbsp;<\/p>\n\n\n\n<p class=\"wp-block-paragraph\">Yakla\u015f\u0131k 20 milyon liray\u0131 bulan \u00e7ek ve senet krizini \u00e7\u00f6zmek i\u00e7in bir araya gelen ortaklar aras\u0131nda s\u00f6zl\u00fc tart\u0131\u015fma \u00e7\u0131kt\u0131. Gerilimin h\u0131zla t\u0131rmanmas\u0131 \u00fczerine \u00f6fkesine yenik d\u00fc\u015fen Zafer Y\u0131lmaz, yan\u0131ndaki tabancay\u0131 \u00e7\u0131kararak Banu \u00d6zda\u011f\u2019\u0131n ba\u015f\u0131na ate\u015f etti. \u0130n\u015faat\u00e7\u0131 kad\u0131n olay yerinde can verdi.<\/p>\n\n\n\n<figure class=\"wp-block-image\"><img decoding=\"async\" src=\"https:\/\/foto.sondakika.com\/haber\/2026\/06\/19\/bursada-20-milyon-tllik-dehset-19968110-1933_1_m.jpg\" alt=\"Bursa'da 20 milyon TL'lik deh\u015fet; orta\u011f\u0131n\u0131 vurdu\u011fu silahla ya\u015fam\u0131na son verdi\"\/><\/figure>\n\n\n\n<h3 class=\"wp-block-heading\">AYNI S\u0130LAHLA KEND\u0130 CANINA KIYDI<\/h3>\n\n\n\n<p class=\"wp-block-paragraph\">\u0130\u015f orta\u011f\u0131n\u0131 hayattan koparan Y\u0131lmaz, i\u015fledi\u011fi cinayetin hemen ard\u0131ndan ayn\u0131 silah\u0131 bu kez kendi ba\u015f\u0131na dayayarak teti\u011fi \u00e7ekti. Silah seslerini duyan mahalle sakinlerinin ihbar\u0131 \u00fczerine b\u00f6lgeye \u00e7ok say\u0131da polis ve 112 Acil Sa\u011fl\u0131k ekibi sevk edildi.<\/p>\n\n\n\n<figure class=\"wp-block-image\"><img decoding=\"async\" src=\"https:\/\/foto.sondakika.com\/haber\/2026\/06\/19\/bursada-20-milyon-tllik-dehset-19968110-4946_1_m.jpg\" alt=\"Bursa'da 20 milyon TL'lik deh\u015fet; orta\u011f\u0131n\u0131 vurdu\u011fu silahla ya\u015fam\u0131na son verdi\"\/><\/figure>\n\n\n\n<p class=\"wp-block-paragraph\">Olay yerine ula\u015fan sa\u011fl\u0131k ekiplerinin yapt\u0131\u011f\u0131 ilk incelemelerde, hem Banu \u00d6zda\u011f\u2019\u0131n hem de Zafer Y\u0131lmaz\u2019\u0131n hayat\u0131n\u0131 kaybetti\u011fi netle\u015fti. Olay yeri inceleme uzmanlar\u0131 ve Cumhuriyet Savc\u0131s\u0131 b\u00f6lgede geni\u015f \u00e7apl\u0131 bir \u00e7al\u0131\u015fma ger\u00e7ekle\u015ftirirken, iki orta\u011f\u0131n cans\u0131z bedenleri morga kald\u0131r\u0131ld\u0131. Yak\u0131nlar\u0131n\u0131 yasa bo\u011fan kanl\u0131 olayla ilgili ba\u015flat\u0131lan \u00e7ok y\u00f6nl\u00fc soru\u015fturma s\u00fcr\u00fcyor.<\/p>\n\n\n\n<figure class=\"wp-block-image\"><img decoding=\"async\" src=\"https:\/\/foto.sondakika.com\/haber\/2026\/06\/19\/bursada-20-milyon-tllik-dehset-19968110-7042_1_m.jpg\" alt=\"Bursa'da 20 milyon TL'lik deh\u015fet; orta\u011f\u0131n\u0131 vurdu\u011fu silahla ya\u015fam\u0131na son verdi\"\/><\/figure>\n\n\n\n<figure class=\"wp-block-image\"><img decoding=\"async\" src=\"https:\/\/foto.sondakika.com\/haber\/2026\/06\/19\/bursada-20-milyon-tllik-dehset-19968110-9541_1_m.jpg\" alt=\"Bursa'da 20 milyon TL'lik deh\u015fet; orta\u011f\u0131n\u0131 vurdu\u011fu silahla ya\u015fam\u0131na son verdi\"\/><\/figure>\n","protected":false},"excerpt":{"rendered":"<p>Bursa&#8217;da oto galericili\u011fi yapan Zafer Y\u0131lmaz ile i\u015f orta\u011f\u0131 Banu \u00d6zda\u011f aras\u0131nda yakla\u015f\u0131k 20 milyon<\/p>\n","protected":false},"author":1,"featured_media":3356,"comment_status":"open","ping_status":"open","sticky":false,"template":"","format":"standard","meta":{"_rtcl_gb_attr":"","footnotes":""},"categories":[1],"tags":[],"class_list":["post-3355","post","type-post","status-publish","format-standard","has-post-thumbnail","hentry","category-http-turkiyemhaber-com-wp-content-uploads-2026-03-saray-59-haber-13-mart-pdf"],"_links":{"self":[{"href":"https:\/\/turkiyemhaber.com\/index.php?rest_route=\/wp\/v2\/posts\/3355","targetHints":{"allow":["GET"]}}],"collection":[{"href":"https:\/\/turkiyemhaber.com\/index.php?rest_route=\/wp\/v2\/posts"}],"about":[{"href":"https:\/\/turkiyemhaber.com\/index.php?rest_route=\/wp\/v2\/types\/post"}],"author":[{"embeddable":true,"href":"https:\/\/turkiyemhaber.com\/index.php?rest_route=\/wp\/v2\/users\/1"}],"replies":[{"embeddable":true,"href":"https:\/\/turkiyemhaber.com\/index.php?rest_route=%2Fwp%2Fv2%2Fcomments&post=3355"}],"version-history":[{"count":1,"href":"https:\/\/turkiyemhaber.com\/index.php?rest_route=\/wp\/v2\/posts\/3355\/revisions"}],"predecessor-version":[{"id":3357,"href":"https:\/\/turkiyemhaber.com\/index.php?rest_route=\/wp\/v2\/posts\/3355\/revisions\/3357"}],"wp:featuredmedia":[{"embeddable":true,"href":"https:\/\/turkiyemhaber.com\/index.php?rest_route=\/wp\/v2\/media\/3356"}],"wp:attachment":[{"href":"https:\/\/turkiyemhaber.com\/index.php?rest_route=%2Fwp%2Fv2%2Fmedia&parent=3355"}],"wp:term":[{"taxonomy":"category","embeddable":true,"href":"https:\/\/turkiyemhaber.com\/index.php?rest_route=%2Fwp%2Fv2%2Fcategories&post=3355"},{"taxonomy":"post_tag","embeddable":true,"href":"https:\/\/turkiyemhaber.com\/index.php?rest_route=%2Fwp%2Fv2%2Ftags&post=3355"}],"curies":[{"name":"wp","href":"https:\/\/api.w.org\/{rel}","templated":true}]}}