{"id":3352,"date":"2026-06-20T10:47:23","date_gmt":"2026-06-20T10:47:23","guid":{"rendered":"https:\/\/turkiyemhaber.com\/?p=3352"},"modified":"2026-06-20T10:47:26","modified_gmt":"2026-06-20T10:47:26","slug":"kilicli-yemin-sonrasi-ihrac-edilen-tabur-komutani-icin-goreve-iade-karari","status":"publish","type":"post","link":"https:\/\/turkiyemhaber.com\/?p=3352","title":{"rendered":"K\u0131l\u0131\u00e7l\u0131 yemin sonras\u0131 ihra\u00e7 edilen tabur komutan\u0131 i\u00e7in g\u00f6reve iade karar\u0131"},"content":{"rendered":"\n<p class=\"wp-block-paragraph\">Kara Harp Okulu&#8217;nun 30 A\u011fustos 2024 tarihindeki mezuniyet t\u00f6reninde k\u0131l\u0131\u00e7 \u00e7atarak &#8220;Mustafa Kemal&#8217;in askerleriyiz&#8221; slogan\u0131 atmas\u0131n\u0131n ard\u0131ndan TSK&#8217;dan ihra\u00e7 edilen Tabur Komutan\u0131 Kurmay Yarbay Halit T\u00fcrko\u011flu, a\u00e7t\u0131\u011f\u0131 davay\u0131 kazand\u0131. \u0130dare Mahkemesi, TSK&#8217;dan ihra\u00e7 i\u015fleminin hukuka uygun olmad\u0131\u011f\u0131 ve \u00f6l\u00e7\u00fcl\u00fcl\u00fck ilkesine ayk\u0131r\u0131 bulundu\u011fu gerek\u00e7esiyle durdurdu.<\/p>\n\n\n\n<p class=\"wp-block-paragraph\">Kara Harp Okulu\u2019nun 30 A\u011fustos 2024 tarihindeki mezuniyet t\u00f6reninde, te\u011fmenlerin k\u0131l\u0131\u00e7 \u00e7atarak &#8220;Mustafa Kemal\u2019in askerleriyiz&#8221; slogan\u0131 atmas\u0131yla ilgili y\u00fcr\u00fct\u00fclen davada \u00f6nemli bir hukuki geli\u015fme ya\u015fand\u0131.<\/p>\n\n\n\n<h3 class=\"wp-block-heading\">YARBAY HAKKINDAK\u0130 \u0130HRA\u00c7 KARARI DURDURULDU<\/h3>\n\n\n\n<p class=\"wp-block-paragraph\">Olay\u0131n ard\u0131ndan T\u00fcrk Silahl\u0131 Kuvvetleri\u2019nden (<a href=\"https:\/\/www.sondakika.com\/tsk\/\">TSK<\/a>) ihra\u00e7 edilen Tabur Komutan\u0131 Kurmay Yarbay Halit T\u00fcrko\u011flu, karara kar\u015f\u0131 a\u00e7t\u0131\u011f\u0131 davay\u0131 kazand\u0131.<\/p>\n\n\n\n<p class=\"wp-block-paragraph\">\u0130dare Mahkemesi, Kurmay Yarbay T\u00fcrko\u011flu hakk\u0131nda verilen ihra\u00e7 karar\u0131n\u0131n hukuka uygun olmad\u0131\u011f\u0131na ve &#8220;\u00f6l\u00e7\u00fcl\u00fcl\u00fck ilkesine&#8221; ayk\u0131r\u0131 d\u00fc\u015ft\u00fc\u011f\u00fcne h\u00fckmederek i\u015flemi durdurdu.&nbsp;<\/p>\n\n\n\n<h3 class=\"wp-block-heading\">TE\u011eMENLER\u0130N KILI\u00c7LI YEM\u0130N T\u00d6REN\u0130<\/h3>\n\n\n\n<p class=\"wp-block-paragraph\">30 A\u011fustos 2024 tarihindeki Kara Harp Okulu mezuniyet merasiminin resmi k\u0131sm\u0131 bittikten sonra, d\u00f6nem birincisi&nbsp;<a href=\"https:\/\/www.sondakika.com\/tegmen\/\">Te\u011fmen<\/a>&nbsp;Ebru Ero\u011flu liderli\u011findeki bir grup yeni mezun te\u011fmen k\u0131l\u0131\u00e7 \u00e7at\u0131p &#8220;Mustafa Kemal&#8217;in askerleriyiz&#8221; slogan\u0131 atm\u0131\u015ft\u0131. G\u00f6r\u00fcnt\u00fclerin kamuoyuna yans\u0131mas\u0131yla ba\u015flayan tart\u0131\u015fmalarda, Milli Savunma Bakanl\u0131\u011f\u0131 (MSB) taraf\u0131ndan amirlerin ikazlar\u0131na ra\u011fmen organize edilen bir disiplinsizlik ve emir-komuta zinciri ihlali olarak de\u011ferlendirilmi\u015fti. Neticede MSB taraf\u0131ndan a\u00e7\u0131lan idari soru\u015fturma kapsam\u0131nda, metnin i\u00e7eri\u011finden ba\u011f\u0131ms\u0131z olarak &#8220;hizmete engel davran\u0131\u015f ve disiplinsizlik&#8221; gerek\u00e7esiyle, ba\u015fta d\u00f6nem birincisi olmak \u00fczere olaya \u00f6nc\u00fcl\u00fck eden 5 te\u011fmen hakk\u0131nda T\u00fcrk Silahl\u0131 Kuvvetleri&#8217;nden ihra\u00e7 karar\u0131 verilmi\u015fti.<\/p>\n\n\n\n<p class=\"wp-block-paragraph\">Te\u011fmenlerle birlikte 3 komutan da k\u0131l\u0131\u00e7l\u0131 yemini engelleyemedi\u011fi gerek\u00e7esiyle ihra\u00e7 edilmi\u015fti. Komutanlardan \u00f6nce Albay Alper Topsakal, ard\u0131ndan Binba\u015f\u0131 Murat Ert\u00fcrk mahkeme karar\u0131yla g\u00f6reve iade edilmi\u015fti.<\/p>\n","protected":false},"excerpt":{"rendered":"<p>Kara Harp Okulu&#8217;nun 30 A\u011fustos 2024 tarihindeki mezuniyet t\u00f6reninde k\u0131l\u0131\u00e7 \u00e7atarak &#8220;Mustafa Kemal&#8217;in askerleriyiz&#8221; slogan\u0131<\/p>\n","protected":false},"author":1,"featured_media":3353,"comment_status":"open","ping_status":"open","sticky":false,"template":"","format":"standard","meta":{"_rtcl_gb_attr":"","footnotes":""},"categories":[1],"tags":[],"class_list":["post-3352","post","type-post","status-publish","format-standard","has-post-thumbnail","hentry","category-http-turkiyemhaber-com-wp-content-uploads-2026-03-saray-59-haber-13-mart-pdf"],"_links":{"self":[{"href":"https:\/\/turkiyemhaber.com\/index.php?rest_route=\/wp\/v2\/posts\/3352","targetHints":{"allow":["GET"]}}],"collection":[{"href":"https:\/\/turkiyemhaber.com\/index.php?rest_route=\/wp\/v2\/posts"}],"about":[{"href":"https:\/\/turkiyemhaber.com\/index.php?rest_route=\/wp\/v2\/types\/post"}],"author":[{"embeddable":true,"href":"https:\/\/turkiyemhaber.com\/index.php?rest_route=\/wp\/v2\/users\/1"}],"replies":[{"embeddable":true,"href":"https:\/\/turkiyemhaber.com\/index.php?rest_route=%2Fwp%2Fv2%2Fcomments&post=3352"}],"version-history":[{"count":1,"href":"https:\/\/turkiyemhaber.com\/index.php?rest_route=\/wp\/v2\/posts\/3352\/revisions"}],"predecessor-version":[{"id":3354,"href":"https:\/\/turkiyemhaber.com\/index.php?rest_route=\/wp\/v2\/posts\/3352\/revisions\/3354"}],"wp:featuredmedia":[{"embeddable":true,"href":"https:\/\/turkiyemhaber.com\/index.php?rest_route=\/wp\/v2\/media\/3353"}],"wp:attachment":[{"href":"https:\/\/turkiyemhaber.com\/index.php?rest_route=%2Fwp%2Fv2%2Fmedia&parent=3352"}],"wp:term":[{"taxonomy":"category","embeddable":true,"href":"https:\/\/turkiyemhaber.com\/index.php?rest_route=%2Fwp%2Fv2%2Fcategories&post=3352"},{"taxonomy":"post_tag","embeddable":true,"href":"https:\/\/turkiyemhaber.com\/index.php?rest_route=%2Fwp%2Fv2%2Ftags&post=3352"}],"curies":[{"name":"wp","href":"https:\/\/api.w.org\/{rel}","templated":true}]}}