{"id":3349,"date":"2026-06-19T10:41:02","date_gmt":"2026-06-19T10:41:02","guid":{"rendered":"https:\/\/turkiyemhaber.com\/?p=3349"},"modified":"2026-06-19T10:41:06","modified_gmt":"2026-06-19T10:41:06","slug":"%f0%9f%8c%b8-selulitlere-veda-etmeye-hazir-misin","status":"publish","type":"post","link":"https:\/\/turkiyemhaber.com\/?p=3349","title":{"rendered":"&#x1f338; Sel\u00fclitlere Veda Etmeye Haz\u0131r M\u0131s\u0131n?"},"content":{"rendered":"\n<p class=\"wp-block-paragraph\">P\u00fcr\u00fczs\u00fcz, s\u0131k\u0131 ve kendinden emin bir sen i\u00e7in harika bir f\u0131rsat seni bekliyor!<\/p>\n\n\n\n<p class=\"wp-block-paragraph\">Uzman ekibimizle birlikte, profesyonel sel\u00fclit masaj\u0131 ve en yeni nesil cihaz teknolojisini birle\u015ftirerek cildine hak etti\u011fi bak\u0131m\u0131 sunuyoruz.<\/p>\n\n\n\n<p class=\"wp-block-paragraph\"><strong>Neden Bizimle Ba\u015flamal\u0131s\u0131n?<\/strong><\/p>\n\n\n\n<ul class=\"wp-block-list\">\n<li>Sel\u00fclit g\u00f6r\u00fcn\u00fcm\u00fcn\u00fc g\u00f6zle g\u00f6r\u00fcl\u00fcr \u015fekilde azalt\u0131r.<\/li>\n\n\n\n<li>Cildini s\u0131k\u0131la\u015ft\u0131r\u0131r ve toparlar.<\/li>\n\n\n\n<li>Kan dola\u015f\u0131m\u0131n\u0131 h\u0131zland\u0131rarak v\u00fccuduna tazelik kazand\u0131r\u0131r.<\/li>\n<\/ul>\n\n\n\n<p class=\"wp-block-paragraph\">&#x1f381; <strong>KA\u00c7IRILMAYACAK KAMPANYA:<\/strong> \u015eimdi 4 seans alan herkese 2 seans bizden HED\u0130YE!<\/p>\n\n\n\n<p class=\"wp-block-paragraph\">Kendini hafiflet, cildini p\u00fcr\u00fczs\u00fcz hisset!<\/p>\n\n\n\n<p class=\"wp-block-paragraph\">&#x1f4cd; <strong>Adres:<\/strong> Yakut Sk. 24, \/22 34140 Bak\u0131rk\u00f6y\/\u0130stanbul &#x1f4de; <strong>Randevu ve Bilgi:<\/strong> 0 543 402 61 61\u00e7in bize hemen ula\u015f\u0131n.<\/p>\n","protected":false},"excerpt":{"rendered":"<p>P\u00fcr\u00fczs\u00fcz, s\u0131k\u0131 ve kendinden emin bir sen i\u00e7in harika bir f\u0131rsat seni bekliyor! Uzman ekibimizle<\/p>\n","protected":false},"author":1,"featured_media":3350,"comment_status":"open","ping_status":"open","sticky":false,"template":"","format":"standard","meta":{"_rtcl_gb_attr":"","footnotes":""},"categories":[1],"tags":[],"class_list":["post-3349","post","type-post","status-publish","format-standard","has-post-thumbnail","hentry","category-http-turkiyemhaber-com-wp-content-uploads-2026-03-saray-59-haber-13-mart-pdf"],"_links":{"self":[{"href":"https:\/\/turkiyemhaber.com\/index.php?rest_route=\/wp\/v2\/posts\/3349","targetHints":{"allow":["GET"]}}],"collection":[{"href":"https:\/\/turkiyemhaber.com\/index.php?rest_route=\/wp\/v2\/posts"}],"about":[{"href":"https:\/\/turkiyemhaber.com\/index.php?rest_route=\/wp\/v2\/types\/post"}],"author":[{"embeddable":true,"href":"https:\/\/turkiyemhaber.com\/index.php?rest_route=\/wp\/v2\/users\/1"}],"replies":[{"embeddable":true,"href":"https:\/\/turkiyemhaber.com\/index.php?rest_route=%2Fwp%2Fv2%2Fcomments&post=3349"}],"version-history":[{"count":1,"href":"https:\/\/turkiyemhaber.com\/index.php?rest_route=\/wp\/v2\/posts\/3349\/revisions"}],"predecessor-version":[{"id":3351,"href":"https:\/\/turkiyemhaber.com\/index.php?rest_route=\/wp\/v2\/posts\/3349\/revisions\/3351"}],"wp:featuredmedia":[{"embeddable":true,"href":"https:\/\/turkiyemhaber.com\/index.php?rest_route=\/wp\/v2\/media\/3350"}],"wp:attachment":[{"href":"https:\/\/turkiyemhaber.com\/index.php?rest_route=%2Fwp%2Fv2%2Fmedia&parent=3349"}],"wp:term":[{"taxonomy":"category","embeddable":true,"href":"https:\/\/turkiyemhaber.com\/index.php?rest_route=%2Fwp%2Fv2%2Fcategories&post=3349"},{"taxonomy":"post_tag","embeddable":true,"href":"https:\/\/turkiyemhaber.com\/index.php?rest_route=%2Fwp%2Fv2%2Ftags&post=3349"}],"curies":[{"name":"wp","href":"https:\/\/api.w.org\/{rel}","templated":true}]}}