{"id":3346,"date":"2026-06-19T09:58:11","date_gmt":"2026-06-19T09:58:11","guid":{"rendered":"https:\/\/turkiyemhaber.com\/?p=3346"},"modified":"2026-06-19T09:58:15","modified_gmt":"2026-06-19T09:58:15","slug":"sokak-cetesine-safak-baskini-5-ilde-onlarca-gozalti-var","status":"publish","type":"post","link":"https:\/\/turkiyemhaber.com\/?p=3346","title":{"rendered":"Sokak \u00e7etesine \u015fafak bask\u0131n\u0131! 5 ilde onlarca g\u00f6zalt\u0131 var"},"content":{"rendered":"\n<p class=\"wp-block-paragraph\">\u0130stanbul Cumhuriyet Ba\u015fsavc\u0131l\u0131\u011f\u0131 koordinesinde \u0130stanbul, Mu\u015f, Diyarbak\u0131r, Erzurum ve Tekirda\u011f&#8217;da d\u00fczenlenen e\u015f zamanl\u0131 operasyonlarda bir sokak \u00e7etesi hedef al\u0131nd\u0131. Operasyon kapsam\u0131nda aralar\u0131nda 3 avukat\u0131n da bulundu\u011fu 32 \u015f\u00fcpheli hakk\u0131nda adli i\u015flem ba\u015flat\u0131l\u0131rken, \u0130stanbul Cumhuriyet Ba\u015fsavc\u0131s\u0131 Ak\u0131n G\u00fcrlek su\u00e7 \u00f6rg\u00fctleri ve \u00e7etelere y\u00f6nelik operasyonlar\u0131n kararl\u0131l\u0131kla s\u00fcrd\u00fcr\u00fclece\u011fini a\u00e7\u0131klad\u0131.<\/p>\n\n\n\n<p class=\"wp-block-paragraph\"><a href=\"https:\/\/www.sondakika.com\/istanbul-cumhuriyet-bassavciligi\/\">\u0130stanbul Cumhuriyet Ba\u015fsavc\u0131l\u0131\u011f\u0131<\/a>&nbsp;koordinesinde \u0130stanbul merkezli 5 ilde d\u00fczenlenen e\u015f zamanl\u0131 operasyonlarda, \u00f6nde gelen sokak \u00e7etelerinden biri hedef al\u0131nd\u0131.&nbsp;<a href=\"https:\/\/www.sondakika.com\/operasyon\/\">Operasyon<\/a>&nbsp;kapsam\u0131nda aralar\u0131nda 3 avukat\u0131n da bulundu\u011fu 32 \u015f\u00fcpheli hakk\u0131nda adli i\u015flem ba\u015flat\u0131ld\u0131.<\/p>\n\n\n\n<h3 class=\"wp-block-heading\">E\u015e ZAMANLI OPERASYON D\u00dcZENLEND\u0130<\/h3>\n\n\n\n<p class=\"wp-block-paragraph\">\u0130stanbul Cumhuriyet Ba\u015fsavc\u0131l\u0131\u011f\u0131&#8217;n\u0131n y\u00fcr\u00fctt\u00fc\u011f\u00fc soru\u015fturma kapsam\u0131nda, sokak \u00e7eteleri ve organize su\u00e7 yap\u0131lanmalar\u0131na y\u00f6nelik geni\u015f \u00e7apl\u0131 operasyon ger\u00e7ekle\u015ftirildi.<\/p>\n\n\n\n<p class=\"wp-block-paragraph\">\u0130stanbul,&nbsp;<a href=\"https:\/\/www.sondakika.com\/mus\/\">Mu\u015f<\/a>,&nbsp;<a href=\"https:\/\/www.sondakika.com\/diyarbakir\/\">Diyarbak\u0131r<\/a>,&nbsp;<a href=\"https:\/\/www.sondakika.com\/erzurum\/\">Erzurum<\/a>&nbsp;ve&nbsp;<a href=\"https:\/\/www.sondakika.com\/tekirdag\/\">Tekirda\u011f<\/a>&#8216;da e\u015f zamanl\u0131 d\u00fczenlenen operasyonlarda, kamu d\u00fczenini tehdit etti\u011fi de\u011ferlendirilen bir sokak \u00e7etesi hedef al\u0131nd\u0131. Operasyon kapsam\u0131nda aralar\u0131nda 3 avukat\u0131n da bulundu\u011fu toplam 32 \u015f\u00fcpheli hakk\u0131nda adli i\u015flem ba\u015flat\u0131ld\u0131.<\/p>\n\n\n\n<h3 class=\"wp-block-heading\">&#8220;SU\u00c7 YAPILANMALARINA TAV\u0130ZS\u0130Z M\u00dcCADELE&#8221;<\/h3>\n\n\n\n<p class=\"wp-block-paragraph\">\u0130stanbul Cumhuriyet Ba\u015fsavc\u0131s\u0131&nbsp;<a href=\"https:\/\/www.sondakika.com\/akin-gurlek\/\">Ak\u0131n G\u00fcrlek<\/a>, operasyonla ilgili yapt\u0131\u011f\u0131 a\u00e7\u0131klamada sokak \u00e7eteleri, organize su\u00e7 \u00f6rg\u00fctleri ve toplumun huzurunu hedef alan t\u00fcm su\u00e7 yap\u0131lanmalar\u0131yla m\u00fccadelenin kararl\u0131l\u0131kla s\u00fcrd\u00fc\u011f\u00fcn\u00fc belirtti.<\/p>\n\n\n\n<p class=\"wp-block-paragraph\">\u0130\u00e7i\u015fleri Bakanl\u0131\u011f\u0131 ile koordinasyon i\u00e7erisinde hareket edildi\u011fini ifade eden G\u00fcrlek, \u015fehirlerin huzurunu ve gen\u00e7lerin gelece\u011fini tehdit eden yap\u0131lara kar\u015f\u0131 tavizsiz m\u00fccadele y\u00fcr\u00fct\u00fcld\u00fc\u011f\u00fcn\u00fc vurgulad\u0131.<\/p>\n\n\n\n<h3 class=\"wp-block-heading\">\u00c7OCUKLARI SU\u00c7A S\u00dcR\u00dcKLEYEN YAPILARA D\u0130KKAT \u00c7EKT\u0130<\/h3>\n\n\n\n<p class=\"wp-block-paragraph\">G\u00fcrlek, su\u00e7 \u00f6rg\u00fctlerinin \u00e7ocuklar\u0131 ve gen\u00e7leri hedef alarak &#8220;Nas\u0131l olsa ya\u015f\u0131n\u0131z k\u00fc\u00e7\u00fck, ceza almazs\u0131n\u0131z&#8221; \u015feklinde yan\u0131lt\u0131c\u0131 s\u00f6ylemler kulland\u0131\u011f\u0131n\u0131 belirtti.<\/p>\n\n\n\n<p class=\"wp-block-paragraph\">\u00c7ocuklar\u0131n \u00f6rg\u00fct \u00fcyeli\u011fi, kasten \u00f6ld\u00fcrmeye te\u015febb\u00fcs, silahl\u0131 sald\u0131r\u0131 ve ya\u011fma gibi a\u011f\u0131r su\u00e7lara y\u00f6nlendirilmesinin mevcut hukuk d\u00fczeninde ciddi yapt\u0131r\u0131mlarla kar\u015f\u0131l\u0131k buldu\u011funu ifade eden G\u00fcrlek, cezalar\u0131n art\u0131r\u0131lmas\u0131na y\u00f6nelik \u00e7al\u0131\u015fmalar\u0131n da s\u00fcrd\u00fc\u011f\u00fcn\u00fc kaydetti.<\/p>\n\n\n\n<h3 class=\"wp-block-heading\">&#8220;K\u00d6KLER\u0130 KAZINANA KADAR DEVAM EDECEK&#8221;<\/h3>\n\n\n\n<p class=\"wp-block-paragraph\">Vatanda\u015flar\u0131 korkutarak haks\u0131z menfaat sa\u011flamaya \u00e7al\u0131\u015fan su\u00e7 yap\u0131lanmalar\u0131na y\u00f6nelik operasyonlar\u0131n s\u00fcrece\u011fini belirten G\u00fcrlek, &#8220;\u00c7ocuklar\u0131m\u0131z\u0131 su\u00e7 \u00f6rg\u00fctlerinin a\u011f\u0131na d\u00fc\u015f\u00fcrmeye \u00e7al\u0131\u015fan, sokaklar\u0131m\u0131z\u0131n g\u00fcvenli\u011fini tehdit eden bu yap\u0131lara y\u00f6nelik s\u00fcp\u00fcrme operasyonlar\u0131m\u0131z k\u00f6kleri kaz\u0131nana dek kararl\u0131l\u0131kla devam edecektir&#8221; ifadelerini kulland\u0131.<\/p>\n\n\n\n<p class=\"wp-block-paragraph\">G\u00fcrlek ayr\u0131ca soru\u015fturmay\u0131 y\u00fcr\u00fcten \u0130stanbul Cumhuriyet Ba\u015fsavc\u0131l\u0131\u011f\u0131 personeline, \u0130stanbul \u0130l Emniyet M\u00fcd\u00fcrl\u00fc\u011f\u00fc ekiplerine ve operasyonda g\u00f6rev alan t\u00fcm kamu g\u00f6revlilerine te\u015fekk\u00fcr etti.<\/p>\n\n\n\n<figure class=\"wp-block-image\"><img decoding=\"async\" src=\"https:\/\/foto.sondakika.com\/haber\/2026\/06\/19\/sokak-cetesine-safak-baskini-5-19965174-5254_1_m.jpg\" alt=\"Sokak \u00e7etesine \u015fafak bask\u0131n\u0131! 5 ilde onlarca g\u00f6zalt\u0131 var\"\/><\/figure>\n\n\n\n<p class=\"wp-block-paragraph\"><\/p>\n","protected":false},"excerpt":{"rendered":"<p>\u0130stanbul Cumhuriyet Ba\u015fsavc\u0131l\u0131\u011f\u0131 koordinesinde \u0130stanbul, Mu\u015f, Diyarbak\u0131r, Erzurum ve Tekirda\u011f&#8217;da d\u00fczenlenen e\u015f zamanl\u0131 operasyonlarda bir<\/p>\n","protected":false},"author":1,"featured_media":3347,"comment_status":"open","ping_status":"open","sticky":false,"template":"","format":"standard","meta":{"_rtcl_gb_attr":"","footnotes":""},"categories":[1],"tags":[],"class_list":["post-3346","post","type-post","status-publish","format-standard","has-post-thumbnail","hentry","category-http-turkiyemhaber-com-wp-content-uploads-2026-03-saray-59-haber-13-mart-pdf"],"_links":{"self":[{"href":"https:\/\/turkiyemhaber.com\/index.php?rest_route=\/wp\/v2\/posts\/3346","targetHints":{"allow":["GET"]}}],"collection":[{"href":"https:\/\/turkiyemhaber.com\/index.php?rest_route=\/wp\/v2\/posts"}],"about":[{"href":"https:\/\/turkiyemhaber.com\/index.php?rest_route=\/wp\/v2\/types\/post"}],"author":[{"embeddable":true,"href":"https:\/\/turkiyemhaber.com\/index.php?rest_route=\/wp\/v2\/users\/1"}],"replies":[{"embeddable":true,"href":"https:\/\/turkiyemhaber.com\/index.php?rest_route=%2Fwp%2Fv2%2Fcomments&post=3346"}],"version-history":[{"count":1,"href":"https:\/\/turkiyemhaber.com\/index.php?rest_route=\/wp\/v2\/posts\/3346\/revisions"}],"predecessor-version":[{"id":3348,"href":"https:\/\/turkiyemhaber.com\/index.php?rest_route=\/wp\/v2\/posts\/3346\/revisions\/3348"}],"wp:featuredmedia":[{"embeddable":true,"href":"https:\/\/turkiyemhaber.com\/index.php?rest_route=\/wp\/v2\/media\/3347"}],"wp:attachment":[{"href":"https:\/\/turkiyemhaber.com\/index.php?rest_route=%2Fwp%2Fv2%2Fmedia&parent=3346"}],"wp:term":[{"taxonomy":"category","embeddable":true,"href":"https:\/\/turkiyemhaber.com\/index.php?rest_route=%2Fwp%2Fv2%2Fcategories&post=3346"},{"taxonomy":"post_tag","embeddable":true,"href":"https:\/\/turkiyemhaber.com\/index.php?rest_route=%2Fwp%2Fv2%2Ftags&post=3346"}],"curies":[{"name":"wp","href":"https:\/\/api.w.org\/{rel}","templated":true}]}}