{"id":3343,"date":"2026-06-19T09:23:51","date_gmt":"2026-06-19T09:23:51","guid":{"rendered":"https:\/\/turkiyemhaber.com\/?p=3343"},"modified":"2026-06-19T09:23:55","modified_gmt":"2026-06-19T09:23:55","slug":"erhan-karaalin-kacirilma-aninin-en-net-goruntusu","status":"publish","type":"post","link":"https:\/\/turkiyemhaber.com\/?p=3343","title":{"rendered":"Erhan Karaal&#8217;\u0131n ka\u00e7\u0131r\u0131lma an\u0131n\u0131n en net g\u00f6r\u00fcnt\u00fcs\u00fc"},"content":{"rendered":"\n<p class=\"wp-block-paragraph\">Bu sabah Tuzla&#8217;da elleri ve kollar\u0131 ba\u011fl\u0131 halde bulunan \u0130BB K\u00fclt\u00fcr A.\u015e. Genel M\u00fcd\u00fcr Yard\u0131mc\u0131s\u0131 Erhan Karaal&#8217;\u0131n ka\u00e7\u0131r\u0131ld\u0131\u011f\u0131 anlara ili\u015fkin en net g\u00fcvenlik kameras\u0131 g\u00f6r\u00fcnt\u00fcleri ortaya \u00e7\u0131kt\u0131.<\/p>\n\n\n\n<p class=\"wp-block-paragraph\"><a href=\"https:\/\/www.sondakika.com\/istanbul-buyuksehir-belediyesi-2\/\">\u0130stanbul B\u00fcy\u00fck\u015fehir Belediyesi<\/a>&nbsp;K\u00fclt\u00fcr A.\u015e. Genel M\u00fcd\u00fcr Yard\u0131mc\u0131s\u0131&nbsp;<a href=\"https:\/\/www.sondakika.com\/erhan-karaal\/\">Erhan Karaal<\/a>&#8216;\u0131n Maltepe&#8217;de ka\u00e7\u0131r\u0131lmas\u0131na ili\u015fkin soru\u015fturmada yeni geli\u015fmeler ya\u015fand\u0131. Polis ekiplerinin \u00e7al\u0131\u015fmas\u0131 sonucu&nbsp;<a href=\"https:\/\/www.sondakika.com\/tuzla\/\">Tuzla<\/a>&#8216;da bulunan Karaal&#8217;\u0131n sa\u011fl\u0131k durumunun iyi oldu\u011fu \u00f6\u011frenilirken, olayla ilgili g\u00f6zalt\u0131 say\u0131s\u0131 8&#8217;e y\u00fckseldi.<\/p>\n\n\n\n<p class=\"wp-block-paragraph\">Olay, \u00e7ar\u015famba g\u00fcn\u00fc saat 21.00 s\u0131ralar\u0131nda Maltepe il\u00e7esi Feyzullah Mahallesi Sidar Sokak&#8217;ta meydana geldi. \u0130ddiaya g\u00f6re&nbsp;<a href=\"https:\/\/www.sondakika.com\/istanbul-buyuksehir-belediyesi\/\">\u0130stanbul B\u00fcy\u00fck\u015fehir Belediyesi<\/a>&nbsp;K\u00fclt\u00fcr A.\u015e. Genel M\u00fcd\u00fcr Yard\u0131mc\u0131s\u0131 Erhan Karaal, evinin \u00f6n\u00fcnde kimli\u011fi belirsiz ki\u015filer taraf\u0131ndan zorla bir araca bindirilerek ka\u00e7\u0131r\u0131ld\u0131.&nbsp;Olay\u0131 g\u00f6ren e\u015fi Ay\u015fe Toprak Karaal&#8217;\u0131n ihbar\u0131 \u00fczerine polis ekipleri \u00e7al\u0131\u015fma ba\u015flat\u0131rken, \u00e7evredeki g\u00fcvenlik kameralar\u0131 incelemeye al\u0131nd\u0131.<\/p>\n\n\n\n<h3 class=\"wp-block-heading\">TUZLA&#8217;DA BULUNDU<\/h3>\n\n\n\n<p class=\"wp-block-paragraph\">\u0130stanbul Emniyet M\u00fcd\u00fcrl\u00fc\u011f\u00fc Asayi\u015f \u015eube M\u00fcd\u00fcrl\u00fc\u011f\u00fc ekipleri, \u0130stanbul Anadolu Cumhuriyet Ba\u015fsavc\u0131l\u0131\u011f\u0131&#8217;n\u0131n y\u00fcr\u00fctt\u00fc\u011f\u00fc soru\u015fturma kapsam\u0131nda yapt\u0131\u011f\u0131 \u00e7al\u0131\u015fmalar sonucunda Karaal&#8217;\u0131n Tuzla&#8217;da bulundu\u011funu tespit etti.&nbsp;Polis ekipleri taraf\u0131ndan bir in\u015faat alan\u0131nda bulunan Erhan Karaal&#8217;\u0131n sa\u011fl\u0131k durumunun iyi oldu\u011fu \u00f6\u011frenildi.<\/p>\n\n\n\n<h3 class=\"wp-block-heading\">G\u00d6ZALTI SAYISI 8&#8217;E Y\u00dcKSELD\u0130<\/h3>\n\n\n\n<p class=\"wp-block-paragraph\">Soru\u015fturma kapsam\u0131nda daha \u00f6nce g\u00f6zalt\u0131na al\u0131nan \u015f\u00fcphelilere ek olarak bir ki\u015finin daha yakalanmas\u0131yla g\u00f6zalt\u0131 say\u0131s\u0131 8&#8217;e y\u00fckseldi. Olayla ba\u011flant\u0131l\u0131 ki\u015filerin emniyetteki i\u015flemlerinin s\u00fcrd\u00fc\u011f\u00fc \u00f6\u011frenildi.<\/p>\n\n\n\n<h3 class=\"wp-block-heading\">KA\u00c7IRILMA ANI KAMERADA<\/h3>\n\n\n\n<p class=\"wp-block-paragraph\">\u00d6te yandan Erhan Karaal&#8217;\u0131n ka\u00e7\u0131r\u0131ld\u0131\u011f\u0131 anlara ait yeni g\u00fcvenlik kameras\u0131 g\u00f6r\u00fcnt\u00fcleri ortaya \u00e7\u0131kt\u0131.&nbsp;G\u00f6r\u00fcnt\u00fclerde, telefonla konu\u015farak kald\u0131r\u0131mda y\u00fcr\u00fcyen Karaal&#8217;\u0131n \u00f6n\u00fcn\u00fcn kimli\u011fi belirsiz ki\u015filer taraf\u0131ndan kesildi\u011fi g\u00f6r\u00fcl\u00fcyor. Daha sonra \u00fc\u00e7 ki\u015finin Karaal&#8217;\u0131n kollar\u0131na girerek zorla caddeye yana\u015fan bir araca bindirdi\u011fi ve arac\u0131n olay yerinden uzakla\u015ft\u0131\u011f\u0131 anlar kameralara yans\u0131yor.<\/p>\n","protected":false},"excerpt":{"rendered":"<p>Bu sabah Tuzla&#8217;da elleri ve kollar\u0131 ba\u011fl\u0131 halde bulunan \u0130BB K\u00fclt\u00fcr A.\u015e. Genel M\u00fcd\u00fcr Yard\u0131mc\u0131s\u0131<\/p>\n","protected":false},"author":1,"featured_media":3344,"comment_status":"open","ping_status":"open","sticky":false,"template":"","format":"standard","meta":{"_rtcl_gb_attr":"","footnotes":""},"categories":[1],"tags":[],"class_list":["post-3343","post","type-post","status-publish","format-standard","has-post-thumbnail","hentry","category-http-turkiyemhaber-com-wp-content-uploads-2026-03-saray-59-haber-13-mart-pdf"],"_links":{"self":[{"href":"https:\/\/turkiyemhaber.com\/index.php?rest_route=\/wp\/v2\/posts\/3343","targetHints":{"allow":["GET"]}}],"collection":[{"href":"https:\/\/turkiyemhaber.com\/index.php?rest_route=\/wp\/v2\/posts"}],"about":[{"href":"https:\/\/turkiyemhaber.com\/index.php?rest_route=\/wp\/v2\/types\/post"}],"author":[{"embeddable":true,"href":"https:\/\/turkiyemhaber.com\/index.php?rest_route=\/wp\/v2\/users\/1"}],"replies":[{"embeddable":true,"href":"https:\/\/turkiyemhaber.com\/index.php?rest_route=%2Fwp%2Fv2%2Fcomments&post=3343"}],"version-history":[{"count":1,"href":"https:\/\/turkiyemhaber.com\/index.php?rest_route=\/wp\/v2\/posts\/3343\/revisions"}],"predecessor-version":[{"id":3345,"href":"https:\/\/turkiyemhaber.com\/index.php?rest_route=\/wp\/v2\/posts\/3343\/revisions\/3345"}],"wp:featuredmedia":[{"embeddable":true,"href":"https:\/\/turkiyemhaber.com\/index.php?rest_route=\/wp\/v2\/media\/3344"}],"wp:attachment":[{"href":"https:\/\/turkiyemhaber.com\/index.php?rest_route=%2Fwp%2Fv2%2Fmedia&parent=3343"}],"wp:term":[{"taxonomy":"category","embeddable":true,"href":"https:\/\/turkiyemhaber.com\/index.php?rest_route=%2Fwp%2Fv2%2Fcategories&post=3343"},{"taxonomy":"post_tag","embeddable":true,"href":"https:\/\/turkiyemhaber.com\/index.php?rest_route=%2Fwp%2Fv2%2Ftags&post=3343"}],"curies":[{"name":"wp","href":"https:\/\/api.w.org\/{rel}","templated":true}]}}