{"id":3340,"date":"2026-06-19T09:20:35","date_gmt":"2026-06-19T09:20:35","guid":{"rendered":"https:\/\/turkiyemhaber.com\/?p=3340"},"modified":"2026-06-19T09:20:38","modified_gmt":"2026-06-19T09:20:38","slug":"turk-bogazlarindan-gecis-ucreti-1-temmuzda-670-dolar-olacak","status":"publish","type":"post","link":"https:\/\/turkiyemhaber.com\/?p=3340","title":{"rendered":"T\u00fcrk Bo\u011fazlar\u0131&#8217;ndan ge\u00e7i\u015f \u00fccreti 1 Temmuz&#8217;da 6,70 dolar olacak"},"content":{"rendered":"\n<p class=\"wp-block-paragraph\">Ula\u015ft\u0131rma ve Altyap\u0131 Bakan\u0131 Abdulkadir Uralo\u011flu, T\u00fcrk Bo\u011fazlar\u0131&#8217;ndan ge\u00e7en uluslararas\u0131 gemilerden al\u0131nan ge\u00e7i\u015f \u00fccretinin 1 Temmuz itibar\u0131yla net ton ba\u015f\u0131na 5,83 dolardan 6,70 dolara (311 TL) y\u00fckseltilece\u011fini a\u00e7\u0131klad\u0131. Yap\u0131lan d\u00fczenlemeyle devletin d\u00f6viz gelirlerinin art\u0131r\u0131lmas\u0131 hedeflenirken, bo\u011faz ge\u00e7i\u015flerinden elde edilen gelirin gelecek d\u00f6nemde 254 milyon dolara ula\u015fmas\u0131 bekleniyor.<\/p>\n\n\n\n<p class=\"wp-block-paragraph\"><a href=\"https:\/\/www.sondakika.com\/ulastirma-ve-altyapi-bakani\/\">Ula\u015ft\u0131rma ve Altyap\u0131 Bakan\u0131<\/a>&nbsp;Abdulkadir Uralo\u011flu, T\u00fcrk Bo\u011fazlar\u0131&#8217;ndan ge\u00e7i\u015f yapan uluslararas\u0131 gemilerden al\u0131nan \u00fccretlerin 1 Temmuz itibar\u0131yla art\u0131r\u0131laca\u011f\u0131n\u0131 a\u00e7\u0131klad\u0131. Net ton ba\u015f\u0131na al\u0131nan \u00fccret 5,83 dolardan 6,70 dolara (311 TL) y\u00fckselecek.<\/p>\n\n\n\n<h3 class=\"wp-block-heading\">BO\u011eAZ GE\u00c7\u0130\u015e \u00dcCRETLER\u0130 G\u00dcNCELLEN\u0130YOR<\/h3>\n\n\n\n<p class=\"wp-block-paragraph\">Ula\u015ft\u0131rma ve Altyap\u0131 Bakan\u0131 Abdulkadir Uralo\u011flu, T\u00fcrk Bo\u011fazlar\u0131&#8217;ndan herhangi bir limana u\u011framadan ge\u00e7en uluslararas\u0131 gemilerden al\u0131nan ge\u00e7i\u015f \u00fccretlerinde yeni d\u00fczenlemeye gidilece\u011fini duyurdu.<\/p>\n\n\n\n<p class=\"wp-block-paragraph\">Her y\u0131l 1 Temmuz&#8217;da g\u00fcncellenen tarifeler kapsam\u0131nda, gemilerden net ton ba\u015f\u0131na al\u0131nan \u00fccretin 2025 y\u0131l\u0131nda uygulanan 5,83 dolardan 6,70 dolara \u00e7\u0131kar\u0131laca\u011f\u0131n\u0131 belirten Uralo\u011flu, yeni tarifenin 1 Temmuz 2026 itibar\u0131yla y\u00fcr\u00fcrl\u00fc\u011fe girece\u011fini s\u00f6yledi.<\/p>\n\n\n\n<h3 class=\"wp-block-heading\">39 YIL SONRA BA\u015eLAYAN ARTI\u015e S\u00dcR\u00dcYOR<\/h3>\n\n\n\n<p class=\"wp-block-paragraph\">Bakan Uralo\u011flu, Montr\u00f6 Bo\u011fazlar S\u00f6zle\u015fmesi kapsam\u0131nda al\u0131nan \u00fccretlerin hesaplanmas\u0131nda alt\u0131n frank ve gemilerin net tonaj\u0131n\u0131n esas al\u0131nd\u0131\u011f\u0131n\u0131 hat\u0131rlatt\u0131.<\/p>\n\n\n\n<p class=\"wp-block-paragraph\">1983 y\u0131l\u0131ndan 2022&#8217;ye kadar net ton ba\u015f\u0131na 0,80 dolar \u00fccret al\u0131nd\u0131\u011f\u0131n\u0131 belirten Uralo\u011flu, 39 y\u0131l sonra yap\u0131lan d\u00fczenlemeyle \u00fccretin \u00f6nce 4,08 dolara, ard\u0131ndan kademeli olarak 4,42 dolar, 5,07 dolar ve 5,83 dolara y\u00fckseltildi\u011fini ifade etti.<\/p>\n\n\n\n<h3 class=\"wp-block-heading\">DEVLET\u0130N D\u00d6V\u0130Z GEL\u0130R\u0130 ARTACAK<\/h3>\n\n\n\n<p class=\"wp-block-paragraph\">T\u00fcrk Bo\u011fazlar\u0131&#8217;ndan ge\u00e7en uluslararas\u0131 gemilerden sa\u011fl\u0131k denetimi, fener ve tahlisiye hizmetleri i\u00e7in \u00fccret al\u0131nd\u0131\u011f\u0131n\u0131 belirten Uralo\u011flu, yap\u0131lan g\u00fcncellemelerin devletin d\u00f6viz gelirlerini art\u0131rd\u0131\u011f\u0131n\u0131 vurgulad\u0131.<\/p>\n\n\n\n<h3 class=\"wp-block-heading\">GEL\u0130R HEDEF\u0130 254 M\u0130LYON DOLAR<\/h3>\n\n\n\n<p class=\"wp-block-paragraph\">Bakan Uralo\u011flu, gemi ge\u00e7i\u015flerinden elde edilen gelirin 1 Temmuz 2021-30 Haziran 2022 d\u00f6neminde 38 milyon dolar oldu\u011funu, 1 Temmuz 2024-30 Haziran 2025 d\u00f6neminde ise 223 milyon dolara y\u00fckseldi\u011fini a\u00e7\u0131klad\u0131.<\/p>\n\n\n\n<p class=\"wp-block-paragraph\">1 Temmuz 2025 ile 30 Haziran 2026 tarihleri aras\u0131nda T\u00fcrk Bo\u011fazlar\u0131&#8217;ndan elde edilecek gelirin yakla\u015f\u0131k 254 milyon dolar seviyesine ula\u015fmas\u0131n\u0131n beklendi\u011fini belirten Uralo\u011flu, yap\u0131lan d\u00fczenlemelerin \u00fclkeye \u00f6nemli miktarda d\u00f6viz kazand\u0131raca\u011f\u0131n\u0131 ifade etti.<\/p>\n","protected":false},"excerpt":{"rendered":"<p>Ula\u015ft\u0131rma ve Altyap\u0131 Bakan\u0131 Abdulkadir Uralo\u011flu, T\u00fcrk Bo\u011fazlar\u0131&#8217;ndan ge\u00e7en uluslararas\u0131 gemilerden al\u0131nan ge\u00e7i\u015f \u00fccretinin 1<\/p>\n","protected":false},"author":1,"featured_media":3341,"comment_status":"open","ping_status":"open","sticky":false,"template":"","format":"standard","meta":{"_rtcl_gb_attr":"","footnotes":""},"categories":[1],"tags":[],"class_list":["post-3340","post","type-post","status-publish","format-standard","has-post-thumbnail","hentry","category-http-turkiyemhaber-com-wp-content-uploads-2026-03-saray-59-haber-13-mart-pdf"],"_links":{"self":[{"href":"https:\/\/turkiyemhaber.com\/index.php?rest_route=\/wp\/v2\/posts\/3340","targetHints":{"allow":["GET"]}}],"collection":[{"href":"https:\/\/turkiyemhaber.com\/index.php?rest_route=\/wp\/v2\/posts"}],"about":[{"href":"https:\/\/turkiyemhaber.com\/index.php?rest_route=\/wp\/v2\/types\/post"}],"author":[{"embeddable":true,"href":"https:\/\/turkiyemhaber.com\/index.php?rest_route=\/wp\/v2\/users\/1"}],"replies":[{"embeddable":true,"href":"https:\/\/turkiyemhaber.com\/index.php?rest_route=%2Fwp%2Fv2%2Fcomments&post=3340"}],"version-history":[{"count":1,"href":"https:\/\/turkiyemhaber.com\/index.php?rest_route=\/wp\/v2\/posts\/3340\/revisions"}],"predecessor-version":[{"id":3342,"href":"https:\/\/turkiyemhaber.com\/index.php?rest_route=\/wp\/v2\/posts\/3340\/revisions\/3342"}],"wp:featuredmedia":[{"embeddable":true,"href":"https:\/\/turkiyemhaber.com\/index.php?rest_route=\/wp\/v2\/media\/3341"}],"wp:attachment":[{"href":"https:\/\/turkiyemhaber.com\/index.php?rest_route=%2Fwp%2Fv2%2Fmedia&parent=3340"}],"wp:term":[{"taxonomy":"category","embeddable":true,"href":"https:\/\/turkiyemhaber.com\/index.php?rest_route=%2Fwp%2Fv2%2Fcategories&post=3340"},{"taxonomy":"post_tag","embeddable":true,"href":"https:\/\/turkiyemhaber.com\/index.php?rest_route=%2Fwp%2Fv2%2Ftags&post=3340"}],"curies":[{"name":"wp","href":"https:\/\/api.w.org\/{rel}","templated":true}]}}