{"id":3337,"date":"2026-06-19T09:18:50","date_gmt":"2026-06-19T09:18:50","guid":{"rendered":"https:\/\/turkiyemhaber.com\/?p=3337"},"modified":"2026-06-19T09:18:54","modified_gmt":"2026-06-19T09:18:54","slug":"balkona-cay-icmeye-cikti-karsisinda-dev-yilani-gorunce-donakaldi","status":"publish","type":"post","link":"https:\/\/turkiyemhaber.com\/?p=3337","title":{"rendered":"Balkona \u00e7ay i\u00e7meye \u00e7\u0131kt\u0131, kar\u015f\u0131s\u0131nda dev y\u0131lan\u0131 g\u00f6r\u00fcnce donakald\u0131"},"content":{"rendered":"\n<p class=\"wp-block-paragraph\">\u015e\u0131rnak&#8217;\u0131n \u0130dil il\u00e7esinde sabah saatlerinde balkonuna \u00e7ay i\u00e7mek i\u00e7in \u00e7\u0131kan bir vatanda\u015f, kap\u0131y\u0131 a\u00e7t\u0131\u011f\u0131nda yakla\u015f\u0131k 2 metre uzunlu\u011funda bir y\u0131lanla kar\u015f\u0131la\u015ft\u0131. B\u00fcy\u00fck panik ya\u015fayan vatanda\u015f\u0131n ihbar\u0131 \u00fczerine b\u00f6lgeye gelen ekipler, y\u0131lan\u0131 g\u00fcvenli \u015fekilde bulundu\u011fu yerden uzakla\u015ft\u0131rd\u0131.<\/p>\n\n\n\n<p class=\"wp-block-paragraph\"><a href=\"https:\/\/www.sondakika.com\/sirnak\/\">\u015e\u0131rnak<\/a>&#8216;\u0131n&nbsp;<a href=\"https:\/\/www.sondakika.com\/idil\/\">\u0130dil<\/a>&nbsp;il\u00e7esinde sabah saatlerinde balkonuna \u00e7ay i\u00e7mek i\u00e7in \u00e7\u0131kan vatanda\u015f, yakla\u015f\u0131k 2 metre uzunlu\u011fundaki y\u0131lanla kar\u015f\u0131la\u015f\u0131nca b\u00fcy\u00fck panik ya\u015fad\u0131.<\/p>\n\n\n\n<h3 class=\"wp-block-heading\">BALKON KAPISINI A\u00c7INCA \u015eOKE OLDU<\/h3>\n\n\n\n<p class=\"wp-block-paragraph\">Olay, \u015e\u0131rnak&#8217;\u0131n \u0130dil il\u00e7esine ba\u011fl\u0131 Turgut \u00d6zal Mahallesi&#8217;nde meydana geldi. Edinilen bilgilere g\u00f6re bir vatanda\u015f, sabah saatlerinde \u00e7ay i\u00e7mek i\u00e7in evinin balkonuna \u00e7\u0131kt\u0131.&nbsp;Balkon kap\u0131s\u0131n\u0131 a\u00e7an vatanda\u015f, yerde hareketsiz \u015fekilde duran yakla\u015f\u0131k 2 metre uzunlu\u011fundaki y\u0131lan\u0131 g\u00f6r\u00fcnce b\u00fcy\u00fck \u015fa\u015fk\u0131nl\u0131k ya\u015fad\u0131.<\/p>\n\n\n\n<figure class=\"wp-block-image\"><img decoding=\"async\" src=\"https:\/\/foto.sondakika.com\/haber\/2026\/06\/19\/balkona-cay-icmeye-cikti-karsi-19966032-5201_1_m.jpg\" alt=\"Balkona \u00e7ay i\u00e7meye \u00e7\u0131kt\u0131, kar\u015f\u0131s\u0131nda dev y\u0131lan\u0131 g\u00f6r\u00fcnce donakald\u0131\"\/><\/figure>\n\n\n\n<h3 class=\"wp-block-heading\">\u00c7EVREDEK\u0130LERDEN YARDIM \u0130STED\u0130<\/h3>\n\n\n\n<p class=\"wp-block-paragraph\">Kar\u015f\u0131s\u0131ndaki y\u0131lan\u0131 g\u00f6ren vatanda\u015f, ilk anda panik ya\u015farken durumu \u00e7evredeki vatanda\u015flara bildirdi. Olay yerine gelen ekipler, y\u0131lan\u0131 bulundu\u011fu b\u00f6lgeden uzakla\u015ft\u0131rd\u0131.<\/p>\n\n\n\n<h3 class=\"wp-block-heading\">KISA S\u00dcREL\u0130 PAN\u0130K YA\u015eANDI<\/h3>\n\n\n\n<p class=\"wp-block-paragraph\">Mahallede k\u0131sa s\u00fcreli pani\u011fe neden olan olayda herhangi bir olumsuzluk ya\u015fanmad\u0131. Y\u0131lan\u0131n g\u00fcvenli \u015fekilde do\u011fal ya\u015fam alan\u0131na b\u0131rak\u0131ld\u0131\u011f\u0131 \u00f6\u011frenildi.<\/p>\n","protected":false},"excerpt":{"rendered":"<p>\u015e\u0131rnak&#8217;\u0131n \u0130dil il\u00e7esinde sabah saatlerinde balkonuna \u00e7ay i\u00e7mek i\u00e7in \u00e7\u0131kan bir vatanda\u015f, kap\u0131y\u0131 a\u00e7t\u0131\u011f\u0131nda yakla\u015f\u0131k<\/p>\n","protected":false},"author":1,"featured_media":3338,"comment_status":"open","ping_status":"open","sticky":false,"template":"","format":"standard","meta":{"_rtcl_gb_attr":"","footnotes":""},"categories":[1],"tags":[],"class_list":["post-3337","post","type-post","status-publish","format-standard","has-post-thumbnail","hentry","category-http-turkiyemhaber-com-wp-content-uploads-2026-03-saray-59-haber-13-mart-pdf"],"_links":{"self":[{"href":"https:\/\/turkiyemhaber.com\/index.php?rest_route=\/wp\/v2\/posts\/3337","targetHints":{"allow":["GET"]}}],"collection":[{"href":"https:\/\/turkiyemhaber.com\/index.php?rest_route=\/wp\/v2\/posts"}],"about":[{"href":"https:\/\/turkiyemhaber.com\/index.php?rest_route=\/wp\/v2\/types\/post"}],"author":[{"embeddable":true,"href":"https:\/\/turkiyemhaber.com\/index.php?rest_route=\/wp\/v2\/users\/1"}],"replies":[{"embeddable":true,"href":"https:\/\/turkiyemhaber.com\/index.php?rest_route=%2Fwp%2Fv2%2Fcomments&post=3337"}],"version-history":[{"count":1,"href":"https:\/\/turkiyemhaber.com\/index.php?rest_route=\/wp\/v2\/posts\/3337\/revisions"}],"predecessor-version":[{"id":3339,"href":"https:\/\/turkiyemhaber.com\/index.php?rest_route=\/wp\/v2\/posts\/3337\/revisions\/3339"}],"wp:featuredmedia":[{"embeddable":true,"href":"https:\/\/turkiyemhaber.com\/index.php?rest_route=\/wp\/v2\/media\/3338"}],"wp:attachment":[{"href":"https:\/\/turkiyemhaber.com\/index.php?rest_route=%2Fwp%2Fv2%2Fmedia&parent=3337"}],"wp:term":[{"taxonomy":"category","embeddable":true,"href":"https:\/\/turkiyemhaber.com\/index.php?rest_route=%2Fwp%2Fv2%2Fcategories&post=3337"},{"taxonomy":"post_tag","embeddable":true,"href":"https:\/\/turkiyemhaber.com\/index.php?rest_route=%2Fwp%2Fv2%2Ftags&post=3337"}],"curies":[{"name":"wp","href":"https:\/\/api.w.org\/{rel}","templated":true}]}}