{"id":3334,"date":"2026-06-19T09:16:46","date_gmt":"2026-06-19T09:16:46","guid":{"rendered":"https:\/\/turkiyemhaber.com\/?p=3334"},"modified":"2026-06-19T09:16:50","modified_gmt":"2026-06-19T09:16:50","slug":"konya-belediyeciligi-diye-bir-gercek-var-baskan-ugur-ibrahim-altay-boomu-anlatti","status":"publish","type":"post","link":"https:\/\/turkiyemhaber.com\/?p=3334","title":{"rendered":"Konya Belediyecili\u011fi diye bir ger\u00e7ek var! Ba\u015fkan U\u011fur \u0130brahim Altay \u201cBoom\u201du anlatt\u0131"},"content":{"rendered":"\n<p class=\"wp-block-paragraph\">Konya B\u00fcy\u00fck\u015fehir Belediye Ba\u015fkan\u0131 U\u011fur \u0130brahim Altay, yaya \u00fcst ge\u00e7itlerindeki y\u00fcr\u00fcyen merdivenler ve asans\u00f6rler ile ara\u00e7 alt ge\u00e7it drenaj sistemlerini, ayd\u0131nlatmalar\u0131, duba ve bariyerleri 24 saat canl\u0131 takip ederek ar\u0131zalara anl\u0131k m\u00fcdahale eden Bak\u0131m Onar\u0131m ve Otomasyon Merkezi\u2019nin T\u00fcrkiye\u2019ye \u00f6rnek oldu\u011funu s\u00f6yledi.<\/p>\n\n\n\n<p class=\"wp-block-paragraph\">Konya\u2019n\u0131n ak\u0131ll\u0131 \u015fehircilikte lider konumda bulundu\u011funu kaydeden Ba\u015fkan Altay, \u201cYapm\u0131\u015f oldu\u011fumuz otomasyon sistemi ile yaya \u00fcst ge\u00e7itlerindeki y\u00fcr\u00fcyen merdivenleri, asans\u00f6rleri, ara\u00e7 alt ge\u00e7itlerimizi 24 saat canl\u0131 bir \u015fekilde izliyoruz ve bir ar\u0131za durumunda sistemimizden an\u0131nda m\u00fcdahale etme imkan\u0131 oluyor. Bu belki g\u00fcnl\u00fck hayatta fark edilmiyor ama Konya\u2019da her \u015feyin ray\u0131nda gitmesinin arkas\u0131nda b\u00fcy\u00fck bir emek ve b\u00fcy\u00fck bir ak\u0131l var. \u00d6rnek ak\u0131ll\u0131 \u015fehir uygulamalar\u0131 ile hem\u015fehrilerimizin hayat\u0131n\u0131 kolayla\u015ft\u0131rmaya devam edece\u011fiz\u201d dedi.<\/p>\n\n\n\n<figure class=\"wp-block-image\"><img decoding=\"async\" src=\"https:\/\/foto.sondakika.com\/haber\/2026\/06\/19\/konya-belediyeciligi-diye-bir-19965859-7778_1_m.jpg\" alt=\"Konya Belediyecili\u011fi diye bir ger\u00e7ek var! Ba\u015fkan &lt;a class='keyword-sd' href='\/ugur-ibrahim-altay\/' title='U\u011fur \u0130brahim Altay'&gt;U\u011fur \u0130brahim Altay&lt;\/a&gt; \u201cBoom\u201du anlatt\u0131\"\/><\/figure>\n\n\n\n<p class=\"wp-block-paragraph\">Konya B\u00fcy\u00fck\u015fehir Belediyesi\u2019nin T\u00fcrkiye\u2019ye \u00f6rnek ak\u0131ll\u0131 \u015fehir uygulamalar\u0131 kapsam\u0131nda geli\u015ftirdi\u011fi Bak\u0131m Onar\u0131m ve Otomasyon Merkezi (BOOM) insan odakl\u0131 hizmet anlay\u0131\u015f\u0131n\u0131 g\u00fc\u00e7lendiriyor.<\/p>\n\n\n\n<p class=\"wp-block-paragraph\">Konya B\u00fcy\u00fck\u015fehir Belediye Ba\u015fkan\u0131 U\u011fur \u0130brahim Altay, \u015fehir merkezindeki kritik altyap\u0131 unsurlar\u0131n\u0131n anl\u0131k olarak takip edildi\u011fi Makine \u0130kmal Bak\u0131m Onar\u0131m ve Otomasyon Merkezi\u2019nde incelemelerde bulundu.<\/p>\n\n\n\n<figure class=\"wp-block-image\"><img decoding=\"async\" src=\"https:\/\/foto.sondakika.com\/haber\/2026\/06\/19\/konya-belediyeciligi-diye-bir-19965859-6440_2_m.jpg\" alt=\"Konya Belediyecili\u011fi diye bir ger\u00e7ek var! Ba\u015fkan U\u011fur \u0130brahim Altay \u201cBoom\u201du anlatt\u0131\"\/><\/figure>\n\n\n\n<h3 class=\"wp-block-heading\">BOOM \u0130LE YAYA \u00dcST GE\u00c7\u0130TLER\u0130NDE BULUNAN Y\u00dcR\u00dcYEN MERD\u0130VENLER VE ASANS\u00d6RLER ANLIK TAK\u0130PTE<\/h3>\n\n\n\n<p class=\"wp-block-paragraph\">Konya\u2019da ya\u015fayan insanlar\u0131n rahat bir \u015fekilde g\u00fcnl\u00fck hayat\u0131n\u0131 s\u00fcrd\u00fcrmeleri ad\u0131na bir\u00e7ok teknolojik cihaz kulland\u0131klar\u0131n\u0131 ifade ederek, \u201cBunlar\u0131n en ba\u015f\u0131nda yaya \u00fcst ge\u00e7itlerinde bulunan y\u00fcr\u00fcyen merdivenlerimiz ve asans\u00f6rlerimiz geliyor. Yapm\u0131\u015f oldu\u011fumuz otomasyon sistemi ile yaya \u00fcst ge\u00e7itlerindeki y\u00fcr\u00fcyen merdivenleri, asans\u00f6rleri, ara\u00e7 alt ge\u00e7itlerimizi 24 saat canl\u0131 bir \u015fekilde izliyoruz ve bir ar\u0131za durumunda sistemimizden m\u00fcdahale etme imkan\u0131 oluyor. Bu belki g\u00fcnl\u00fck hayatta fark edilmiyor ama Konya\u2019da her \u015feyin ray\u0131nda gitmesinin arkas\u0131nda b\u00fcy\u00fck bir emek ve b\u00fcy\u00fck bir ak\u0131l var. \u00d6rnek ak\u0131ll\u0131 \u015fehir uygulamalar\u0131 ile hem\u015fehrilerimizin hayat\u0131n\u0131 kolayla\u015ft\u0131rmaya devam edece\u011fiz\u201d ifadelerini kulland\u0131.<\/p>\n\n\n\n<figure class=\"wp-block-image\"><img decoding=\"async\" src=\"https:\/\/foto.sondakika.com\/haber\/2026\/06\/19\/konya-belediyeciligi-diye-bir-19965859-5663_3_m.jpg\" alt=\"Konya Belediyecili\u011fi diye bir ger\u00e7ek var! Ba\u015fkan U\u011fur \u0130brahim Altay \u201cBoom\u201du anlatt\u0131\"\/><\/figure>\n\n\n\n<h3 class=\"wp-block-heading\">\u201cALT GE\u00c7\u0130TLER\u0130N AYDINLATMASINDAN YA\u011eMUR SUYU DRENAJLARINA KADAR T\u00dcM S\u0130STEMLER\u0130 BU MERKEZDE KONTROL ALTINDA TUTUYORUZ\u201d<\/h3>\n\n\n\n<p class=\"wp-block-paragraph\">Ba\u015fkan Altay, ara\u00e7 alt ge\u00e7itlerinin ayd\u0131nlatmas\u0131ndan ya\u011fmur suyu drenajlar\u0131na kadar t\u00fcm sistemleri bu merkezde kontrol alt\u0131nda tuttuklar\u0131n\u0131 dile getirerek, \u201cBurada en \u00f6nemli konu an\u0131nda ileti\u015fim kurabilmek ve merkezden m\u00fcdahale edebilmek. Yoksa bir ar\u0131za oldu\u011funda birinin gidip o sistemi tekrar \u00e7al\u0131\u015ft\u0131rmas\u0131 gerekiyor ya da asans\u00f6rde kalan bir ki\u015finin panik atak ge\u00e7irmesine neden oluyor. Burada do\u011frudan mikrofonla ba\u011flant\u0131 kurarak her \u015feyin kontrol alt\u0131nda oldu\u011funu, ar\u0131zan\u0131n taraf\u0131m\u0131zdan tespit edildi\u011fini ve arkada\u015flar\u0131m\u0131z\u0131n m\u00fcdahale edece\u011fini ifade edebiliyoruz. Yine \u00f6zellikle y\u00fcr\u00fcyen merdiven ar\u0131zalar\u0131n\u0131 da buradan kontrol etme imkan\u0131m\u0131z oluyor\u201d de\u011ferlendirmesini yapt\u0131.<\/p>\n\n\n\n<figure class=\"wp-block-image\"><img decoding=\"async\" src=\"https:\/\/foto.sondakika.com\/haber\/2026\/06\/19\/konya-belediyeciligi-diye-bir-19965859-8005_4_m.jpg\" alt=\"Konya Belediyecili\u011fi diye bir ger\u00e7ek var! Ba\u015fkan U\u011fur \u0130brahim Altay \u201cBoom\u201du anlatt\u0131\"\/><\/figure>\n\n\n\n<h3 class=\"wp-block-heading\">\u201cT\u00dcRK\u0130YE\u2019YE \u00d6RNEK B\u0130R UYGULAMA HAYATA GE\u00c7T\u0130\u201d<\/h3>\n\n\n\n<p class=\"wp-block-paragraph\">Konya\u2019da ak\u0131ll\u0131 \u015fehir uygulamalar\u0131n\u0131 her alanda yayg\u0131nla\u015ft\u0131rmaya \u00e7al\u0131\u015ft\u0131klar\u0131n\u0131, bu konuda lider bir \u015fehir olduklar\u0131n\u0131 kaydeden Ba\u015fkan Altay, \u201cBu bize hem maliyet a\u00e7\u0131s\u0131ndan hem de zamandan b\u00fcy\u00fck bir tasarruf olu\u015fturuyor. \u015eehrimizde belli bir standartta hayat\u0131n devam etmesi ad\u0131na ekiplerimiz yo\u011fun bir \u015fekilde \u00e7al\u0131\u015f\u0131yor. \u0130nsanlar\u0131m\u0131z\u0131n fark etmedi\u011fi bir ar\u0131za oldu\u011funda \u00f6ne \u00e7\u0131kan durumlar\u0131 biz \u00f6nceden tespit ederek ar\u0131za olu\u015fmadan gidermeye gayret ediyoruz. Bak\u0131m Onar\u0131m Otomasyon Sistemimiz de T\u00fcrkiye&#8217;ye \u00f6rnek bir uygulama olarak hayata ge\u00e7ti. Eme\u011fine ge\u00e7en arkada\u015flar\u0131m\u0131za te\u015fekk\u00fcr ediyorum\u201d s\u00f6zleriyle konu\u015fmas\u0131n\u0131 tamamlad\u0131.<\/p>\n\n\n\n<figure class=\"wp-block-image\"><img decoding=\"async\" src=\"https:\/\/foto.sondakika.com\/haber\/2026\/06\/19\/konya-belediyeciligi-diye-bir-19965859-7505_5_m.jpg\" alt=\"Konya Belediyecili\u011fi diye bir ger\u00e7ek var! Ba\u015fkan U\u011fur \u0130brahim Altay \u201cBoom\u201du anlatt\u0131\"\/><\/figure>\n\n\n\n<h3 class=\"wp-block-heading\">KONYALILARIN G\u00dcVENL\u0130\u011e\u0130N\u0130 VE KONFORU EM\u0130N ELLERDE<\/h3>\n\n\n\n<p class=\"wp-block-paragraph\">\u015eehrin dijital beyni olarak \u00f6ne \u00e7\u0131kan BOOM uygulamas\u0131 sayesinde kritik sistemler tek merkezden 7\/24 ger\u00e7ek zamanl\u0131 olarak izleniyor. BOOM ile takip edilen; 98 asans\u00f6r, 77 y\u00fcr\u00fcyen merdiven, 53 ara\u00e7 alt ge\u00e7it drenaj sistemi, 62 jenerat\u00f6r, 226 duba ve bariyer ile \u00e7e\u015fitli alt ge\u00e7it ve \u00fcst ge\u00e7it ayd\u0131nlatma sistemleri gibi kritik altyap\u0131 unsurlar\u0131 takip ediliyor.<\/p>\n\n\n\n<p class=\"wp-block-paragraph\">Sadece makineleri de\u011fil, insan\u0131 merkeze alan uygulamalar\u0131yla \u00f6rnek olan Konya B\u00fcy\u00fck\u015fehir Belediyesi, ar\u0131zlara anl\u0131k m\u00fcdahale etti\u011fi BOOM sistemi sayesinde Konyal\u0131lar\u0131n g\u00fcvenli\u011fini ve konforunu en \u00fcst seviyeye \u00e7\u0131karm\u0131\u015f oluyor.<\/p>\n\n\n\n<figure class=\"wp-block-image\"><img decoding=\"async\" src=\"https:\/\/foto.sondakika.com\/haber\/2026\/06\/19\/konya-belediyeciligi-diye-bir-19965859-8991_6_m.jpg\" alt=\"Konya Belediyecili\u011fi diye bir ger\u00e7ek var! Ba\u015fkan U\u011fur \u0130brahim Altay \u201cBoom\u201du anlatt\u0131\"\/><\/figure>\n\n\n\n<figure class=\"wp-block-image\"><img decoding=\"async\" src=\"https:\/\/foto.sondakika.com\/haber\/2026\/06\/19\/konya-belediyeciligi-diye-bir-19965859-5549_7_m.jpg\" alt=\"Konya Belediyecili\u011fi diye bir ger\u00e7ek var! Ba\u015fkan U\u011fur \u0130brahim Altay \u201cBoom\u201du anlatt\u0131\"\/><\/figure>\n","protected":false},"excerpt":{"rendered":"<p>Konya B\u00fcy\u00fck\u015fehir Belediye Ba\u015fkan\u0131 U\u011fur \u0130brahim Altay, yaya \u00fcst ge\u00e7itlerindeki y\u00fcr\u00fcyen merdivenler ve asans\u00f6rler ile<\/p>\n","protected":false},"author":1,"featured_media":3335,"comment_status":"open","ping_status":"open","sticky":false,"template":"","format":"standard","meta":{"_rtcl_gb_attr":"","footnotes":""},"categories":[1],"tags":[],"class_list":["post-3334","post","type-post","status-publish","format-standard","has-post-thumbnail","hentry","category-http-turkiyemhaber-com-wp-content-uploads-2026-03-saray-59-haber-13-mart-pdf"],"_links":{"self":[{"href":"https:\/\/turkiyemhaber.com\/index.php?rest_route=\/wp\/v2\/posts\/3334","targetHints":{"allow":["GET"]}}],"collection":[{"href":"https:\/\/turkiyemhaber.com\/index.php?rest_route=\/wp\/v2\/posts"}],"about":[{"href":"https:\/\/turkiyemhaber.com\/index.php?rest_route=\/wp\/v2\/types\/post"}],"author":[{"embeddable":true,"href":"https:\/\/turkiyemhaber.com\/index.php?rest_route=\/wp\/v2\/users\/1"}],"replies":[{"embeddable":true,"href":"https:\/\/turkiyemhaber.com\/index.php?rest_route=%2Fwp%2Fv2%2Fcomments&post=3334"}],"version-history":[{"count":1,"href":"https:\/\/turkiyemhaber.com\/index.php?rest_route=\/wp\/v2\/posts\/3334\/revisions"}],"predecessor-version":[{"id":3336,"href":"https:\/\/turkiyemhaber.com\/index.php?rest_route=\/wp\/v2\/posts\/3334\/revisions\/3336"}],"wp:featuredmedia":[{"embeddable":true,"href":"https:\/\/turkiyemhaber.com\/index.php?rest_route=\/wp\/v2\/media\/3335"}],"wp:attachment":[{"href":"https:\/\/turkiyemhaber.com\/index.php?rest_route=%2Fwp%2Fv2%2Fmedia&parent=3334"}],"wp:term":[{"taxonomy":"category","embeddable":true,"href":"https:\/\/turkiyemhaber.com\/index.php?rest_route=%2Fwp%2Fv2%2Fcategories&post=3334"},{"taxonomy":"post_tag","embeddable":true,"href":"https:\/\/turkiyemhaber.com\/index.php?rest_route=%2Fwp%2Fv2%2Ftags&post=3334"}],"curies":[{"name":"wp","href":"https:\/\/api.w.org\/{rel}","templated":true}]}}