{"id":3331,"date":"2026-06-19T09:15:00","date_gmt":"2026-06-19T09:15:00","guid":{"rendered":"https:\/\/turkiyemhaber.com\/?p=3331"},"modified":"2026-06-19T09:15:03","modified_gmt":"2026-06-19T09:15:03","slug":"altin-portakalda-11-milyon-tl-odul","status":"publish","type":"post","link":"https:\/\/turkiyemhaber.com\/?p=3331","title":{"rendered":"Alt\u0131n Portakal&#8217;da 11 Milyon TL \u00d6d\u00fcl"},"content":{"rendered":"\n<p class=\"wp-block-paragraph\">63. Uluslararas\u0131 Antalya Alt\u0131n Portakal Film Festivali, 24-31 Ekim&#8217;de 31 kategoride toplam 11 milyon TL \u00f6d\u00fcl da\u011f\u0131tacak. En \u0130yi Film \u00f6d\u00fcl\u00fc 5 milyon TL olarak belirlendi, ba\u015fvurular 29 Haziran&#8217;da a\u00e7\u0131l\u0131yor.<\/p>\n\n\n\n<p class=\"wp-block-paragraph\">63. Uluslararas\u0131&nbsp;<a href=\"https:\/\/www.sondakika.com\/antalya\/\">Antalya<\/a>&nbsp;Alt\u0131n Portakal&nbsp;<a href=\"https:\/\/www.sondakika.com\/film-festivali\/\">Film Festivali<\/a>, bu y\u0131l toplam 11 milyon TL&#8217;lik \u00f6d\u00fcl deste\u011fiyle sinemaya g\u00fc\u00e7l\u00fc bir katk\u0131 sunacak. Festivalde bu y\u0131l Ulusal Uzun Metrajl\u0131 Film Yar\u0131\u015fmas\u0131 En \u0130yi Film \u00d6d\u00fcl\u00fc ise 5 milyon TL olarak belirlendi.<\/p>\n\n\n\n<p class=\"wp-block-paragraph\">T\u00fcrkiye&#8217;nin en k\u00f6kl\u00fc film festivali olan Uluslararas\u0131 Antalya Alt\u0131n Portakal Film Festivali&#8217;nin bu y\u0131l 24-31 Ekim tarihleri aras\u0131nda 63&#8217;\u00fcnc\u00fcs\u00fc ger\u00e7ekle\u015ftirilecek. Festival, bu sene de sinemac\u0131lara g\u00fc\u00e7l\u00fc deste\u011fini s\u00fcrd\u00fcrecek. Festivalde ge\u00e7ti\u011fimiz sene 3,5 milyon TL olarak belirlenen Ulusal Uzun Metrajl\u0131 Film Yar\u0131\u015fmas\u0131 En \u0130yi Film \u00d6d\u00fcl\u00fc, bu y\u0131l 5 milyon TL olarak a\u00e7\u0131kland\u0131. Film Forum&#8217;da ise toplam 1 milyon 450 bin TL katk\u0131 sa\u011flanacak. Festivalde bu sene 31 farkl\u0131 kategoride toplam 11 milyon TL&#8217;lik \u00f6d\u00fcl verilecek.<\/p>\n\n\n\n<h3 class=\"wp-block-heading\">ALTIN PORTAKAL&#8217;DA ULUSAL YARI\u015eMALAR VE F\u0130LM FORUM BA\u015eVURULARI A\u00c7ILIYOR&nbsp;<\/h3>\n\n\n\n<p class=\"wp-block-paragraph\">24-31 Ekim tarihleri aras\u0131nda ger\u00e7ekle\u015ftirilecek festivalde Ulusal Uzun Metraj ile Ulusal K\u0131sa, Ulusal Belgesel Film ve&nbsp;<a href=\"https:\/\/www.sondakika.com\/sinema\/\">Sinema<\/a>&nbsp;Okullar\u0131 \u00d6\u011frenci Filmleri Yar\u0131\u015fmas\u0131 i\u00e7in ba\u015fvurular 29 Haziran Pazartesi g\u00fcn\u00fc a\u00e7\u0131lacak. Yar\u0131\u015fmalara ba\u015fvurular 31 A\u011fustos Pazartesi g\u00fcn\u00fcne kadar kabul edilecek.<\/p>\n\n\n\n<p class=\"wp-block-paragraph\">Antalya Alt\u0131n Portakal Film Festivali kapsam\u0131nda gen\u00e7 ve ba\u011f\u0131ms\u0131z sinemac\u0131lar\u0131 bir araya getiren Film Forum ise, 25-27 Ekim tarihleri aras\u0131nda 13. kez ger\u00e7ekle\u015ftirilecek. Film Forum&#8217;a ba\u015fvurular 29 Haziran Pazartesi g\u00fcn\u00fc ba\u015flay\u0131p, 21 Eyl\u00fcl Pazartesi g\u00fcn\u00fc saat 23.59&#8217;a kadar kabul edilecek.<\/p>\n","protected":false},"excerpt":{"rendered":"<p>63. Uluslararas\u0131 Antalya Alt\u0131n Portakal Film Festivali, 24-31 Ekim&#8217;de 31 kategoride toplam 11 milyon TL<\/p>\n","protected":false},"author":1,"featured_media":3332,"comment_status":"open","ping_status":"open","sticky":false,"template":"","format":"standard","meta":{"_rtcl_gb_attr":"","footnotes":""},"categories":[41],"tags":[],"class_list":["post-3331","post","type-post","status-publish","format-standard","has-post-thumbnail","hentry","category-magazin"],"_links":{"self":[{"href":"https:\/\/turkiyemhaber.com\/index.php?rest_route=\/wp\/v2\/posts\/3331","targetHints":{"allow":["GET"]}}],"collection":[{"href":"https:\/\/turkiyemhaber.com\/index.php?rest_route=\/wp\/v2\/posts"}],"about":[{"href":"https:\/\/turkiyemhaber.com\/index.php?rest_route=\/wp\/v2\/types\/post"}],"author":[{"embeddable":true,"href":"https:\/\/turkiyemhaber.com\/index.php?rest_route=\/wp\/v2\/users\/1"}],"replies":[{"embeddable":true,"href":"https:\/\/turkiyemhaber.com\/index.php?rest_route=%2Fwp%2Fv2%2Fcomments&post=3331"}],"version-history":[{"count":1,"href":"https:\/\/turkiyemhaber.com\/index.php?rest_route=\/wp\/v2\/posts\/3331\/revisions"}],"predecessor-version":[{"id":3333,"href":"https:\/\/turkiyemhaber.com\/index.php?rest_route=\/wp\/v2\/posts\/3331\/revisions\/3333"}],"wp:featuredmedia":[{"embeddable":true,"href":"https:\/\/turkiyemhaber.com\/index.php?rest_route=\/wp\/v2\/media\/3332"}],"wp:attachment":[{"href":"https:\/\/turkiyemhaber.com\/index.php?rest_route=%2Fwp%2Fv2%2Fmedia&parent=3331"}],"wp:term":[{"taxonomy":"category","embeddable":true,"href":"https:\/\/turkiyemhaber.com\/index.php?rest_route=%2Fwp%2Fv2%2Fcategories&post=3331"},{"taxonomy":"post_tag","embeddable":true,"href":"https:\/\/turkiyemhaber.com\/index.php?rest_route=%2Fwp%2Fv2%2Ftags&post=3331"}],"curies":[{"name":"wp","href":"https:\/\/api.w.org\/{rel}","templated":true}]}}