{"id":3323,"date":"2026-06-19T09:09:41","date_gmt":"2026-06-19T09:09:41","guid":{"rendered":"https:\/\/turkiyemhaber.com\/?p=3323"},"modified":"2026-06-19T09:09:45","modified_gmt":"2026-06-19T09:09:45","slug":"rakamlar-guncellendi-dev-bankadan-altin-yatirimcisini-soke-eden-tahmin","status":"publish","type":"post","link":"https:\/\/turkiyemhaber.com\/?p=3323","title":{"rendered":"Rakamlar g\u00fcncellendi! Dev bankadan alt\u0131n yat\u0131r\u0131mc\u0131s\u0131n\u0131 \u015foke eden tahmin"},"content":{"rendered":"\n<p class=\"wp-block-paragraph\">ABD&#8217;li yat\u0131r\u0131m bankas\u0131 Goldman Sachs, Fed&#8217;in 2026 y\u0131l\u0131nda faiz indirimi yapmayaca\u011f\u0131 y\u00f6n\u00fcndeki yeni beklentisi do\u011frultusunda alt\u0131n fiyat tahminini a\u015fa\u011f\u0131 y\u00f6nl\u00fc revize etti. Banka, daha \u00f6nce 5.400 dolar olarak a\u00e7\u0131klad\u0131\u011f\u0131 y\u0131l sonu ons alt\u0131n hedefini 500 dolar d\u00fc\u015f\u00fcrerek 4.900 dolara \u00e7ekti.<\/p>\n\n\n\n<p class=\"wp-block-paragraph\">ABD\u2019li dev yat\u0131r\u0131m bankas\u0131&nbsp;<a href=\"https:\/\/www.sondakika.com\/goldman-sachs-2\/\">Goldman Sachs<\/a>, ABD Merkez Bankas\u0131\u2019n\u0131n (Fed) para politikalar\u0131na y\u00f6nelik beklentilerini de\u011fi\u015ftirmesiyle birlikte alt\u0131n fiyat\u0131 tahminlerinde \u00e7ok sert bir indirime gitti. Banka, Fed\u2019in 2026 y\u0131l\u0131 genelinde faiz indirimi yapaca\u011f\u0131na dair beklentisini rafa kald\u0131rd\u0131\u011f\u0131n\u0131 a\u00e7\u0131klayarak k\u00fcresel emtia piyasalar\u0131nda ta\u015flar\u0131 yerinden oynatt\u0131.<\/p>\n\n\n\n<h3 class=\"wp-block-heading\">ARALIK AYI HEDEF\u0130 5.400 DOLARDAN 4.900 DOLARA \u0130ND\u0130<\/h3>\n\n\n\n<p class=\"wp-block-paragraph\"><a href=\"https:\/\/www.sondakika.com\/goldman-sachs\/\">Goldman Sachs<\/a>&nbsp;taraf\u0131ndan yay\u0131mlanan son analiz raporunda, daha \u00f6nce ons ba\u015f\u0131na 5.400 dolar olarak a\u00e7\u0131klanan aral\u0131k ay\u0131 alt\u0131n fiyat\u0131 hedefi, 500 dolar birden d\u00fc\u015f\u00fcr\u00fclerek 4.900 dolara revize edildi.<\/p>\n\n\n\n<p class=\"wp-block-paragraph\">Banka analistleri Lina Thomas ve Daan Struyven imzas\u0131yla yay\u0131mlanan yat\u0131r\u0131mc\u0131 notunda, yeni hedef seviyenin asl\u0131nda alt\u0131n\u0131n y\u0131l\u0131n ikinci yar\u0131s\u0131nda da y\u00fckseli\u015f trendini koruyaca\u011f\u0131na i\u015faret etti\u011fi, ancak bu y\u00fckseli\u015f ivmesinin Fed&#8217;in faiz patikas\u0131 nedeniyle daha \u00f6nce \u00f6ng\u00f6r\u00fclenden \u00e7ok daha s\u0131n\u0131rl\u0131 kalmas\u0131n\u0131n beklendi\u011fi vurguland\u0131.<\/p>\n\n\n\n<h3 class=\"wp-block-heading\">ALTIN VE G\u00dcM\u00dc\u015eTE D\u00dc\u015e\u00dc\u015e TREND\u0130<\/h3>\n\n\n\n<p class=\"wp-block-paragraph\">Geli\u015fmelerin ard\u0131ndan k\u00fcresel ve yerel piyasalarda de\u011ferli metaller g\u00fcne sat\u0131c\u0131l\u0131 bir seyirle ba\u015flad\u0131.<\/p>\n\n\n\n<p class=\"wp-block-paragraph\">Piyasalarda son durum (TS\u0130 08.25 itibar\u0131yla):<\/p>\n\n\n\n<ul class=\"wp-block-list\">\n<li><a href=\"https:\/\/www.sondakika.com\/ons-altin\/\">Ons Alt\u0131n<\/a>: K\u00fcresel piyasalarda d\u00fc\u015f\u00fc\u015f trendine girerek 4.130 dolar seviyesine geri \u00e7ekildi.<\/li>\n\n\n\n<li>Gram Alt\u0131n: \u0130\u00e7 piyasada serbest piyasa ko\u015fullar\u0131nda 6.166 TL seviyesinden i\u015flem g\u00f6r\u00fcyor.<\/li>\n\n\n\n<li>Ons G\u00fcm\u00fc\u015f: De\u011fer kayb\u0131ndan etkilenen bir di\u011fer metal olan g\u00fcm\u00fc\u015f\u00fcn onsu 63,46 dolara geriledi.<\/li>\n\n\n\n<li>Gram G\u00fcm\u00fc\u015f: \u0130\u00e7 piyasada g\u00fcm\u00fc\u015f\u00fcn gram\u0131 94,69 TL seviyesinde hareketleniyor.<\/li>\n<\/ul>\n\n\n\n<p class=\"wp-block-paragraph\">Analistler, Fed&#8217;in y\u00fcksek faiz ortam\u0131n\u0131 beklenenden daha uzun s\u00fcre koruyaca\u011f\u0131na y\u00f6nelik sinyallerin \u00f6n\u00fcm\u00fczdeki s\u00fcre\u00e7te de emtia fiyatlar\u0131 \u00fczerinde bask\u0131 olu\u015fturmaya devam edebilece\u011fini belirtiyor.<\/p>\n\n\n\n<h3 class=\"wp-block-heading\">BARI\u015e UMUDU ALTINI DESTEKLEM\u0130\u015eT\u0130<\/h3>\n\n\n\n<p class=\"wp-block-paragraph\">Piyasalarda ge\u00e7ti\u011fimiz g\u00fcnlerde ABD ile \u0130ran aras\u0131nda uzla\u015fmaya var\u0131ld\u0131\u011f\u0131na y\u00f6nelik haber ak\u0131\u015f\u0131 iyimserli\u011fi art\u0131rm\u0131\u015ft\u0131. Taraflar\u0131n anla\u015ft\u0131\u011f\u0131n\u0131 duyurmas\u0131 ve enerji arz\u0131na ili\u015fkin endi\u015felerin azalmas\u0131yla petrol fiyatlar\u0131 gerilerken, yat\u0131r\u0131mc\u0131lar da enflasyon bask\u0131s\u0131n\u0131n hafifleyebilece\u011fini fiyatlamaya ba\u015flam\u0131\u015ft\u0131. Bu s\u00fcre\u00e7ten destek bulan alt\u0131n, kay\u0131plar\u0131n\u0131 telafi ederek y\u00fckseli\u015fe ge\u00e7mi\u015fti. \u00d6zellikle bar\u0131\u015f anla\u015fmas\u0131n\u0131n resmile\u015fece\u011fine y\u00f6nelik beklentiler, g\u00fcvenli liman talebinden \u00e7ok faiz g\u00f6r\u00fcn\u00fcm\u00fc \u00fczerinden alt\u0131n fiyatlar\u0131n\u0131 yukar\u0131 ta\u015f\u0131m\u0131\u015ft\u0131.<\/p>\n\n\n\n<h3 class=\"wp-block-heading\">G\u00d6R\u00dc\u015eMELER\u0130N \u0130PTAL\u0130 DENGELER\u0130 DE\u011e\u0130\u015eT\u0130RD\u0130<\/h3>\n\n\n\n<p class=\"wp-block-paragraph\">Ancak bug\u00fcn yap\u0131lmas\u0131 beklenen g\u00f6r\u00fc\u015fmelerin iptal edilmesiyle birlikte piyasalarda yeni bir belirsizlik d\u00f6nemi ba\u015flad\u0131. D\u00fcn g\u00fcn\u00fc 6 bin 342 liradan tamamlayan alt\u0131n\u0131n gram fiyat\u0131, bug\u00fcn 6 bin 154 liraya kadar geriledi. Alt\u0131n\u0131n gram\u0131 saat 09.00 itibar\u0131yla 6.182 liradan i\u015flem g\u00f6r\u00fcyor. Ons alt\u0131n ise 100 dolardan fazla d\u00fc\u015f\u00fc\u015fle 4 bin 138 dolar seviyesinde bulunuyor.<\/p>\n","protected":false},"excerpt":{"rendered":"<p>ABD&#8217;li yat\u0131r\u0131m bankas\u0131 Goldman Sachs, Fed&#8217;in 2026 y\u0131l\u0131nda faiz indirimi yapmayaca\u011f\u0131 y\u00f6n\u00fcndeki yeni beklentisi do\u011frultusunda<\/p>\n","protected":false},"author":1,"featured_media":3324,"comment_status":"open","ping_status":"open","sticky":false,"template":"","format":"standard","meta":{"_rtcl_gb_attr":"","footnotes":""},"categories":[14],"tags":[],"class_list":["post-3323","post","type-post","status-publish","format-standard","has-post-thumbnail","hentry","category-ekonomi"],"_links":{"self":[{"href":"https:\/\/turkiyemhaber.com\/index.php?rest_route=\/wp\/v2\/posts\/3323","targetHints":{"allow":["GET"]}}],"collection":[{"href":"https:\/\/turkiyemhaber.com\/index.php?rest_route=\/wp\/v2\/posts"}],"about":[{"href":"https:\/\/turkiyemhaber.com\/index.php?rest_route=\/wp\/v2\/types\/post"}],"author":[{"embeddable":true,"href":"https:\/\/turkiyemhaber.com\/index.php?rest_route=\/wp\/v2\/users\/1"}],"replies":[{"embeddable":true,"href":"https:\/\/turkiyemhaber.com\/index.php?rest_route=%2Fwp%2Fv2%2Fcomments&post=3323"}],"version-history":[{"count":1,"href":"https:\/\/turkiyemhaber.com\/index.php?rest_route=\/wp\/v2\/posts\/3323\/revisions"}],"predecessor-version":[{"id":3325,"href":"https:\/\/turkiyemhaber.com\/index.php?rest_route=\/wp\/v2\/posts\/3323\/revisions\/3325"}],"wp:featuredmedia":[{"embeddable":true,"href":"https:\/\/turkiyemhaber.com\/index.php?rest_route=\/wp\/v2\/media\/3324"}],"wp:attachment":[{"href":"https:\/\/turkiyemhaber.com\/index.php?rest_route=%2Fwp%2Fv2%2Fmedia&parent=3323"}],"wp:term":[{"taxonomy":"category","embeddable":true,"href":"https:\/\/turkiyemhaber.com\/index.php?rest_route=%2Fwp%2Fv2%2Fcategories&post=3323"},{"taxonomy":"post_tag","embeddable":true,"href":"https:\/\/turkiyemhaber.com\/index.php?rest_route=%2Fwp%2Fv2%2Ftags&post=3323"}],"curies":[{"name":"wp","href":"https:\/\/api.w.org\/{rel}","templated":true}]}}