{"id":3320,"date":"2026-06-19T09:07:38","date_gmt":"2026-06-19T09:07:38","guid":{"rendered":"https:\/\/turkiyemhaber.com\/?p=3320"},"modified":"2026-06-19T09:07:41","modified_gmt":"2026-06-19T09:07:41","slug":"kacirilan-ibb-yoneticisi-erhan-karaaldan-ilk-sozler-iste-tutuldugu-yer","status":"publish","type":"post","link":"https:\/\/turkiyemhaber.com\/?p=3320","title":{"rendered":"Ka\u00e7\u0131r\u0131lan \u0130BB y\u00f6neticisi Erhan Karaal&#8217;dan ilk s\u00f6zler! \u0130\u015fte tutuldu\u011fu yer"},"content":{"rendered":"\n<p class=\"wp-block-paragraph\">\u0130stanbul Maltepe&#8217;de \u00f6nceki g\u00fcn kimli\u011fi belirsiz ki\u015filer taraf\u0131ndan ka\u00e7\u0131r\u0131lan ve bu sabah kurtar\u0131lan \u0130stanbul B\u00fcy\u00fck\u015fehir Belediyesi K\u00fclt\u00fcr A.\u015e. Genel M\u00fcd\u00fcr Yard\u0131mc\u0131s\u0131 Erhan Karaal&#8217;in Tuzla&#8217;da tutuldu\u011fu yer g\u00f6r\u00fcnt\u00fclendi. Olaya ili\u015fkin g\u00f6zalt\u0131 say\u0131s\u0131 ise 8&#8217;e y\u00fckselirken Karaal ilk a\u00e7\u0131klamas\u0131nda, &#8220;Beni zorla ka\u00e7\u0131rd\u0131lar, gelmeseydiniz kafama s\u0131kacaklard\u0131.&#8221; dedi\u011fi \u00f6\u011frenildi.<\/p>\n\n\n\n<p class=\"wp-block-paragraph\"><a href=\"https:\/\/www.sondakika.com\/istanbul-buyuksehir-belediyesi-2\/\">\u0130stanbul B\u00fcy\u00fck\u015fehir Belediyesi<\/a>&nbsp;K\u00fclt\u00fcr A.\u015e. Genel M\u00fcd\u00fcr Yard\u0131mc\u0131s\u0131&nbsp;<a href=\"https:\/\/www.sondakika.com\/erhan-karaal\/\">Erhan Karaal<\/a>, 17 Haziran \u00c7ar\u015famba g\u00fcn\u00fc \u0130stanbul&nbsp;<a href=\"https:\/\/www.sondakika.com\/maltepe\/\">Maltepe<\/a>&#8216;de kimli\u011fi belirsiz ki\u015filerce ka\u00e7\u0131r\u0131ld\u0131. Olayla ilgili olarak \u0130stanbul Anadolu Cumhuriyet Ba\u015fsavc\u0131l\u0131\u011f\u0131 \u015f\u00fcphelilerin yakalanmas\u0131 i\u00e7in soru\u015fturma ba\u015flatt\u0131.&nbsp;<\/p>\n\n\n\n<h3 class=\"wp-block-heading\">TUZLA&#8217;DA ELLER\u0130 KOLLARI BA\u011eLI BULUNDU<\/h3>\n\n\n\n<p class=\"wp-block-paragraph\">Gayrettepe Asayi\u015f \u015eube M\u00fcd\u00fcrl\u00fc\u011f\u00fc Gasp B\u00fcro Amirli\u011fi ekipleri taraf\u0131ndan detayl\u0131 kamera incelemelerinin ard\u0131ndan Karaal&#8217;\u0131 kurtarma \u00e7al\u0131\u015fmalar\u0131 ba\u015flat\u0131ld\u0131. Maltepe&#8217;de evinin \u00e7evresinde ka\u00e7\u0131r\u0131ld\u0131\u011f\u0131 duyurulan Karaal, d\u00fczenlenen operasyon ile kurtar\u0131ld\u0131.&nbsp;<\/p>\n\n\n\n<h3 class=\"wp-block-heading\">8 K\u0130\u015e\u0130 G\u00d6ZALTINDA<\/h3>\n\n\n\n<p class=\"wp-block-paragraph\"><a href=\"https:\/\/www.sondakika.com\/tuzla\/\">Tuzla<\/a>&#8216;da in\u015faat alan\u0131ndaki at\u0131l \u015fekilde bulunan bir prefabrik yap\u0131da elleri ve kollar\u0131 ba\u011fl\u0131 olarak bulunan Karaal&#8217;\u0131n sa\u011fl\u0131k durumunun iyi oldu\u011fu \u00f6\u011frenilirken, 2&#8217;sinin d\u00fcn, 5&#8217;inin gece ve 1 ki\u015finin de sabah saatlerinde olmak \u00fczere toplam 8 \u015f\u00fcphelinin yakalanarak g\u00f6zalt\u0131na al\u0131nd\u0131\u011f\u0131 \u00f6\u011frenildi.<\/p>\n\n\n\n<h3 class=\"wp-block-heading\">TUTULDU\u011eU YER G\u00d6R\u00dcNT\u00dcLEND\u0130<\/h3>\n\n\n\n<p class=\"wp-block-paragraph\">Karaal&#8217;\u0131n ka\u00e7\u0131r\u0131lmas\u0131n\u0131n ard\u0131ndan Tuzla&#8217;da al\u0131konuldu\u011fu at\u0131l durumdaki prefabrik yap\u0131 ve in\u015faat alan\u0131 detayl\u0131 olarak g\u00f6r\u00fcnt\u00fclendi.<\/p>\n\n\n\n<h3 class=\"wp-block-heading\">\u0130\u015eTE ERHAN KARAAL&#8217;IN \u0130LK S\u00d6ZLER\u0130<\/h3>\n\n\n\n<p class=\"wp-block-paragraph\">\u015e\u00fcphelilerin, izlerini kaybettirmek i\u00e7in Erhan Karaal&#8217;i \u00f6nce Kocaeli&#8217;nde, ard\u0131ndan Tuzla&#8217;da bulunan bo\u015f fabrikalarda al\u0131koyduklar\u0131 \u00f6\u011frenildi. Kurtar\u0131ld\u0131ktan sonra polise &#8220;Beni zorla ka\u00e7\u0131rd\u0131lar, gelmeseydiniz kafama s\u0131kacaklard\u0131&#8221; dedi\u011fi \u00f6\u011frenilen Karaal&#8217;in tedavisinin s\u00fcrd\u00fc\u011f\u00fc, sa\u011fl\u0131k durumunun elveri\u015fli hale gelmesinin ard\u0131ndan ise detayl\u0131 ifadesine ba\u015fvurulaca\u011f\u0131 \u00f6\u011frenildi.<\/p>\n\n\n\n<h3 class=\"wp-block-heading\">&#8220;BENDEN PARA \u0130STED\u0130LER&#8221;<\/h3>\n\n\n\n<p class=\"wp-block-paragraph\">Ka\u00e7\u0131r\u0131lan \u0130BB y\u00f6neticisi, ya\u015fad\u0131klar\u0131n\u0131 e\u015fi Ay\u015fe Karaal&#8217;a anlatt\u0131:<\/p>\n\n\n\n<p class=\"wp-block-paragraph\">&#8220;Ka\u00e7\u0131ranlar beni \u00f6ld\u00fcrecekken polisler son anda beni kurtard\u0131. Beni b\u00fct\u00fcn gece dola\u015ft\u0131rd\u0131lar; eski fabrika binalar\u0131nda, metruk yerlerde tuttular. Yakalanmamak i\u00e7in s\u00fcrekli yer de\u011fi\u015ftirdiler. Bas\u0131nda \u00e7\u0131kan haberlerden sonra iyice k\u00f6\u015feye s\u0131k\u0131\u015ft\u0131lar. Benden para istediler. Saatlerce darp edildim. Sonu\u00e7 alamayacaklar\u0131n\u0131 anlay\u0131nca ka\u00e7madan \u00f6nce benim kafama s\u0131kacaklard\u0131. O anda polis geldi ve beni kurtard\u0131. Yoksa \u00f6ld\u00fcr\u00fclecektim.&#8221;<\/p>\n","protected":false},"excerpt":{"rendered":"<p>\u0130stanbul Maltepe&#8217;de \u00f6nceki g\u00fcn kimli\u011fi belirsiz ki\u015filer taraf\u0131ndan ka\u00e7\u0131r\u0131lan ve bu sabah kurtar\u0131lan \u0130stanbul B\u00fcy\u00fck\u015fehir<\/p>\n","protected":false},"author":1,"featured_media":3321,"comment_status":"open","ping_status":"open","sticky":false,"template":"","format":"standard","meta":{"_rtcl_gb_attr":"","footnotes":""},"categories":[1],"tags":[],"class_list":["post-3320","post","type-post","status-publish","format-standard","has-post-thumbnail","hentry","category-http-turkiyemhaber-com-wp-content-uploads-2026-03-saray-59-haber-13-mart-pdf"],"_links":{"self":[{"href":"https:\/\/turkiyemhaber.com\/index.php?rest_route=\/wp\/v2\/posts\/3320","targetHints":{"allow":["GET"]}}],"collection":[{"href":"https:\/\/turkiyemhaber.com\/index.php?rest_route=\/wp\/v2\/posts"}],"about":[{"href":"https:\/\/turkiyemhaber.com\/index.php?rest_route=\/wp\/v2\/types\/post"}],"author":[{"embeddable":true,"href":"https:\/\/turkiyemhaber.com\/index.php?rest_route=\/wp\/v2\/users\/1"}],"replies":[{"embeddable":true,"href":"https:\/\/turkiyemhaber.com\/index.php?rest_route=%2Fwp%2Fv2%2Fcomments&post=3320"}],"version-history":[{"count":1,"href":"https:\/\/turkiyemhaber.com\/index.php?rest_route=\/wp\/v2\/posts\/3320\/revisions"}],"predecessor-version":[{"id":3322,"href":"https:\/\/turkiyemhaber.com\/index.php?rest_route=\/wp\/v2\/posts\/3320\/revisions\/3322"}],"wp:featuredmedia":[{"embeddable":true,"href":"https:\/\/turkiyemhaber.com\/index.php?rest_route=\/wp\/v2\/media\/3321"}],"wp:attachment":[{"href":"https:\/\/turkiyemhaber.com\/index.php?rest_route=%2Fwp%2Fv2%2Fmedia&parent=3320"}],"wp:term":[{"taxonomy":"category","embeddable":true,"href":"https:\/\/turkiyemhaber.com\/index.php?rest_route=%2Fwp%2Fv2%2Fcategories&post=3320"},{"taxonomy":"post_tag","embeddable":true,"href":"https:\/\/turkiyemhaber.com\/index.php?rest_route=%2Fwp%2Fv2%2Ftags&post=3320"}],"curies":[{"name":"wp","href":"https:\/\/api.w.org\/{rel}","templated":true}]}}