{"id":3317,"date":"2026-06-19T09:05:01","date_gmt":"2026-06-19T09:05:01","guid":{"rendered":"https:\/\/turkiyemhaber.com\/?p=3317"},"modified":"2026-06-19T09:05:05","modified_gmt":"2026-06-19T09:05:05","slug":"silifke-belediyesi-sorusturmasi-nasil-basladi-iste-operasyonun-perde-arkasi","status":"publish","type":"post","link":"https:\/\/turkiyemhaber.com\/?p=3317","title":{"rendered":"Silifke Belediyesi soru\u015fturmas\u0131 nas\u0131l ba\u015flad\u0131? \u0130\u015fte operasyonun perde arkas\u0131"},"content":{"rendered":"\n<p class=\"wp-block-paragraph\">Mersin&#8217;in Silifke il\u00e7esinde CHP&#8217;li Silifke Belediyesi&#8217;ne y\u00f6nelik d\u00fczenlenen operasyonun perde arkas\u0131 ortaya \u00e7\u0131kt\u0131. Soru\u015fturman\u0131n, belediyedeki ihale s\u00fcre\u00e7leri, imar i\u015flemleri ve \u00e7e\u015fitli al\u0131mlarda usuls\u00fczl\u00fck yap\u0131ld\u0131\u011f\u0131 iddialar\u0131n\u0131 i\u00e7eren bir e-posta ihbar\u0131yla ba\u015flat\u0131ld\u0131\u011f\u0131 \u00f6\u011frenildi. Belediye Ba\u015fkan\u0131 Mustafa Turgut&#8217;un da aralar\u0131nda bulundu\u011fu 18 \u015f\u00fcpheli g\u00f6zalt\u0131na al\u0131n\u0131rken, dosyada r\u00fc\u015fvet, irtikap, ihaleye fesat kar\u0131\u015ft\u0131rma ve su\u00e7 \u00f6rg\u00fct\u00fc iddialar\u0131 yer ald\u0131.<\/p>\n\n\n\n<p class=\"wp-block-paragraph\"><a href=\"https:\/\/www.sondakika.com\/mersin\/\">Mersin<\/a>&#8216;in&nbsp;<a href=\"https:\/\/www.sondakika.com\/silifke\/\">Silifke<\/a>&nbsp;il\u00e7esinde CHP&#8217;li&nbsp;<a href=\"https:\/\/www.sondakika.com\/silifke-belediyesi\/\">Silifke Belediyesi<\/a>&#8216;ne y\u00f6nelik d\u00fczenlenen operasyonun ard\u0131ndan soru\u015fturman\u0131n nas\u0131l ba\u015flad\u0131\u011f\u0131 ve hangi iddialar \u00fczerine y\u00fcr\u00fct\u00fcld\u00fc\u011f\u00fc ortaya \u00e7\u0131kt\u0131.<\/p>\n\n\n\n<p class=\"wp-block-paragraph\">Silifke Cumhuriyet Ba\u015fsavc\u0131l\u0131\u011f\u0131 taraf\u0131ndan y\u00fcr\u00fct\u00fclen soru\u015fturman\u0131n, elektronik posta yoluyla yap\u0131lan bir ihbar \u00fczerine ba\u015flat\u0131ld\u0131\u011f\u0131 \u00f6\u011frenildi.<\/p>\n\n\n\n<figure class=\"wp-block-image\"><img decoding=\"async\" src=\"https:\/\/foto.sondakika.com\/haber\/2026\/06\/19\/silifke-belediyesi-sorusturmas-26656867-4421_1_m.jpg\" alt=\"Silifke Belediyesi soru\u015fturmas\u0131 nas\u0131l ba\u015flad\u0131? \u0130\u015fte operasyonun perde arkas\u0131\"\/><\/figure>\n\n\n\n<h3 class=\"wp-block-heading\">\u0130MAR \u0130\u015eLEMLER\u0130 DE SORU\u015eTURMA DOSYASINDA<\/h3>\n\n\n\n<p class=\"wp-block-paragraph\">Soru\u015fturmada yer alan bir di\u011fer iddia ise belediyedeki imar i\u015flemlerine ili\u015fkin oldu.<\/p>\n\n\n\n<p class=\"wp-block-paragraph\">\u0130hbarda, Belediye \u0130mar M\u00fcd\u00fcr\u00fc \u015eeyma Savar Demren&#8217;in baz\u0131 i\u015flemleri geciktirdi\u011fi, taleplerin kar\u015f\u0131lanmas\u0131 i\u00e7in vatanda\u015flardan haks\u0131z menfaat istendi\u011fi ve para transferlerinin karde\u015fi Hasan Devrim Savar&#8217;\u0131n hesaplar\u0131 \u00fczerinden ger\u00e7ekle\u015ftirildi\u011fi ileri s\u00fcr\u00fcld\u00fc.<\/p>\n\n\n\n<figure class=\"wp-block-image\"><img decoding=\"async\" src=\"https:\/\/foto.sondakika.com\/haber\/2026\/06\/19\/silifke-belediyesi-sorusturmas-12800100-3063_1_m.jpg\" alt=\"Silifke Belediyesi soru\u015fturmas\u0131 nas\u0131l ba\u015flad\u0131? \u0130\u015fte operasyonun perde arkas\u0131\"\/><\/figure>\n\n\n\n<h3 class=\"wp-block-heading\">BELED\u0130YE ALIMLARI MERCEK ALTINDA<\/h3>\n\n\n\n<p class=\"wp-block-paragraph\">Dosyada ayr\u0131ca Mustafa Turgut&#8217;un akrabalar\u0131 oldu\u011fu belirtilen baz\u0131 ki\u015filerin belediyeye y\u00fcksek fiyatlarla yiyecek, i\u00e7ecek, g\u0131da ve zirai \u00fcr\u00fcn temin etti\u011fi, elde edilen gelirlerin belediye y\u00f6neticilerine aktar\u0131ld\u0131\u011f\u0131 iddialar\u0131 da yer ald\u0131.<\/p>\n\n\n\n<p class=\"wp-block-paragraph\">Bunun yan\u0131 s\u0131ra matbaa, organizasyon ve ara\u00e7 kiralama ihaleleriyle ilgili para hareketleri ve ihale s\u00fcre\u00e7leri de soru\u015fturma kapsam\u0131na al\u0131nd\u0131.<\/p>\n\n\n\n<p class=\"wp-block-paragraph\">Silifke Belediyesi\u2019nden matbaa ihalesini alan BCA Organizasyon isimli \u015firketin Mustafa Turgut\u2019un talimat\u0131yla kuruldu\u011fu, 18 Aral\u0131k 2025 tarihinde Mersin il merkezinde bulunan BCA Organizasyon isimli firmadan kutu al\u0131narak 600 bin TL tutar\u0131ndaki paran\u0131n Silifke Belediyesi Ayniyat M\u00fcd\u00fcr\u00fc Erdo\u011fan G\u00fcrb\u00fcz\u2019e teslim edildi\u011fi, Erdo\u011fan G\u00fcrb\u00fcz\u2019\u00fcn 19 Aral\u0131k 2025 tarihinde belediyeye gelerek s\u00f6z konusu paray\u0131 Ersin Servi\u2019ye verdi\u011fi iddia edildi.<\/p>\n\n\n\n<figure class=\"wp-block-image\"><img decoding=\"async\" src=\"https:\/\/foto.sondakika.com\/haber\/2026\/06\/19\/silifke-belediyesi-sorusturmas-63602736-4631_1_m.jpg\" alt=\"Silifke Belediyesi soru\u015fturmas\u0131 nas\u0131l ba\u015flad\u0131? \u0130\u015fte operasyonun perde arkas\u0131\"\/><\/figure>\n\n\n\n<h3 class=\"wp-block-heading\">TEKN\u0130K TAK\u0130P VE MAL\u0130 \u0130NCELEMELER YAPILDI<\/h3>\n\n\n\n<p class=\"wp-block-paragraph\">Soru\u015fturma s\u00fcrecinde tan\u0131k ve \u015f\u00fcpheli ifadelerinin yan\u0131 s\u0131ra HTS ve PTS kay\u0131tlar\u0131, banka hesap hareketleri, teknik incelemeler ve kurum kay\u0131tlar\u0131n\u0131n birlikte de\u011ferlendirildi\u011fi \u00f6\u011frenildi.&nbsp;Elde edilen bulgular do\u011frultusunda 19 Haziran 2026 tarihinde operasyon karar\u0131 verildi.<\/p>\n\n\n\n<figure class=\"wp-block-image\"><img decoding=\"async\" src=\"https:\/\/foto.sondakika.com\/haber\/2026\/06\/19\/silifke-belediyesi-sorusturmas-66945273-7730_1_m.jpg\" alt=\"Silifke Belediyesi soru\u015fturmas\u0131 nas\u0131l ba\u015flad\u0131? \u0130\u015fte operasyonun perde arkas\u0131\"\/><\/figure>\n\n\n\n<h3 class=\"wp-block-heading\">BA\u015eKAN DAH\u0130L 18 \u015e\u00dcPHEL\u0130 G\u00d6ZALTINA ALINDI<\/h3>\n\n\n\n<p class=\"wp-block-paragraph\">Silifke Cumhuriyet Ba\u015fsavc\u0131l\u0131\u011f\u0131 koordinesinde \u0130l Jandarma Komutanl\u0131\u011f\u0131 ekipleri taraf\u0131ndan belediye binas\u0131 ve \u00e7ok say\u0131da adrese e\u015f zamanl\u0131 operasyon d\u00fczenlendi.<\/p>\n\n\n\n<p class=\"wp-block-paragraph\">Operasyonda Silifke Belediye Ba\u015fkan\u0131 Mustafa Turgut&#8217;un da aralar\u0131nda bulundu\u011fu 18 \u015f\u00fcpheli g\u00f6zalt\u0131na al\u0131nd\u0131. Hakk\u0131nda yakalama karar\u0131 bulunan bir ki\u015finin ise arand\u0131\u011f\u0131 bildirildi.<\/p>\n\n\n\n<figure class=\"wp-block-image\"><img decoding=\"async\" src=\"https:\/\/foto.sondakika.com\/haber\/2026\/06\/19\/silifke-belediyesi-sorusturmas-7d14b0fc6f-8040_1_m.jpg\" alt=\"Silifke Belediyesi soru\u015fturmas\u0131 nas\u0131l ba\u015flad\u0131? \u0130\u015fte operasyonun perde arkas\u0131\"\/><\/figure>\n\n\n\n<h3 class=\"wp-block-heading\">SORU\u015eTURMA \u00c7OK Y\u00d6NL\u00dc S\u00dcR\u00dcYOR<\/h3>\n\n\n\n<p class=\"wp-block-paragraph\">Soru\u015fturman\u0131n &#8220;su\u00e7 i\u015flemek amac\u0131yla \u00f6rg\u00fct kurma&#8221;, &#8220;r\u00fc\u015fvet&#8221;, &#8220;irtikap&#8221;, &#8220;ihaleye fesat kar\u0131\u015ft\u0131rma&#8221;, &#8220;edimin ifas\u0131na fesat kar\u0131\u015ft\u0131rma&#8221; ve &#8220;g\u00f6revi k\u00f6t\u00fcye kullanma&#8221; su\u00e7lamalar\u0131 kapsam\u0131nda \u00e7ok y\u00f6nl\u00fc olarak s\u00fcrd\u00fc\u011f\u00fc belirtildi.<\/p>\n\n\n\n<p class=\"wp-block-paragraph\">Yetkililer, belediyedeki ihale s\u00fcre\u00e7leri, do\u011frudan temin i\u015flemleri, festival organizasyonlar\u0131, reklam ve matbaa hizmetleri ile \u00e7e\u015fitli al\u0131m faaliyetlerine ili\u015fkin iddialar\u0131n detayl\u0131 \u015fekilde incelendi\u011fini bildirdi.<\/p>\n","protected":false},"excerpt":{"rendered":"<p>Mersin&#8217;in Silifke il\u00e7esinde CHP&#8217;li Silifke Belediyesi&#8217;ne y\u00f6nelik d\u00fczenlenen operasyonun perde arkas\u0131 ortaya \u00e7\u0131kt\u0131. Soru\u015fturman\u0131n, belediyedeki<\/p>\n","protected":false},"author":1,"featured_media":3318,"comment_status":"open","ping_status":"open","sticky":false,"template":"","format":"standard","meta":{"_rtcl_gb_attr":"","footnotes":""},"categories":[1],"tags":[],"class_list":["post-3317","post","type-post","status-publish","format-standard","has-post-thumbnail","hentry","category-http-turkiyemhaber-com-wp-content-uploads-2026-03-saray-59-haber-13-mart-pdf"],"_links":{"self":[{"href":"https:\/\/turkiyemhaber.com\/index.php?rest_route=\/wp\/v2\/posts\/3317","targetHints":{"allow":["GET"]}}],"collection":[{"href":"https:\/\/turkiyemhaber.com\/index.php?rest_route=\/wp\/v2\/posts"}],"about":[{"href":"https:\/\/turkiyemhaber.com\/index.php?rest_route=\/wp\/v2\/types\/post"}],"author":[{"embeddable":true,"href":"https:\/\/turkiyemhaber.com\/index.php?rest_route=\/wp\/v2\/users\/1"}],"replies":[{"embeddable":true,"href":"https:\/\/turkiyemhaber.com\/index.php?rest_route=%2Fwp%2Fv2%2Fcomments&post=3317"}],"version-history":[{"count":1,"href":"https:\/\/turkiyemhaber.com\/index.php?rest_route=\/wp\/v2\/posts\/3317\/revisions"}],"predecessor-version":[{"id":3319,"href":"https:\/\/turkiyemhaber.com\/index.php?rest_route=\/wp\/v2\/posts\/3317\/revisions\/3319"}],"wp:featuredmedia":[{"embeddable":true,"href":"https:\/\/turkiyemhaber.com\/index.php?rest_route=\/wp\/v2\/media\/3318"}],"wp:attachment":[{"href":"https:\/\/turkiyemhaber.com\/index.php?rest_route=%2Fwp%2Fv2%2Fmedia&parent=3317"}],"wp:term":[{"taxonomy":"category","embeddable":true,"href":"https:\/\/turkiyemhaber.com\/index.php?rest_route=%2Fwp%2Fv2%2Fcategories&post=3317"},{"taxonomy":"post_tag","embeddable":true,"href":"https:\/\/turkiyemhaber.com\/index.php?rest_route=%2Fwp%2Fv2%2Ftags&post=3317"}],"curies":[{"name":"wp","href":"https:\/\/api.w.org\/{rel}","templated":true}]}}