{"id":3311,"date":"2026-06-18T19:04:25","date_gmt":"2026-06-18T19:04:25","guid":{"rendered":"https:\/\/turkiyemhaber.com\/?p=3311"},"modified":"2026-06-18T19:04:29","modified_gmt":"2026-06-18T19:04:29","slug":"trt-tabii-dizisinde-yasakli-madde-sorusturmasi-geciren-basrol-oyuncusu-kadrodan-cikarildi","status":"publish","type":"post","link":"https:\/\/turkiyemhaber.com\/?p=3311","title":{"rendered":"TRT Tabii dizisinde yasakl\u0131 madde soru\u015fturmas\u0131 ge\u00e7iren ba\u015frol oyuncusu kadrodan \u00e7\u0131kar\u0131ld\u0131"},"content":{"rendered":"\n<p class=\"wp-block-paragraph\">TRT Tabii&#8217;nin iddial\u0131 projelerinden Ate\u015f Denizi dizisinde ya\u015fanan yasakl\u0131 madde soru\u015fturmas\u0131, seti kar\u0131\u015ft\u0131rd\u0131. Beykoz Kundura Fabrikas\u0131&#8217;nda ger\u00e7ekle\u015ftirilen narkotik operasyonunun ard\u0131ndan ba\u015frol oyuncusu Erdem Kaynarca hakk\u0131nda adli i\u015flem ba\u015flat\u0131l\u0131rken, yap\u0131m \u015firketi de dikkat \u00e7eken bir karara imza att\u0131. \u00c7ekimlere ara verildi\u011fi \u00f6\u011frenilirken, \u015firket taraf\u0131ndan yap\u0131lan a\u00e7\u0131klamayla Kaynarca&#8217;n\u0131n projedeki g\u00f6revine son verildi\u011fi duyuruldu.<\/p>\n\n\n\n<p class=\"wp-block-paragraph\"><a href=\"https:\/\/www.sondakika.com\/trt-tabii\/\">TRT Tabii<\/a>&nbsp;platformu i\u00e7in \u00e7ekilen Ate\u015f Denizi dizisinde ya\u015fanan yasakl\u0131 madde soru\u015fturmas\u0131, yap\u0131m ekibinde \u00f6nemli bir karar\u0131n al\u0131nmas\u0131na neden oldu. Beykoz Kundura Fabrikas\u0131&#8217;ndaki sete d\u00fczenlenen narkotik operasyonunun ard\u0131ndan hakk\u0131nda adli s\u00fcre\u00e7 ba\u015flat\u0131lan ba\u015frol oyuncusu Erdem Kaynarca ile yap\u0131m \u015firketinin yollar\u0131n\u0131 ay\u0131rd\u0131\u011f\u0131 a\u00e7\u0131kland\u0131. \u00c7ekimlere bir hafta ara verilirken, \u015fimdi g\u00f6zler projeye dahil edilecek yeni ba\u015frol oyuncusuna \u00e7evrildi.<\/p>\n\n\n\n<p class=\"wp-block-paragraph\">\u0130ddiaya g\u00f6re olay, d\u00fcn \u00f6\u011fleden sonra dizi setine gelen narkotik ekiplerinin ihbar \u00fczerine yapt\u0131\u011f\u0131 denetimle ba\u015flad\u0131. Bask\u0131n s\u0131ras\u0131nda karavan\u0131nda sahne haz\u0131rl\u0131\u011f\u0131nda oldu\u011fu \u00f6\u011frenilen Erdem Kaynarca&#8217;n\u0131n \u00f6nce karavandan \u00e7\u0131kar\u0131ld\u0131\u011f\u0131, ard\u0131ndan arac\u0131nda arama yap\u0131ld\u0131\u011f\u0131 belirtildi. Kaynarca&#8217;n\u0131n daha sonra Halkal\u0131&#8217;daki&nbsp;<a href=\"https:\/\/www.sondakika.com\/narkotik\/\">Narkotik<\/a>&nbsp;\u015eube M\u00fcd\u00fcrl\u00fc\u011f\u00fc&#8217;ne g\u00f6t\u00fcr\u00fcld\u00fc\u011f\u00fc, burada ifadesinin al\u0131nmas\u0131n\u0131n ard\u0131ndan sa\u00e7 ve kan \u00f6rneklerinin incelendi\u011fi \u00f6\u011frenildi. Oyuncu, i\u015flemlerinin tamamlanmas\u0131n\u0131n ard\u0131ndan gece saatlerinde serbest b\u0131rak\u0131ld\u0131.<\/p>\n\n\n\n<h3 class=\"wp-block-heading\">\u00c7EK\u0130MLERE B\u0130R HAFTA ARA VER\u0130LD\u0130<\/h3>\n\n\n\n<p class=\"wp-block-paragraph\">Ya\u015fanan geli\u015fmelerin ard\u0131ndan yap\u0131m ekibi \u00e7ekim program\u0131n\u0131 yeniden g\u00f6zden ge\u00e7irdi. Dizinin \u00e7ekimlerine bir hafta ara verildi\u011fi \u00f6\u011frenilirken, yap\u0131m \u015firketinin proje takvimini revize etmek ve yeni yol haritas\u0131n\u0131 belirlemek i\u00e7in toplant\u0131lar ger\u00e7ekle\u015ftirdi\u011fi belirtildi.<\/p>\n\n\n\n<figure class=\"wp-block-image\"><img decoding=\"async\" src=\"https:\/\/foto.sondakika.com\/haber\/2026\/06\/18\/trt-tabii-dizisinde-yasakli-ma-11572988-1318_1_m.jpg\" alt=\"TRT Tabii dizisinde yasakl\u0131 madde soru\u015fturmas\u0131 ge\u00e7iren ba\u015frol oyuncusu kadrodan \u00e7\u0131kar\u0131ld\u0131\"\/><\/figure>\n\n\n\n<h3 class=\"wp-block-heading\">YAPIM \u015e\u0130RKET\u0130NDEN RESM\u0130 A\u00c7IKLAMA<\/h3>\n\n\n\n<p class=\"wp-block-paragraph\">Kamuoyunun merakla bekledi\u011fi a\u00e7\u0131klama ise Sepya Film Prod\u00fcksiyon Ltd. \u015eti. Genel Koordinat\u00f6r\u00fc Hakan Y\u0131ld\u0131z&#8217;dan geldi.<\/p>\n\n\n\n<p class=\"wp-block-paragraph\">Yap\u0131lan a\u00e7\u0131klamada, &#8220;Firmam\u0131z taraf\u0131ndan yap\u0131m\u0131 s\u00fcrd\u00fcr\u00fclen &#8216;Ate\u015f Denizi&#8217; isimli projemizin oyuncular\u0131ndan Erdem Kaynarca hakk\u0131nda kamuoyuna yans\u0131yan &#8216;yasakl\u0131 madde kullan\u0131m\u0131&#8217; gerek\u00e7eli adli s\u00fcre\u00e7 titizlikle incelenmi\u015ftir. Oyuncu se\u00e7imlerimizin ilk g\u00fcn\u00fcnden itibaren b\u00fcy\u00fck hassasiyet g\u00f6sterdi\u011fimiz bu konuda, firmam\u0131z\u0131n ve projeye emek veren \u00e7al\u0131\u015fma arkada\u015flar\u0131m\u0131z\u0131n emeklerini zayi eden \u015fahs\u0131n s\u00f6zle\u015fmesi hakl\u0131 nedenle tek tarafl\u0131 olarak feshedilmi\u015ftir. Projemiz yeni oyuncunun kat\u0131l\u0131m\u0131yla planland\u0131\u011f\u0131 \u015fekilde devam edecektir&#8221; ifadelerine yer verildi.<\/p>\n\n\n\n<figure class=\"wp-block-image\"><img decoding=\"async\" src=\"https:\/\/foto.sondakika.com\/haber\/2026\/06\/18\/trt-tabii-dizisinde-yasakli-ma-85671523-4245_1_m.jpg\" alt=\"TRT Tabii dizisinde yasakl\u0131 madde soru\u015fturmas\u0131 ge\u00e7iren ba\u015frol oyuncusu kadrodan \u00e7\u0131kar\u0131ld\u0131\"\/><\/figure>\n\n\n\n<h3 class=\"wp-block-heading\">M\u0130LYONLUK MAL\u0130YET \u0130DD\u0130ASI<\/h3>\n\n\n\n<p class=\"wp-block-paragraph\">Yap\u0131m \u015firketinin a\u00e7\u0131klamas\u0131yla birlikte Erdem Kaynarca&#8217;n\u0131n projedeki g\u00f6revi resmen sona erdi. Edinilen bilgilere g\u00f6re yap\u0131m ekibi yeni ba\u015frol oyuncusu i\u00e7in g\u00f6r\u00fc\u015fmelere ba\u015flad\u0131.<\/p>\n\n\n\n<p class=\"wp-block-paragraph\">Sekt\u00f6r kulislerinde ise oyuncunun yer ald\u0131\u011f\u0131 sahnelerin b\u00fcy\u00fck b\u00f6l\u00fcm\u00fcn\u00fcn yeniden \u00e7ekilmek zorunda kalaca\u011f\u0131 konu\u015fuluyor. Bu durumun yap\u0131m \u015firketine milyonlarca liral\u0131k ek maliyet \u00e7\u0131karabilece\u011fi \u00f6ne s\u00fcr\u00fcl\u00fcrken, daha \u00f6nce tamamlanan \u00e7ekimlerin \u00f6nemli bir k\u0131sm\u0131n\u0131n kullan\u0131lamayaca\u011f\u0131 belirtiliyor.<\/p>\n\n\n\n<p class=\"wp-block-paragraph\">Yeni oyuncunun k\u0131sa s\u00fcre i\u00e7erisinde belirlenmesi ve \u00e7ekimlerin planlanan yay\u0131n takvimine uygun \u015fekilde yeniden ba\u015flamas\u0131 hedefleniyor.<\/p>\n","protected":false},"excerpt":{"rendered":"<p>TRT Tabii&#8217;nin iddial\u0131 projelerinden Ate\u015f Denizi dizisinde ya\u015fanan yasakl\u0131 madde soru\u015fturmas\u0131, seti kar\u0131\u015ft\u0131rd\u0131. Beykoz Kundura<\/p>\n","protected":false},"author":1,"featured_media":3312,"comment_status":"open","ping_status":"open","sticky":false,"template":"","format":"standard","meta":{"_rtcl_gb_attr":"","footnotes":""},"categories":[1],"tags":[],"class_list":["post-3311","post","type-post","status-publish","format-standard","has-post-thumbnail","hentry","category-http-turkiyemhaber-com-wp-content-uploads-2026-03-saray-59-haber-13-mart-pdf"],"_links":{"self":[{"href":"https:\/\/turkiyemhaber.com\/index.php?rest_route=\/wp\/v2\/posts\/3311","targetHints":{"allow":["GET"]}}],"collection":[{"href":"https:\/\/turkiyemhaber.com\/index.php?rest_route=\/wp\/v2\/posts"}],"about":[{"href":"https:\/\/turkiyemhaber.com\/index.php?rest_route=\/wp\/v2\/types\/post"}],"author":[{"embeddable":true,"href":"https:\/\/turkiyemhaber.com\/index.php?rest_route=\/wp\/v2\/users\/1"}],"replies":[{"embeddable":true,"href":"https:\/\/turkiyemhaber.com\/index.php?rest_route=%2Fwp%2Fv2%2Fcomments&post=3311"}],"version-history":[{"count":1,"href":"https:\/\/turkiyemhaber.com\/index.php?rest_route=\/wp\/v2\/posts\/3311\/revisions"}],"predecessor-version":[{"id":3313,"href":"https:\/\/turkiyemhaber.com\/index.php?rest_route=\/wp\/v2\/posts\/3311\/revisions\/3313"}],"wp:featuredmedia":[{"embeddable":true,"href":"https:\/\/turkiyemhaber.com\/index.php?rest_route=\/wp\/v2\/media\/3312"}],"wp:attachment":[{"href":"https:\/\/turkiyemhaber.com\/index.php?rest_route=%2Fwp%2Fv2%2Fmedia&parent=3311"}],"wp:term":[{"taxonomy":"category","embeddable":true,"href":"https:\/\/turkiyemhaber.com\/index.php?rest_route=%2Fwp%2Fv2%2Fcategories&post=3311"},{"taxonomy":"post_tag","embeddable":true,"href":"https:\/\/turkiyemhaber.com\/index.php?rest_route=%2Fwp%2Fv2%2Ftags&post=3311"}],"curies":[{"name":"wp","href":"https:\/\/api.w.org\/{rel}","templated":true}]}}