{"id":3308,"date":"2026-06-18T19:01:41","date_gmt":"2026-06-18T19:01:41","guid":{"rendered":"https:\/\/turkiyemhaber.com\/?p=3308"},"modified":"2026-06-18T19:01:45","modified_gmt":"2026-06-18T19:01:45","slug":"ahmet-cakardan-hakan-calhanoglu-icin-olay-iddia-sevmiyorlar-uyuz-oluyorlar","status":"publish","type":"post","link":"https:\/\/turkiyemhaber.com\/?p=3308","title":{"rendered":"Ahmet \u00c7akar&#8217;dan Hakan \u00c7alhano\u011flu i\u00e7in olay iddia: Sevmiyorlar, uyuz oluyorlar"},"content":{"rendered":"\n<p class=\"wp-block-paragraph\">A Milli Tak\u0131m&#8217;\u0131n Avustralya kar\u015f\u0131s\u0131nda ald\u0131\u011f\u0131 ma\u011flubiyetin yank\u0131lar\u0131 s\u00fcrerken spor yorumcusu Ahmet \u00c7akar&#8217;dan tak\u0131m kaptan\u0131 Hakan \u00c7alhano\u011flu i\u00e7in \u00e7ok konu\u015fulacak bir iddia geldi. \u00c7akar, tak\u0131mdaki baz\u0131 futbolcular\u0131n Hakan \u00c7alhano\u011flu&#8217;nu sevmedi\u011fini iddia etti.<\/p>\n\n\n\n<p class=\"wp-block-paragraph\">FIFA 2026 D\u00fcnya Kupas\u0131\u2019ndaki ilk ma\u00e7\u0131nda Avustralya\u2019ya 2-0 yenilerek turnuvaya \u015fanss\u0131z bir ba\u015flang\u0131\u00e7 yapan&nbsp;<a href=\"https:\/\/www.sondakika.com\/a-milli-futbol-takimi\/\">A Milli Futbol Tak\u0131m\u0131<\/a>&#8216;nda sular durulmuyor. Ma\u011flubiyetin ard\u0131ndan ele\u015ftirilerin odak noktas\u0131 haline gelen Ay-Y\u0131ld\u0131zl\u0131 ekipte, \u00fcnl\u00fc&nbsp;<a href=\"https:\/\/www.sondakika.com\/spor\/\">spor<\/a>&nbsp;yorumcusu Ahmet \u00c7akar\u2019dan g\u00fcndemi sarsacak bir iddia geldi.<\/p>\n\n\n\n<h3 class=\"wp-block-heading\">AHMET \u00c7AKAR&#8217;DAN OLAY \u0130DD\u0130A<\/h3>\n\n\n\n<p class=\"wp-block-paragraph\">A Spor YouTube kanal\u0131nda turnuvay\u0131 ve milli tak\u0131m\u0131n durumunu de\u011ferlendiren Ahmet \u00c7akar, Arizona&#8217;daki milli tak\u0131m kamp\u0131ndan \u00e7ok konu\u015fulacak bir bilgi ald\u0131\u011f\u0131n\u0131 \u00f6ne s\u00fcrd\u00fc.&nbsp;<\/p>\n\n\n\n<h3 class=\"wp-block-heading\">&#8221;SEVM\u0130YORLAR, UYUZ OLUYORLAR&#8221;<\/h3>\n\n\n\n<p class=\"wp-block-paragraph\">Tak\u0131m i\u00e7indeki arkada\u015fl\u0131k ortam\u0131na de\u011finen \u00c7akar, oyuncular\u0131n kaptan Hakan \u00c7alhano\u011flu\u2019ndan ho\u015fnut olmad\u0131\u011f\u0131n\u0131 iddia ederek,&nbsp;&#8220;Hakan \u00c7alhano\u011flu denen \u015fah\u0131stan neredeyse t\u00fcm oyuncular nefret ediyor. Ald\u0131\u011f\u0131m bilgi \u00e7ok net. Arizona\u2019da bulunan milli tak\u0131m kamp\u0131ndaki futbolcular\u0131n \u00e7ok b\u00fcy\u00fck bir k\u0131sm\u0131 Hakan \u00c7alhano\u011flu adl\u0131 \u015fahsa uyuz oluyorlar. Hadi &#8216;nefret&#8217; kelimesi iddial\u0131 bir ka\u00e7\u0131\u015f olur diyelim; resmen g\u0131c\u0131k kap\u0131yorlar. Kendisini sevmiyorlar ve ondan hi\u00e7 ho\u015fnut de\u011filler.&#8221; dedi.&nbsp;<\/p>\n","protected":false},"excerpt":{"rendered":"<p>A Milli Tak\u0131m&#8217;\u0131n Avustralya kar\u015f\u0131s\u0131nda ald\u0131\u011f\u0131 ma\u011flubiyetin yank\u0131lar\u0131 s\u00fcrerken spor yorumcusu Ahmet \u00c7akar&#8217;dan tak\u0131m kaptan\u0131<\/p>\n","protected":false},"author":1,"featured_media":3309,"comment_status":"open","ping_status":"open","sticky":false,"template":"","format":"standard","meta":{"_rtcl_gb_attr":"","footnotes":""},"categories":[3],"tags":[],"class_list":["post-3308","post","type-post","status-publish","format-standard","has-post-thumbnail","hentry","category-spor"],"_links":{"self":[{"href":"https:\/\/turkiyemhaber.com\/index.php?rest_route=\/wp\/v2\/posts\/3308","targetHints":{"allow":["GET"]}}],"collection":[{"href":"https:\/\/turkiyemhaber.com\/index.php?rest_route=\/wp\/v2\/posts"}],"about":[{"href":"https:\/\/turkiyemhaber.com\/index.php?rest_route=\/wp\/v2\/types\/post"}],"author":[{"embeddable":true,"href":"https:\/\/turkiyemhaber.com\/index.php?rest_route=\/wp\/v2\/users\/1"}],"replies":[{"embeddable":true,"href":"https:\/\/turkiyemhaber.com\/index.php?rest_route=%2Fwp%2Fv2%2Fcomments&post=3308"}],"version-history":[{"count":1,"href":"https:\/\/turkiyemhaber.com\/index.php?rest_route=\/wp\/v2\/posts\/3308\/revisions"}],"predecessor-version":[{"id":3310,"href":"https:\/\/turkiyemhaber.com\/index.php?rest_route=\/wp\/v2\/posts\/3308\/revisions\/3310"}],"wp:featuredmedia":[{"embeddable":true,"href":"https:\/\/turkiyemhaber.com\/index.php?rest_route=\/wp\/v2\/media\/3309"}],"wp:attachment":[{"href":"https:\/\/turkiyemhaber.com\/index.php?rest_route=%2Fwp%2Fv2%2Fmedia&parent=3308"}],"wp:term":[{"taxonomy":"category","embeddable":true,"href":"https:\/\/turkiyemhaber.com\/index.php?rest_route=%2Fwp%2Fv2%2Fcategories&post=3308"},{"taxonomy":"post_tag","embeddable":true,"href":"https:\/\/turkiyemhaber.com\/index.php?rest_route=%2Fwp%2Fv2%2Ftags&post=3308"}],"curies":[{"name":"wp","href":"https:\/\/api.w.org\/{rel}","templated":true}]}}