{"id":3302,"date":"2026-06-18T18:32:01","date_gmt":"2026-06-18T18:32:01","guid":{"rendered":"https:\/\/turkiyemhaber.com\/?p=3302"},"modified":"2026-06-18T18:32:05","modified_gmt":"2026-06-18T18:32:05","slug":"tahliye-edilen-yusuf-ziya-gumusel-tekbirler-esliginde-kahraman-gibi-karsilandi","status":"publish","type":"post","link":"https:\/\/turkiyemhaber.com\/?p=3302","title":{"rendered":"Tahliye edilen Yusuf Ziya G\u00fcm\u00fc\u015fel, tekbirler e\u015fli\u011finde kahraman gibi kar\u015f\u0131land\u0131"},"content":{"rendered":"\n<p class=\"wp-block-paragraph\">K\u0131z\u0131 H.K.G.&#8217;yi 6 ya\u015f\u0131ndayken evlendirdi\u011fi iddias\u0131yla 19 y\u0131l 9 ay hapis cezas\u0131 alan Hiranur Vakf\u0131 kurucusu Yusuf Ziya G\u00fcm\u00fc\u015fel, Yarg\u0131tay&#8217;\u0131n &#8220;eksik inceleme&#8221; gerek\u00e7esiyle verdi\u011fi bozma karar\u0131n\u0131n ard\u0131ndan tahliye edildi. Cezaevinden \u00e7\u0131kan G\u00fcm\u00fc\u015fel, kalabal\u0131k bir grup taraf\u0131ndan tekbirlerle kar\u015f\u0131land\u0131.<\/p>\n\n\n\n<p class=\"wp-block-paragraph\">T\u00fcrkiye\u2019yi sarsan &#8220;6 ya\u015f\u0131nda \u00e7ocuk evlili\u011fi&#8221; davas\u0131nda \u00e7ok konu\u015fulacak bir geli\u015fme ya\u015fand\u0131. K\u0131z\u0131n\u0131 \u00e7ocuk ya\u015fta evlendirdi\u011fi iddias\u0131yla yarg\u0131lanan ve yerel mahkemece 19 y\u0131l 9 ay hapis cezas\u0131na \u00e7arpt\u0131r\u0131lan Hiranur Vakf\u0131 kurucusu&nbsp;<a href=\"https:\/\/www.sondakika.com\/yusuf-ziya-gumusel\/\">Yusuf Ziya G\u00fcm\u00fc\u015fel<\/a>, Yarg\u0131tay\u2019\u0131n bozma karar\u0131n\u0131n ard\u0131ndan tahliye edildi. G\u00fcm\u00fc\u015fel\u2019in cezaevi \u00e7\u0131k\u0131\u015f\u0131nda bir grup taraf\u0131ndan tekbirlerle kar\u015f\u0131lanmas\u0131 ise sosyal medyada tart\u0131\u015fmaya yol a\u00e7t\u0131.<\/p>\n\n\n\n<h3 class=\"wp-block-heading\">REKOR CEZALAR VER\u0130LM\u0130\u015eT\u0130<\/h3>\n\n\n\n<p class=\"wp-block-paragraph\">\u0130smaila\u011fa Cemaati\u2019ne ba\u011fl\u0131 Hiranur Vakf\u0131\u2019n\u0131n kurucusu Yusuf Ziya G\u00fcm\u00fc\u015fel\u2019in k\u0131z\u0131 H.K.G.\u2019yi, hen\u00fcz 6 ya\u015f\u0131ndayken 29 ya\u015f\u0131ndaki m\u00fcridi Kadir \u0130stekli ile dini nikahla evlendirdi\u011finin ortaya \u00e7\u0131kmas\u0131 kamuoyunda infial yaratm\u0131\u015ft\u0131.<\/p>\n\n\n\n<p class=\"wp-block-paragraph\">\u0130stanbul Anadolu 2. A\u011f\u0131r Ceza Mahkemesi, 23 Ekim 2023 tarihinde a\u00e7\u0131klad\u0131\u011f\u0131 kararla san\u0131klara ceza ya\u011fd\u0131rm\u0131\u015ft\u0131.&nbsp;<\/p>\n\n\n\n<p class=\"wp-block-paragraph\">Mahkeme;<\/p>\n\n\n\n<ul class=\"wp-block-list\">\n<li>Tutuklu san\u0131k (koca) Kadir \u0130stekli\u2019ye 30 y\u0131l,<\/li>\n\n\n\n<li>Baba Yusuf Ziya G\u00fcm\u00fc\u015fel\u2019e 20 y\u0131l (daha sonra netle\u015fen cezas\u0131yla 19 y\u0131l 9 ay),<\/li>\n\n\n\n<li>Anne Fatma G\u00fcm\u00fc\u015fel\u2019e ise 16 y\u0131l 8 ay hapis cezas\u0131 vermi\u015fti.<\/li>\n<\/ul>\n\n\n\n<h3 class=\"wp-block-heading\">YARGITAY &#8220;EKS\u0130K \u0130NCELEME&#8221; D\u0130YEREK KARARI BOZDU<\/h3>\n\n\n\n<p class=\"wp-block-paragraph\">Ancak dosyan\u0131n ta\u015f\u0131nd\u0131\u011f\u0131 Yarg\u0131tay, ge\u00e7ti\u011fimiz aylarda ezber bozan bir karara imza att\u0131. Yarg\u0131tay, dava dosyas\u0131ndaki baz\u0131 kritik unsurlar\u0131n eksik incelendi\u011fine h\u00fckmederek yerel mahkemenin karar\u0131n\u0131 bozdu. Yarg\u0131tay&#8217;\u0131n bozma gerek\u00e7esinde; dava s\u00fcrecinde elde edilen ses kay\u0131tlar\u0131n\u0131n delil niteli\u011finin yeterince de\u011ferlendirilmedi\u011fi, ma\u011fdur H.K.G.\u2019nin ya\u015f\u0131na ili\u015fkin resmi kay\u0131tlar\u0131n eksik incelendi\u011fi, HTS (telefon trafi\u011fi) kay\u0131tlar\u0131n\u0131n analiz edilmedi\u011fi ve baz\u0131 \u00f6nemli tan\u0131klar\u0131n dinlenmedi\u011fi ifade edildi.<\/p>\n\n\n\n<h3 class=\"wp-block-heading\">CEZAEV\u0130 \u00d6N\u00dcNDE TEKB\u0130RL\u0130 KAR\u015eILAMA<\/h3>\n\n\n\n<p class=\"wp-block-paragraph\">Yarg\u0131tay\u2019\u0131n bozma karar\u0131n\u0131n ard\u0131ndan yeniden ba\u015flayan yarg\u0131lama s\u00fcrecinde mahkeme, tutukluluk durumunu inceleyerek baba Yusuf Ziya G\u00fcm\u00fc\u015fel\u2019in tahliyesine karar verdi.&nbsp;Karar\u0131n ard\u0131ndan cezaevinden \u00e7\u0131kan G\u00fcm\u00fc\u015fel\u2019i kap\u0131da kalabal\u0131k bir grup kar\u015f\u0131lad\u0131. G\u00f6r\u00fcnt\u00fclerde G\u00fcm\u00fc\u015fel\u2019in tekbirler e\u015fli\u011finde araca bindirildi\u011fi anlar yer ald\u0131.&nbsp;<\/p>\n","protected":false},"excerpt":{"rendered":"<p>K\u0131z\u0131 H.K.G.&#8217;yi 6 ya\u015f\u0131ndayken evlendirdi\u011fi iddias\u0131yla 19 y\u0131l 9 ay hapis cezas\u0131 alan Hiranur Vakf\u0131<\/p>\n","protected":false},"author":1,"featured_media":3303,"comment_status":"open","ping_status":"open","sticky":false,"template":"","format":"standard","meta":{"_rtcl_gb_attr":"","footnotes":""},"categories":[1],"tags":[],"class_list":["post-3302","post","type-post","status-publish","format-standard","has-post-thumbnail","hentry","category-http-turkiyemhaber-com-wp-content-uploads-2026-03-saray-59-haber-13-mart-pdf"],"_links":{"self":[{"href":"https:\/\/turkiyemhaber.com\/index.php?rest_route=\/wp\/v2\/posts\/3302","targetHints":{"allow":["GET"]}}],"collection":[{"href":"https:\/\/turkiyemhaber.com\/index.php?rest_route=\/wp\/v2\/posts"}],"about":[{"href":"https:\/\/turkiyemhaber.com\/index.php?rest_route=\/wp\/v2\/types\/post"}],"author":[{"embeddable":true,"href":"https:\/\/turkiyemhaber.com\/index.php?rest_route=\/wp\/v2\/users\/1"}],"replies":[{"embeddable":true,"href":"https:\/\/turkiyemhaber.com\/index.php?rest_route=%2Fwp%2Fv2%2Fcomments&post=3302"}],"version-history":[{"count":1,"href":"https:\/\/turkiyemhaber.com\/index.php?rest_route=\/wp\/v2\/posts\/3302\/revisions"}],"predecessor-version":[{"id":3304,"href":"https:\/\/turkiyemhaber.com\/index.php?rest_route=\/wp\/v2\/posts\/3302\/revisions\/3304"}],"wp:featuredmedia":[{"embeddable":true,"href":"https:\/\/turkiyemhaber.com\/index.php?rest_route=\/wp\/v2\/media\/3303"}],"wp:attachment":[{"href":"https:\/\/turkiyemhaber.com\/index.php?rest_route=%2Fwp%2Fv2%2Fmedia&parent=3302"}],"wp:term":[{"taxonomy":"category","embeddable":true,"href":"https:\/\/turkiyemhaber.com\/index.php?rest_route=%2Fwp%2Fv2%2Fcategories&post=3302"},{"taxonomy":"post_tag","embeddable":true,"href":"https:\/\/turkiyemhaber.com\/index.php?rest_route=%2Fwp%2Fv2%2Ftags&post=3302"}],"curies":[{"name":"wp","href":"https:\/\/api.w.org\/{rel}","templated":true}]}}