{"id":3296,"date":"2026-06-18T18:25:52","date_gmt":"2026-06-18T18:25:52","guid":{"rendered":"https:\/\/turkiyemhaber.com\/?p=3296"},"modified":"2026-06-18T18:25:55","modified_gmt":"2026-06-18T18:25:55","slug":"8-unlu-ismin-uyusturucu-test-sonucu-pozitif-cikti-kenan-dogulu-berdan-mardini-enis-arikan","status":"publish","type":"post","link":"https:\/\/turkiyemhaber.com\/?p=3296","title":{"rendered":"8 \u00fcnl\u00fc ismin uyu\u015fturucu test sonucu pozitif \u00e7\u0131kt\u0131: Kenan Do\u011fulu, Berdan Mardini, Enis Ar\u0131kan&#8230;"},"content":{"rendered":"\n<p class=\"wp-block-paragraph\">\u0130stanbul Cumhuriyet Ba\u015fsavc\u0131l\u0131\u011f\u0131\u2019n\u0131n \u00fcnl\u00fclere y\u00f6nelik y\u00fcr\u00fctt\u00fc\u011f\u00fc uyu\u015fturucu soru\u015fturmas\u0131 kapsam\u0131nda Adli T\u0131p Kurumu testi i\u00e7in \u00f6rnekleri al\u0131nan \u015f\u00fcphelilerden Ali Efe Bezci, Berdan Mardini, Enis Ar\u0131kan, Kenan Do\u011fulu, O\u011fuzhan Beker, Ozan Do\u011fulu, Tolga \u00c7am ve Ya\u015far \u0130pek\u2019in test sonu\u00e7lar\u0131 pozitif \u00e7\u0131kt\u0131.<\/p>\n\n\n\n<p class=\"wp-block-paragraph\"><a href=\"https:\/\/www.sondakika.com\/istanbul-cumhuriyet-bassavciligi\/\">\u0130stanbul Cumhuriyet Ba\u015fsavc\u0131l\u0131\u011f\u0131<\/a>&nbsp;taraf\u0131ndan \u00fcnl\u00fclere y\u00f6nelik ba\u015flat\u0131lan ve ge\u00e7ti\u011fimiz haftadan bu yana T\u00fcrkiye g\u00fcndemini sarsan uyu\u015fturucu soru\u015fturmas\u0131nda \u00e7ok kritik bir geli\u015fme ya\u015fand\u0131. G\u00f6zalt\u0131na al\u0131nd\u0131ktan sonra adli kontrol \u015fart\u0131yla serbest b\u0131rak\u0131lan ve Adli T\u0131p Kurumu\u2019na sevk edilerek kan ile sa\u00e7 \u00f6rne\u011fi al\u0131nan \u00fcnl\u00fc isimlerden 8&#8217;inin uyu\u015fturucu madde test sonu\u00e7lar\u0131 pozitif \u00e7\u0131kt\u0131.<\/p>\n\n\n\n<p class=\"wp-block-paragraph\">Adli T\u0131p Kurumu&#8217;nda yap\u0131lan biyolojik incelemeler tamamland\u0131. Laboratuvar sonu\u00e7lar\u0131na g\u00f6re, uyu\u015fturucu madde test sonucu pozitif \u00e7\u0131kan 8 \u00fcnl\u00fc isim \u015funlar oldu:<\/p>\n\n\n\n<ul class=\"wp-block-list\">\n<li>Kenan Do\u011fulu<\/li>\n\n\n\n<li>Enis Ar\u0131kan<\/li>\n\n\n\n<li>Berdan Mardini<\/li>\n\n\n\n<li>Ozan Do\u011fulu<\/li>\n\n\n\n<li>Ya\u015far \u0130pek<\/li>\n\n\n\n<li><a href=\"https:\/\/www.sondakika.com\/ali-efe\/\">Ali Efe<\/a>\u00a0Bezci<\/li>\n\n\n\n<li>O\u011fuzhan Beker<\/li>\n\n\n\n<li>Tolga \u00c7am<\/li>\n<\/ul>\n\n\n\n<h3 class=\"wp-block-heading\">TEST\u0130 NEGAT\u0130F \u00c7IKAN \u00dcNL\u00dcLER<\/h3>\n\n\n\n<p class=\"wp-block-paragraph\">Ahmet Karo\u011flu, Ay\u015fe Hatun \u00d6nal, Beren Saat Do\u011fulu, Emre Tari, Enis Ahmet Onat, G\u00fcrani Muran Kazanc\u0131o\u011flu, Kerim Can Durmaz, G\u00fcrani Murat Kazanc\u0131o\u011flu, Murat Sayg\u0131 ve Reyhan K\u00fc\u00e7\u00fckye\u011fen\u2019in test sonu\u00e7lar\u0131 negatif \u00e7\u0131kt\u0131<\/p>\n\n\n\n<h3 class=\"wp-block-heading\">23 \u00dcNL\u00dc G\u00d6ZALTINA ALINMI\u015eTI<\/h3>\n\n\n\n<p class=\"wp-block-paragraph\">Soru\u015fturma kapsam\u0131nda 23 \u00fcnl\u00fc isim g\u00f6zalt\u0131na al\u0131narak sa\u00e7 ve kan \u00f6rnekleri al\u0131nm\u0131\u015ft\u0131. G\u00f6zalt\u0131na al\u0131nan isimler aras\u0131nda Ay\u015fe Hatun \u00d6nal, Tolga \u00c7am, Ferhan Kaya, Murat Sayg\u0131, Enis Ahmet Onat, Ahmet Karo\u011flu, Emre Tari, Hasan Vatan, Kerimcan Durmaz, Kenan Do\u011fulu, Beren Saat, Mehmet Cem Karc\u0131, Berdan Mardini, Reyhan K\u00fc\u00e7\u00fckyegen, Ozan Do\u011fulu, Ya\u015far \u0130pek, Mehmet Y\u0131ld\u0131z, Tessy Ramos Correira, Enis Ar\u0131kan, Rafet Eren Yorulmazer, Ali Efe Bezci, Selin Ci\u011ferci ve O\u011fuzhan Beker yer alm\u0131\u015ft\u0131.<\/p>\n\n\n\n<h3 class=\"wp-block-heading\">BERDAN MARD\u0130N\u0130 KES\u0130N KONU\u015eMU\u015eTU<\/h3>\n\n\n\n<p class=\"wp-block-paragraph\">\u00d6te yandan Berdan Mardini\u2019nin soru\u015fturma kapsam\u0131nda verdi\u011fi ifade ortaya \u00e7\u0131km\u0131\u015ft\u0131. Hakk\u0131ndaki su\u00e7lamalar\u0131 kabul etmedi\u011fini belirten \u015fark\u0131c\u0131 kesin konu\u015fmu\u015ftu. \u00dcnl\u00fc isim \u201cUyu\u015fturucu kullanmam m\u00fcmk\u00fcn de\u011fil. Kan\u0131mda veya herhangi bir v\u00fccut \u00f6rne\u011fimde uyu\u015fturucu maddeye rastlanmayacakt\u0131r\u201d ifadelerini kullanm\u0131\u015ft\u0131.<\/p>\n","protected":false},"excerpt":{"rendered":"<p>\u0130stanbul Cumhuriyet Ba\u015fsavc\u0131l\u0131\u011f\u0131\u2019n\u0131n \u00fcnl\u00fclere y\u00f6nelik y\u00fcr\u00fctt\u00fc\u011f\u00fc uyu\u015fturucu soru\u015fturmas\u0131 kapsam\u0131nda Adli T\u0131p Kurumu testi i\u00e7in \u00f6rnekleri<\/p>\n","protected":false},"author":1,"featured_media":3297,"comment_status":"open","ping_status":"open","sticky":false,"template":"","format":"standard","meta":{"_rtcl_gb_attr":"","footnotes":""},"categories":[1],"tags":[],"class_list":["post-3296","post","type-post","status-publish","format-standard","has-post-thumbnail","hentry","category-http-turkiyemhaber-com-wp-content-uploads-2026-03-saray-59-haber-13-mart-pdf"],"_links":{"self":[{"href":"https:\/\/turkiyemhaber.com\/index.php?rest_route=\/wp\/v2\/posts\/3296","targetHints":{"allow":["GET"]}}],"collection":[{"href":"https:\/\/turkiyemhaber.com\/index.php?rest_route=\/wp\/v2\/posts"}],"about":[{"href":"https:\/\/turkiyemhaber.com\/index.php?rest_route=\/wp\/v2\/types\/post"}],"author":[{"embeddable":true,"href":"https:\/\/turkiyemhaber.com\/index.php?rest_route=\/wp\/v2\/users\/1"}],"replies":[{"embeddable":true,"href":"https:\/\/turkiyemhaber.com\/index.php?rest_route=%2Fwp%2Fv2%2Fcomments&post=3296"}],"version-history":[{"count":1,"href":"https:\/\/turkiyemhaber.com\/index.php?rest_route=\/wp\/v2\/posts\/3296\/revisions"}],"predecessor-version":[{"id":3298,"href":"https:\/\/turkiyemhaber.com\/index.php?rest_route=\/wp\/v2\/posts\/3296\/revisions\/3298"}],"wp:featuredmedia":[{"embeddable":true,"href":"https:\/\/turkiyemhaber.com\/index.php?rest_route=\/wp\/v2\/media\/3297"}],"wp:attachment":[{"href":"https:\/\/turkiyemhaber.com\/index.php?rest_route=%2Fwp%2Fv2%2Fmedia&parent=3296"}],"wp:term":[{"taxonomy":"category","embeddable":true,"href":"https:\/\/turkiyemhaber.com\/index.php?rest_route=%2Fwp%2Fv2%2Fcategories&post=3296"},{"taxonomy":"post_tag","embeddable":true,"href":"https:\/\/turkiyemhaber.com\/index.php?rest_route=%2Fwp%2Fv2%2Ftags&post=3296"}],"curies":[{"name":"wp","href":"https:\/\/api.w.org\/{rel}","templated":true}]}}