{"id":3293,"date":"2026-06-18T18:23:04","date_gmt":"2026-06-18T18:23:04","guid":{"rendered":"https:\/\/turkiyemhaber.com\/?p=3293"},"modified":"2026-06-18T18:23:08","modified_gmt":"2026-06-18T18:23:08","slug":"yapay-zekaya-guvendi-basina-is-acti-25-yillik-avukat-hakkinda-sorusturma","status":"publish","type":"post","link":"https:\/\/turkiyemhaber.com\/?p=3293","title":{"rendered":"Yapay zekaya g\u00fcvendi, ba\u015f\u0131na i\u015f a\u00e7t\u0131: 25 y\u0131ll\u0131k avukat hakk\u0131nda soru\u015fturma"},"content":{"rendered":"\n<p class=\"wp-block-paragraph\">Ankara&#8217;da g\u00f6r\u00fclen bir davada savunma dilek\u00e7esini haz\u0131rlarken yapay zekadan destek alan 25 y\u0131ll\u0131k bir avukat, dilek\u00e7ede yer alan Yarg\u0131tay kararlar\u0131na ait esas ve karar numaralar\u0131n\u0131n hatal\u0131 \u00e7\u0131kmas\u0131 nedeniyle soru\u015fturmal\u0131k oldu. Mahkeme, duru\u015fma s\u0131ras\u0131nda fark edilen hatalar\u0131n ard\u0131ndan ayn\u0131 g\u00fcn savc\u0131l\u0131\u011fa ve Ankara Barosu&#8217;na bildirimde bulundu.<\/p>\n\n\n\n<p class=\"wp-block-paragraph\"><a href=\"https:\/\/www.sondakika.com\/ankara\/\">Ankara<\/a>&#8216;da bir davan\u0131n savunma dilek\u00e7esini haz\u0131rlarken yapay zekadan yararlanan 25 y\u0131ll\u0131k avukat, dilek\u00e7ede yer alan&nbsp;<a href=\"https:\/\/www.sondakika.com\/yargitay\/\">Yarg\u0131tay<\/a>&nbsp;kararlar\u0131n\u0131n k\u00fcnyelerinin hatal\u0131 \u00e7\u0131kmas\u0131 \u00fczerine savc\u0131l\u0131\u011fa ve baroya \u015fikayet edildi. Avukat, kararlar\u0131n uydurma olmad\u0131\u011f\u0131n\u0131 ancak esas ve karar numaralar\u0131n\u0131n yanl\u0131\u015f yaz\u0131ld\u0131\u011f\u0131n\u0131 s\u00f6yledi.<\/p>\n\n\n\n<p class=\"wp-block-paragraph\">Ankara&#8217;n\u0131n K\u0131z\u0131lcahamam il\u00e7esinde g\u00f6r\u00fclen bir davada ya\u015fanan olay, hukuk d\u00fcnyas\u0131nda yapay zeka kullan\u0131m\u0131na ili\u015fkin tart\u0131\u015fmalar\u0131 yeniden g\u00fcndeme ta\u015f\u0131d\u0131. Savunma dilek\u00e7esini haz\u0131rlarken yapay zekadan destek alan 25 y\u0131ll\u0131k avukat E.\u00c7., dilek\u00e7ede yer verilen Yarg\u0131tay kararlar\u0131n\u0131n k\u00fcnyelerindeki hatalar\u0131n duru\u015fmada ortaya \u00e7\u0131kmas\u0131n\u0131n ard\u0131ndan ayn\u0131 g\u00fcn hem Ankara Barosu&#8217;na hem de Cumhuriyet Savc\u0131l\u0131\u011f\u0131&#8217;na bildirildi.<\/p>\n\n\n\n<h3 class=\"wp-block-heading\">YAPAY ZEKA KARARLARI BULDU, K\u00dcNYELER\u0130 KARI\u015eTIRDI<\/h3>\n\n\n\n<p class=\"wp-block-paragraph\">Olay\u0131n ortaya \u00e7\u0131kmas\u0131ndan sonra a\u00e7\u0131klama yapan avukat E.\u00c7., dilek\u00e7enin \u00fc\u00e7 avukat taraf\u0131ndan haz\u0131rland\u0131\u011f\u0131n\u0131 ancak imzan\u0131n kendisine ait oldu\u011funu belirtti. Metnin i\u00e7eri\u011finde herhangi bir de\u011fi\u015fiklik yap\u0131lmad\u0131\u011f\u0131n\u0131 ifade eden E.\u00c7., yaln\u0131zca savunmay\u0131 i\u00e7tihatlarla desteklemek amac\u0131yla yapay zekadan yararland\u0131klar\u0131n\u0131 s\u00f6yledi.<\/p>\n\n\n\n<p class=\"wp-block-paragraph\">E.\u00c7., \u201cYapay zeka mevcut Yarg\u0131tay kararlar\u0131n\u0131 ekledi ancak bu kararlara ait esas ve karar numaralar\u0131n\u0131 yanl\u0131\u015f yazd\u0131. K\u00fcnye dedi\u011fimiz b\u00f6l\u00fcmde hata vard\u0131\u201d dedi.<\/p>\n\n\n\n<h3 class=\"wp-block-heading\">&#8220;KARARLAR UYDURMA DE\u011e\u0130LD\u0130&#8221;<\/h3>\n\n\n\n<p class=\"wp-block-paragraph\">Duru\u015fmada s\u00f6z konusu kararlar\u0131n uydurma oldu\u011funun \u00f6ne s\u00fcr\u00fcld\u00fc\u011f\u00fcn\u00fc anlatan avukat, yap\u0131lan incelemede karar i\u00e7eriklerinin ger\u00e7ek oldu\u011funun g\u00f6r\u00fcld\u00fc\u011f\u00fcn\u00fc savundu. E.\u00c7., \u201cKararlar tamamen uydurma de\u011fildi. \u0130\u00e7erikleri mevcut olan Yarg\u0131tay kararlar\u0131yd\u0131. Ancak daire numaralar\u0131 ve karar k\u00fcnyeleri yanl\u0131\u015f yaz\u0131lm\u0131\u015ft\u0131. \u0130\u00e7erik do\u011fruydu, numaralar yanl\u0131\u015ft\u0131\u201d ifadelerini kulland\u0131.<\/p>\n\n\n\n<h3 class=\"wp-block-heading\">AYNI G\u00dcN SAVCILI\u011eA VE BAROYA B\u0130LD\u0130R\u0130LD\u0130<\/h3>\n\n\n\n<p class=\"wp-block-paragraph\">Hatalar\u0131n kar\u015f\u0131 taraf avukat\u0131n\u0131n dikkat \u00e7ekmesiyle ortaya \u00e7\u0131kt\u0131\u011f\u0131n\u0131 belirten E.\u00c7., durumu ara\u015ft\u0131r\u0131p a\u00e7\u0131klama yapmak istedi\u011fini ancak mahkemenin beklemeden i\u015flem ba\u015flatt\u0131\u011f\u0131n\u0131 s\u00f6yledi. Avukat, \u201cDuru\u015fmada bunlar\u0131n uydurma kararlar oldu\u011fu s\u00f6ylendi. A\u00e7\u0131k\u00e7as\u0131 ben de o anda \u015fa\u015f\u0131rd\u0131m. Ancak ayn\u0131 g\u00fcn mahkeme hem Ankara Barosu&#8217;na hem de savc\u0131l\u0131\u011fa soru\u015fturma yaz\u0131s\u0131 g\u00f6nderdi\u201d dedi.<\/p>\n\n\n\n<h3 class=\"wp-block-heading\">HUKUKTA YAPAY ZEKA TARTI\u015eMASI B\u00dcY\u00dcYOR<\/h3>\n\n\n\n<p class=\"wp-block-paragraph\">Olay, yapay zeka sistemlerinin hukuk alan\u0131nda kullan\u0131m\u0131na ili\u015fkin g\u00fcvenilirlik tart\u0131\u015fmalar\u0131n\u0131 da yeniden alevlendirdi. Akademik ara\u015ft\u0131rmalar, b\u00fcy\u00fck dil modellerinin hukuki metinlerde ger\u00e7ekte bulunmayan veya hatal\u0131 kaynak g\u00f6sterimleri \u00fcretebildi\u011fini, bu nedenle yapay zeka \u00e7\u0131kt\u0131lar\u0131n\u0131n uzman denetiminden ge\u00e7irilmesinin kritik \u00f6nem ta\u015f\u0131d\u0131\u011f\u0131n\u0131 ortaya koyuyor.<\/p>\n","protected":false},"excerpt":{"rendered":"<p>Ankara&#8217;da g\u00f6r\u00fclen bir davada savunma dilek\u00e7esini haz\u0131rlarken yapay zekadan destek alan 25 y\u0131ll\u0131k bir avukat,<\/p>\n","protected":false},"author":1,"featured_media":3294,"comment_status":"open","ping_status":"open","sticky":false,"template":"","format":"standard","meta":{"_rtcl_gb_attr":"","footnotes":""},"categories":[1],"tags":[],"class_list":["post-3293","post","type-post","status-publish","format-standard","has-post-thumbnail","hentry","category-http-turkiyemhaber-com-wp-content-uploads-2026-03-saray-59-haber-13-mart-pdf"],"_links":{"self":[{"href":"https:\/\/turkiyemhaber.com\/index.php?rest_route=\/wp\/v2\/posts\/3293","targetHints":{"allow":["GET"]}}],"collection":[{"href":"https:\/\/turkiyemhaber.com\/index.php?rest_route=\/wp\/v2\/posts"}],"about":[{"href":"https:\/\/turkiyemhaber.com\/index.php?rest_route=\/wp\/v2\/types\/post"}],"author":[{"embeddable":true,"href":"https:\/\/turkiyemhaber.com\/index.php?rest_route=\/wp\/v2\/users\/1"}],"replies":[{"embeddable":true,"href":"https:\/\/turkiyemhaber.com\/index.php?rest_route=%2Fwp%2Fv2%2Fcomments&post=3293"}],"version-history":[{"count":1,"href":"https:\/\/turkiyemhaber.com\/index.php?rest_route=\/wp\/v2\/posts\/3293\/revisions"}],"predecessor-version":[{"id":3295,"href":"https:\/\/turkiyemhaber.com\/index.php?rest_route=\/wp\/v2\/posts\/3293\/revisions\/3295"}],"wp:featuredmedia":[{"embeddable":true,"href":"https:\/\/turkiyemhaber.com\/index.php?rest_route=\/wp\/v2\/media\/3294"}],"wp:attachment":[{"href":"https:\/\/turkiyemhaber.com\/index.php?rest_route=%2Fwp%2Fv2%2Fmedia&parent=3293"}],"wp:term":[{"taxonomy":"category","embeddable":true,"href":"https:\/\/turkiyemhaber.com\/index.php?rest_route=%2Fwp%2Fv2%2Fcategories&post=3293"},{"taxonomy":"post_tag","embeddable":true,"href":"https:\/\/turkiyemhaber.com\/index.php?rest_route=%2Fwp%2Fv2%2Ftags&post=3293"}],"curies":[{"name":"wp","href":"https:\/\/api.w.org\/{rel}","templated":true}]}}