{"id":3285,"date":"2026-06-17T00:07:25","date_gmt":"2026-06-17T00:07:25","guid":{"rendered":"https:\/\/turkiyemhaber.com\/?p=3285"},"modified":"2026-06-17T00:07:28","modified_gmt":"2026-06-17T00:07:28","slug":"gebzede-savci-ayhan-uyumaz-durusmada-gecirdigi-kalp-krizi-sonucu-vefat-etti","status":"publish","type":"post","link":"https:\/\/turkiyemhaber.com\/?p=3285","title":{"rendered":"Gebze&#8217;de Savc\u0131 Ayhan Uyumaz, duru\u015fmada ge\u00e7irdi\u011fi kalp krizi sonucu vefat etti"},"content":{"rendered":"\n<p class=\"wp-block-paragraph\">Gebze Cumhuriyet Savc\u0131s\u0131 Ayhan Uyumaz, duru\u015fma esnas\u0131nda ge\u00e7irdi\u011fi kalp krizi sonucu 49 ya\u015f\u0131nda hayat\u0131n\u0131 kaybetti.<\/p>\n\n\n\n<p class=\"wp-block-paragraph\"><a href=\"https:\/\/www.sondakika.com\/gebze\/\">Gebze<\/a>&nbsp;1. A\u011f\u0131r Ceza Mahkemesi&#8217;ndeki duru\u015fmada g\u00f6revli olarak bulunan&nbsp;Gebze&nbsp;<a href=\"https:\/\/www.sondakika.com\/cumhuriyet-savcisi\/\">Cumhuriyet Savc\u0131s\u0131<\/a>&nbsp;Ayhan Uyumaz&nbsp;(49), rahats\u0131zlanmas\u0131 sonucu hastaneye kald\u0131r\u0131ld\u0131.<\/p>\n\n\n\n<h3 class=\"wp-block-heading\">SAVCI UYUMAZ HASTANEDE HAYATINI KAYBETT\u0130<\/h3>\n\n\n\n<p class=\"wp-block-paragraph\">Kalp krizi ge\u00e7irdi\u011fi belirlenen Uyumaz, yap\u0131lan m\u00fcdahaleye ra\u011fmen kurtar\u0131lamad\u0131.&nbsp;Uyumaz i\u00e7in yar\u0131n&nbsp;<a href=\"https:\/\/www.sondakika.com\/gebze-adliyesi\/\">Gebze Adliyesi<\/a>&#8216;nde t\u00f6ren d\u00fczenlenecek.<\/p>\n\n\n\n<h3 class=\"wp-block-heading\">BAKAN G\u00dcRLEK&#8217;TEN BA\u015eSA\u011eLI\u011eI MESAJI<\/h3>\n\n\n\n<p class=\"wp-block-paragraph\">Adalet Bakan\u0131 Ak\u0131n G\u00fcrlek yay\u0131mlad\u0131\u011f\u0131 ba\u015fsa\u011fl\u0131\u011f\u0131 mesaj\u0131nda \u015funlar\u0131 s\u00f6yledi: &#8220;G\u00f6revi ba\u015f\u0131nda ge\u00e7irdi\u011fi rahats\u0131zl\u0131k sonucu hayat\u0131n\u0131 kaybeden Gebze Cumhuriyet Savc\u0131m\u0131z Ayhan Uyumaz\u2019\u0131n vefat\u0131n\u0131 b\u00fcy\u00fck bir \u00fcz\u00fcnt\u00fcyle \u00f6\u011frendim.<\/p>\n\n\n\n<p class=\"wp-block-paragraph\">Merhum savc\u0131m\u0131za Y\u00fcce Allah\u2019tan rahmet; ailesine, yak\u0131nlar\u0131na ve yarg\u0131 camiam\u0131za ba\u015fsa\u011fl\u0131\u011f\u0131 ve sab\u0131r diliyorum.&nbsp;Mek\u00e2n\u0131 cennet olsun.&#8221;<\/p>\n\n\n\n<h3 class=\"wp-block-heading\">ADL\u0130YEDE T\u00d6REN D\u00dcZENLENECEK<\/h3>\n\n\n\n<p class=\"wp-block-paragraph\">Uyumaz&#8217;\u0131n \u00f6l\u00fcm\u00fcne ili\u015fkin Gebze Cumhuriyet Ba\u015fsavc\u0131l\u0131\u011f\u0131n\u0131n sosyal medya hesab\u0131ndan ise \u015fu mesaj payla\u015f\u0131ld\u0131:<\/p>\n\n\n\n<p class=\"wp-block-paragraph\">&#8220;Gebze Cumhuriyet Ba\u015fsavc\u0131l\u0131\u011f\u0131nda g\u00f6rev yapmakta olan Cumhuriyet Savc\u0131s\u0131 Ayhan Uyumaz, 16.06.2026 tarihinde duru\u015fma savc\u0131s\u0131 olarak g\u00f6revini ifa etti\u011fi s\u0131rada ge\u00e7irdi\u011fi kalp krizi sonucu vefat etmi\u015ftir. G\u00f6revine ba\u011fl\u0131l\u0131\u011f\u0131, mesleki birikimi ve \u00f6zverili \u00e7al\u0131\u015fmalar\u0131yla temay\u00fcz eden de\u011ferli meslekta\u015f\u0131m\u0131z\u0131n ani vefat\u0131, te\u015fkilat\u0131m\u0131z\u0131 ve yarg\u0131 camiam\u0131z\u0131 derin bir \u00fcz\u00fcnt\u00fcye sevk etmi\u015ftir. Merhuma Allah&#8217;tan rahmet, kederli ailesine, yak\u0131nlar\u0131na ve yarg\u0131 te\u015fkilat\u0131m\u0131za ba\u015fsa\u011fl\u0131\u011f\u0131 ve sab\u0131r dileriz. Merhum Cumhuriyet Savc\u0131s\u0131 Ayhan Uyumaz i\u00e7in 17.06.2026 g\u00fcn\u00fc saat 10.00&#8217;da Gebze Cumhuriyet Ba\u015fsavc\u0131l\u0131\u011f\u0131 protokol alan\u0131nda t\u00f6ren d\u00fczenlenecektir. Kamuoyuna sayg\u0131yla duyurulur.&#8221;<\/p>\n","protected":false},"excerpt":{"rendered":"<p>Gebze Cumhuriyet Savc\u0131s\u0131 Ayhan Uyumaz, duru\u015fma esnas\u0131nda ge\u00e7irdi\u011fi kalp krizi sonucu 49 ya\u015f\u0131nda hayat\u0131n\u0131 kaybetti.<\/p>\n","protected":false},"author":1,"featured_media":3286,"comment_status":"open","ping_status":"open","sticky":false,"template":"","format":"standard","meta":{"_rtcl_gb_attr":"","footnotes":""},"categories":[1],"tags":[],"class_list":["post-3285","post","type-post","status-publish","format-standard","has-post-thumbnail","hentry","category-http-turkiyemhaber-com-wp-content-uploads-2026-03-saray-59-haber-13-mart-pdf"],"_links":{"self":[{"href":"https:\/\/turkiyemhaber.com\/index.php?rest_route=\/wp\/v2\/posts\/3285","targetHints":{"allow":["GET"]}}],"collection":[{"href":"https:\/\/turkiyemhaber.com\/index.php?rest_route=\/wp\/v2\/posts"}],"about":[{"href":"https:\/\/turkiyemhaber.com\/index.php?rest_route=\/wp\/v2\/types\/post"}],"author":[{"embeddable":true,"href":"https:\/\/turkiyemhaber.com\/index.php?rest_route=\/wp\/v2\/users\/1"}],"replies":[{"embeddable":true,"href":"https:\/\/turkiyemhaber.com\/index.php?rest_route=%2Fwp%2Fv2%2Fcomments&post=3285"}],"version-history":[{"count":1,"href":"https:\/\/turkiyemhaber.com\/index.php?rest_route=\/wp\/v2\/posts\/3285\/revisions"}],"predecessor-version":[{"id":3287,"href":"https:\/\/turkiyemhaber.com\/index.php?rest_route=\/wp\/v2\/posts\/3285\/revisions\/3287"}],"wp:featuredmedia":[{"embeddable":true,"href":"https:\/\/turkiyemhaber.com\/index.php?rest_route=\/wp\/v2\/media\/3286"}],"wp:attachment":[{"href":"https:\/\/turkiyemhaber.com\/index.php?rest_route=%2Fwp%2Fv2%2Fmedia&parent=3285"}],"wp:term":[{"taxonomy":"category","embeddable":true,"href":"https:\/\/turkiyemhaber.com\/index.php?rest_route=%2Fwp%2Fv2%2Fcategories&post=3285"},{"taxonomy":"post_tag","embeddable":true,"href":"https:\/\/turkiyemhaber.com\/index.php?rest_route=%2Fwp%2Fv2%2Ftags&post=3285"}],"curies":[{"name":"wp","href":"https:\/\/api.w.org\/{rel}","templated":true}]}}