{"id":3282,"date":"2026-06-17T00:05:20","date_gmt":"2026-06-17T00:05:20","guid":{"rendered":"https:\/\/turkiyemhaber.com\/?p=3282"},"modified":"2026-06-17T00:05:24","modified_gmt":"2026-06-17T00:05:24","slug":"baba-tartistigi-oglunu-bicaklayarak-oldurdu","status":"publish","type":"post","link":"https:\/\/turkiyemhaber.com\/?p=3282","title":{"rendered":"Baba, tart\u0131\u015ft\u0131\u011f\u0131 o\u011flunu b\u0131\u00e7aklayarak \u00f6ld\u00fcrd\u00fc"},"content":{"rendered":"\n<p class=\"wp-block-paragraph\">Gaziantep&#8217;in \u015eehitkamil il\u00e7esinde alkol nedeniyle \u00e7\u0131kan tart\u0131\u015fmada baba Seyit Ahmet Aksoy, o\u011flu \u0130brahim Aksoy&#8217;u defalarca b\u0131\u00e7aklad\u0131. A\u011f\u0131r yaralanan o\u011ful hastanede hayat\u0131n\u0131 kaybetti, baba g\u00f6zalt\u0131na al\u0131nd\u0131.<\/p>\n\n\n\n<p class=\"wp-block-paragraph\"><a href=\"https:\/\/www.sondakika.com\/gaziantep\/\">Gaziantep<\/a>&#8216;te bir \u015fah\u0131s, tart\u0131\u015ft\u0131\u011f\u0131 o\u011flunu b\u0131\u00e7aklayarak \u00f6ld\u00fcrd\u00fc. Olay sonras\u0131 katil zanl\u0131s\u0131 baba g\u00f6zalt\u0131na al\u0131nd\u0131.<\/p>\n\n\n\n<h3 class=\"wp-block-heading\">O\u011eLUNU DEFALARCA BI\u00c7AKLADI<\/h3>\n\n\n\n<p class=\"wp-block-paragraph\">Olay,&nbsp;<a href=\"https:\/\/www.sondakika.com\/sehitkamil\/\">\u015eehitkamil<\/a>&nbsp;il\u00e7esi Mevlana Mahallesi&#8217;nde meydana geldi. \u0130ddiaya g\u00f6re,&nbsp;<a href=\"https:\/\/www.sondakika.com\/seyit-ahmet\/\">Seyit Ahmet<\/a>&nbsp;Aksoy (60) ile o\u011flu&nbsp;<a href=\"https:\/\/www.sondakika.com\/ibrahim-aksoy\/\">\u0130brahim Aksoy<\/a>&nbsp;(42) aras\u0131nda alkol nedeniyle nedenle tart\u0131\u015fma \u00e7\u0131kt\u0131. K\u0131sa s\u00fcrede b\u00fcy\u00fcyen tart\u0131\u015fma s\u0131ras\u0131nda baba Seyit Ahmet Aksoy, o\u011flu \u0130brahim Aksoy&#8217;u v\u00fccudunun \u00e7e\u015fitli yerlerinden b\u0131\u00e7aklad\u0131.<\/p>\n\n\n\n<h3 class=\"wp-block-heading\">HAYATINI KAYBETT\u0130<\/h3>\n\n\n\n<p class=\"wp-block-paragraph\">\u0130hbar \u00fczerine olay yerine polis ve sa\u011fl\u0131k ekipleri sevk edildi. Olay yerine gelen sa\u011fl\u0131k ekipleri a\u011f\u0131r yaralanan \u0130brahim Aksoy&#8217;u ilk m\u00fcdahale sonras\u0131 \u015eehitkamil Devlet Hastanesi&#8217;ne kald\u0131rd\u0131. O\u011ful Aksoy, hastanede yap\u0131lan t\u00fcm m\u00fcdahalelere ra\u011fmen hayat\u0131n\u0131 kaybetti. Cenaze, Gaziantep Adli T\u0131p Kurumu morguna kald\u0131r\u0131ld\u0131.<\/p>\n\n\n\n<h3 class=\"wp-block-heading\">BABA G\u00d6ZALTINDA<\/h3>\n\n\n\n<p class=\"wp-block-paragraph\">Olay sonras\u0131 katil zanl\u0131s\u0131 baba Seyit Ahmet Aksoy ise Asayi\u015f \u015eube M\u00fcd\u00fcrl\u00fc\u011f\u00fc&nbsp;<a href=\"https:\/\/www.sondakika.com\/cinayet\/\">Cinayet<\/a>&nbsp;B\u00fcro Amirli\u011fi ekiplerince g\u00f6zalt\u0131na al\u0131nd\u0131. Olayla ilgili geni\u015f \u00e7apl\u0131 soru\u015fturma s\u00fcr\u00fcyor.&nbsp;<\/p>\n","protected":false},"excerpt":{"rendered":"<p>Gaziantep&#8217;in \u015eehitkamil il\u00e7esinde alkol nedeniyle \u00e7\u0131kan tart\u0131\u015fmada baba Seyit Ahmet Aksoy, o\u011flu \u0130brahim Aksoy&#8217;u defalarca<\/p>\n","protected":false},"author":1,"featured_media":3283,"comment_status":"open","ping_status":"open","sticky":false,"template":"","format":"standard","meta":{"_rtcl_gb_attr":"","footnotes":""},"categories":[1],"tags":[],"class_list":["post-3282","post","type-post","status-publish","format-standard","has-post-thumbnail","hentry","category-http-turkiyemhaber-com-wp-content-uploads-2026-03-saray-59-haber-13-mart-pdf"],"_links":{"self":[{"href":"https:\/\/turkiyemhaber.com\/index.php?rest_route=\/wp\/v2\/posts\/3282","targetHints":{"allow":["GET"]}}],"collection":[{"href":"https:\/\/turkiyemhaber.com\/index.php?rest_route=\/wp\/v2\/posts"}],"about":[{"href":"https:\/\/turkiyemhaber.com\/index.php?rest_route=\/wp\/v2\/types\/post"}],"author":[{"embeddable":true,"href":"https:\/\/turkiyemhaber.com\/index.php?rest_route=\/wp\/v2\/users\/1"}],"replies":[{"embeddable":true,"href":"https:\/\/turkiyemhaber.com\/index.php?rest_route=%2Fwp%2Fv2%2Fcomments&post=3282"}],"version-history":[{"count":1,"href":"https:\/\/turkiyemhaber.com\/index.php?rest_route=\/wp\/v2\/posts\/3282\/revisions"}],"predecessor-version":[{"id":3284,"href":"https:\/\/turkiyemhaber.com\/index.php?rest_route=\/wp\/v2\/posts\/3282\/revisions\/3284"}],"wp:featuredmedia":[{"embeddable":true,"href":"https:\/\/turkiyemhaber.com\/index.php?rest_route=\/wp\/v2\/media\/3283"}],"wp:attachment":[{"href":"https:\/\/turkiyemhaber.com\/index.php?rest_route=%2Fwp%2Fv2%2Fmedia&parent=3282"}],"wp:term":[{"taxonomy":"category","embeddable":true,"href":"https:\/\/turkiyemhaber.com\/index.php?rest_route=%2Fwp%2Fv2%2Fcategories&post=3282"},{"taxonomy":"post_tag","embeddable":true,"href":"https:\/\/turkiyemhaber.com\/index.php?rest_route=%2Fwp%2Fv2%2Ftags&post=3282"}],"curies":[{"name":"wp","href":"https:\/\/api.w.org\/{rel}","templated":true}]}}