{"id":3276,"date":"2026-06-17T00:00:28","date_gmt":"2026-06-17T00:00:28","guid":{"rendered":"https:\/\/turkiyemhaber.com\/?p=3276"},"modified":"2026-06-17T00:00:31","modified_gmt":"2026-06-17T00:00:31","slug":"tbmmnin-calismasi-suresi-uzatildi","status":"publish","type":"post","link":"https:\/\/turkiyemhaber.com\/?p=3276","title":{"rendered":"TBMM&#8217;nin \u00e7al\u0131\u015fmas\u0131 s\u00fcresi uzat\u0131ld\u0131"},"content":{"rendered":"\n<p class=\"wp-block-paragraph\">T\u00fcrkiye B\u00fcy\u00fck Millet Meclisi&#8217;nin ola\u011fan tatil d\u00f6neminin ertelenerek \u00e7al\u0131\u015fma s\u00fcresinin uzat\u0131lmas\u0131na dair resmi karar, Resmi Gazete&#8217;de yay\u0131mland\u0131.<\/p>\n\n\n\n<p class=\"wp-block-paragraph\">T\u00fcrkiye B\u00fcy\u00fck Millet Meclisi&#8217;nin (TBMM) \u00e7al\u0131\u015fma s\u00fcresinin uzat\u0131lmas\u0131na ili\u015fkin karar, Resmi Gazete&#8217;de yay\u0131mland\u0131.<\/p>\n\n\n\n<h3 class=\"wp-block-heading\">\u00c7ALI\u015eMALARINA DEVAM EDECEK<\/h3>\n\n\n\n<p class=\"wp-block-paragraph\">Karara g\u00f6re, 1 Temmuz&#8217;da tatile girmesi gereken TBMM, \u00e7al\u0131\u015fmalar\u0131na devam edecek.&nbsp;Anayasa&#8217;n\u0131n 93&#8217;\u00fcnc\u00fc,&nbsp;TBMM&nbsp;\u0130\u00e7t\u00fcz\u00fc\u011f\u00fc&#8217;n\u00fcn 5&#8217;inci maddelerine g\u00f6re, 1 Temmuz 2026 \u00c7ar\u015famba g\u00fcn\u00fc tatile girmesi gereken TBMM&#8217;nin tatile girmemesine ve \u00e7al\u0131\u015fmalar\u0131na devam etmesine, Genel Kurulun 16 Haziran&#8217;daki 102&#8217;nci Birle\u015fimi&#8217;nde karar verildi.<\/p>\n","protected":false},"excerpt":{"rendered":"<p>T\u00fcrkiye B\u00fcy\u00fck Millet Meclisi&#8217;nin ola\u011fan tatil d\u00f6neminin ertelenerek \u00e7al\u0131\u015fma s\u00fcresinin uzat\u0131lmas\u0131na dair resmi karar, Resmi<\/p>\n","protected":false},"author":1,"featured_media":3277,"comment_status":"open","ping_status":"open","sticky":false,"template":"","format":"standard","meta":{"_rtcl_gb_attr":"","footnotes":""},"categories":[1],"tags":[],"class_list":["post-3276","post","type-post","status-publish","format-standard","has-post-thumbnail","hentry","category-http-turkiyemhaber-com-wp-content-uploads-2026-03-saray-59-haber-13-mart-pdf"],"_links":{"self":[{"href":"https:\/\/turkiyemhaber.com\/index.php?rest_route=\/wp\/v2\/posts\/3276","targetHints":{"allow":["GET"]}}],"collection":[{"href":"https:\/\/turkiyemhaber.com\/index.php?rest_route=\/wp\/v2\/posts"}],"about":[{"href":"https:\/\/turkiyemhaber.com\/index.php?rest_route=\/wp\/v2\/types\/post"}],"author":[{"embeddable":true,"href":"https:\/\/turkiyemhaber.com\/index.php?rest_route=\/wp\/v2\/users\/1"}],"replies":[{"embeddable":true,"href":"https:\/\/turkiyemhaber.com\/index.php?rest_route=%2Fwp%2Fv2%2Fcomments&post=3276"}],"version-history":[{"count":1,"href":"https:\/\/turkiyemhaber.com\/index.php?rest_route=\/wp\/v2\/posts\/3276\/revisions"}],"predecessor-version":[{"id":3278,"href":"https:\/\/turkiyemhaber.com\/index.php?rest_route=\/wp\/v2\/posts\/3276\/revisions\/3278"}],"wp:featuredmedia":[{"embeddable":true,"href":"https:\/\/turkiyemhaber.com\/index.php?rest_route=\/wp\/v2\/media\/3277"}],"wp:attachment":[{"href":"https:\/\/turkiyemhaber.com\/index.php?rest_route=%2Fwp%2Fv2%2Fmedia&parent=3276"}],"wp:term":[{"taxonomy":"category","embeddable":true,"href":"https:\/\/turkiyemhaber.com\/index.php?rest_route=%2Fwp%2Fv2%2Fcategories&post=3276"},{"taxonomy":"post_tag","embeddable":true,"href":"https:\/\/turkiyemhaber.com\/index.php?rest_route=%2Fwp%2Fv2%2Ftags&post=3276"}],"curies":[{"name":"wp","href":"https:\/\/api.w.org\/{rel}","templated":true}]}}