{"id":3273,"date":"2026-06-16T23:58:41","date_gmt":"2026-06-16T23:58:41","guid":{"rendered":"https:\/\/turkiyemhaber.com\/?p=3273"},"modified":"2026-06-16T23:58:44","modified_gmt":"2026-06-16T23:58:44","slug":"ayni-dosya-farkli-sehirlerde-yargilama-birinde-beraat-digerinde-tutuklama","status":"publish","type":"post","link":"https:\/\/turkiyemhaber.com\/?p=3273","title":{"rendered":"Ayn\u0131 dosya, farkl\u0131 \u015fehirlerde yarg\u0131lama: Birinde beraat, di\u011ferinde tutuklama"},"content":{"rendered":"\n<p class=\"wp-block-paragraph\">Arkada\u015f\u0131na IBAN&#8217;\u0131n\u0131 kulland\u0131ran \u00fcniversite \u00f6\u011frencisi B\u00fcnyamin D, Bal\u0131kesir ve \u0130zmir&#8217;de ayn\u0131 su\u00e7tan dava a\u00e7\u0131ld\u0131. M\u00fc\u015fteki, \u015fikayetini geri \u00e7ekmesine, ma\u011fduriyetli\u011finin giderilmesine ra\u011fmen B\u00fcnyamin D., ayn\u0131 iki dosyadan birinden \u00f6rg\u00fctl\u00fc su\u00e7tan yarg\u0131lan\u0131p tutuklan\u0131rken, di\u011fer dosyadan beraat\u0131n\u0131 ald\u0131.<\/p>\n\n\n\n<p class=\"wp-block-paragraph\">Mardin&#8217;de ya\u015fayan 24 ya\u015f\u0131ndaki B\u00fcnyamin D, iddiaya g\u00f6re arkada\u015f\u0131 \u00d6zg\u00fcr \u00c7.&#8217;nin banka hesaplar\u0131n\u0131n bloke olmas\u0131 ve haczi oldu\u011funu s\u00f6ylemesi \u00fczerine talep edilen IBAN&#8217;\u0131n\u0131 verdi.&nbsp;<\/p>\n\n\n\n<h3 class=\"wp-block-heading\">ARKADA\u015eINA VERD\u0130\u011e\u0130 IBAN BA\u015eINI YAKTI<\/h3>\n\n\n\n<p class=\"wp-block-paragraph\">Verilen IBAN \u00fczerinden ya\u015fanan doland\u0131r\u0131c\u0131l\u0131k olay\u0131nda Tahir K., ma\u011fdur oldu\u011funu gerek\u00e7e g\u00f6sterecek&nbsp;<a href=\"https:\/\/www.sondakika.com\/balikesir\/\">Bal\u0131kesir<\/a>&nbsp;ve&nbsp;<a href=\"https:\/\/www.sondakika.com\/izmir\/\">\u0130zmir<\/a>&nbsp;Cumhuriyet Ba\u015fsavc\u0131l\u0131\u011f\u0131na \u015fikayette bulundu.&nbsp;\u015eikayetin ard\u0131ndan aralar\u0131nda tutuklanan B\u00fcnyamin D&#8217;nin de oldu\u011fu 7 ki\u015fi hakk\u0131nda soru\u015fturma ba\u015flat\u0131ld\u0131. Y\u00fcr\u00fct\u00fclen soru\u015fturma kapsam\u0131nda haz\u0131rlanan iddianame Bal\u0131kesir Asliye Ceza Mahkemesine g\u00f6nderildi. \u0130ddianamede, m\u00fc\u015ftekinin hesab\u0131ndan \u015f\u00fcphelilerin hesaplar\u0131 \u00fczerinden para transferi yap\u0131ld\u0131\u011f\u0131 yer ald\u0131.<\/p>\n\n\n\n<p class=\"wp-block-paragraph\">\u0130ddianamede, B\u00fcnyamin D&#8217;nin, m\u00fc\u015ftekiyi tan\u0131mad\u0131\u011f\u0131n\u0131, bahse konu hesab\u0131n kendisine ait oldu\u011funu, arkada\u015f\u0131 \u00d6zg\u00fcr \u00c7.&#8217;nin kendisinden banka hesaplar\u0131n\u0131n blokeli oldu\u011funu ve haczin bulundu\u011funu s\u00f6yleyerek banka hesaplar\u0131n\u0131 istemesi \u00fczerine \u015fahsa g\u00fcvenerek verdi\u011fini, daha sonra hesab\u0131na bloke konuldu\u011funu, doland\u0131r\u0131c\u0131l\u0131k olay\u0131 ile bir ilgisinin bulunmad\u0131\u011f\u0131n\u0131, at\u0131l\u0131 su\u00e7lamalar\u0131 kabul etmedi\u011fini beyan etti\u011fi yer ald\u0131.<\/p>\n\n\n\n<p class=\"wp-block-paragraph\">\u0130zmir&#8217;deki dosya ise halen soru\u015fturma a\u015famas\u0131nda bulunuyor. B\u00fcnyamin D. buradaki dosyada tutuksuz yarg\u0131lan\u0131yor.<\/p>\n\n\n\n<h3 class=\"wp-block-heading\">\u201cB\u0130R \u0130NSAN B\u0130R KERE YARGILANIR B\u0130R SU\u00c7TAN DOLAYI\u201d<\/h3>\n\n\n\n<p class=\"wp-block-paragraph\">Avukat Gurbet Bilbay, m\u00fcvekkilinin iki farkl\u0131 ilde, ayn\u0131 su\u00e7tan iki ayr\u0131 dosyada yarg\u0131land\u0131\u011f\u0131n\u0131 s\u00f6yledi. Bilbay zarar\u0131n, m\u00fc\u015ftekinin ayn\u0131 oldu\u011funu, m\u00fc\u015ftekinin \u015fikayetinden vazge\u00e7ti\u011fini, zarar\u0131n \u00f6dendi\u011fini ancak m\u00fcvekkilinin yine de tutukland\u0131\u011f\u0131n\u0131 ifade etti.&nbsp;Avukat Bilbay, bununla ilgili defalarca talepte bulunmalar\u0131na ra\u011fmen hi\u00e7bir \u015fey yap\u0131lmad\u0131\u011f\u0131n\u0131 \u00f6ne s\u00fcrerek, &#8220;Ayn\u0131 dosyada farkl\u0131 bir san\u0131k, zarar\u0131 \u00f6dedi kendisi tahliye olurken fakat benim m\u00fcvekkilim hala i\u00e7eride. Bir insan bir kere yarg\u0131lan\u0131r bir su\u00e7tan dolay\u0131. Anayasa Mahkemesi gere\u011fi bir hak ihlali. Anayasa Mahkemesi, adil yarg\u0131lama ilkesinden dolay\u0131 bu durumun d\u00fczeltilmesi gerekiyor&#8221; dedi.<\/p>\n\n\n\n<h3 class=\"wp-block-heading\">&#8220;ASIL SU\u00c7LUYA KAR\u015eI B\u0130R SU\u00c7 DUYURUSUNDA BULUNDUK&#8221;<\/h3>\n\n\n\n<p class=\"wp-block-paragraph\">&#8220;Benim m\u00fcvekkilim iki kere ma\u011fdur oldu&#8221; diyen Bilbay, konu\u015fmas\u0131na \u015f\u00f6yle devam etti:&nbsp;&#8220;As\u0131l su\u00e7luya kar\u015f\u0131 bir su\u00e7 duyurusunda bulunduk. Kendisi cezaevine de girdi. \u00c7ok fazla ma\u011fdurlar da var. Bununla ilgili delilleri de sunduk. Ama m\u00fcvekkilim, b\u0131rak\u0131n bir dosyadan yarg\u0131lanmay\u0131 iki kere yarg\u0131lan\u0131yor.&nbsp;<\/p>\n\n\n\n<h3 class=\"wp-block-heading\">&#8220;B\u0130R\u0130NDE TUTUKLU, D\u0130\u011eER\u0130NDE TUTUKSUZ&#8221;<\/h3>\n\n\n\n<p class=\"wp-block-paragraph\">M\u00fcvekkilim \u015fu an Mardin Cezaevi&#8217;nde yat\u0131yor. Bir dosyas\u0131 \u0130zmir&#8217;de, di\u011fer dosyas\u0131 Bal\u0131kesir&#8217;de. Fakat bu dosyalardan biri mahkeme a\u015famas\u0131nda, di\u011feri soru\u015fturma a\u015famas\u0131nda. Birinde tutuklu, di\u011ferinde tutuksuz. B\u00f6yle b\u00fcy\u00fck bir \u00e7eli\u015fki i\u00e7erisindeyiz. M\u00fcvekkilim \u00fcstelik \u00f6\u011frenci. \u00d6\u011frenci oldu\u011funa dair evraklar\u0131 da sundum. Nitekim Yarg\u0131tay&#8217;\u0131n bir karar\u0131 da var. Ki\u015fi har\u00e7l\u0131\u011f\u0131n\u0131 kazanmak i\u00e7in b\u00f6yle bir yola ba\u015fvurdu\u011funda bile beraat etmi\u015fti. M\u00fcvekkilim, kas\u0131tl\u0131 bu yola d\u00fc\u015fmedi\u011fi halde, arkada\u015f\u0131 taraf\u0131ndan kand\u0131r\u0131ld\u0131\u011f\u0131 halde halen yarg\u0131lan\u0131yor.&#8221;<\/p>\n","protected":false},"excerpt":{"rendered":"<p>Arkada\u015f\u0131na IBAN&#8217;\u0131n\u0131 kulland\u0131ran \u00fcniversite \u00f6\u011frencisi B\u00fcnyamin D, Bal\u0131kesir ve \u0130zmir&#8217;de ayn\u0131 su\u00e7tan dava a\u00e7\u0131ld\u0131. M\u00fc\u015fteki,<\/p>\n","protected":false},"author":1,"featured_media":3274,"comment_status":"open","ping_status":"open","sticky":false,"template":"","format":"standard","meta":{"_rtcl_gb_attr":"","footnotes":""},"categories":[1],"tags":[],"class_list":["post-3273","post","type-post","status-publish","format-standard","has-post-thumbnail","hentry","category-http-turkiyemhaber-com-wp-content-uploads-2026-03-saray-59-haber-13-mart-pdf"],"_links":{"self":[{"href":"https:\/\/turkiyemhaber.com\/index.php?rest_route=\/wp\/v2\/posts\/3273","targetHints":{"allow":["GET"]}}],"collection":[{"href":"https:\/\/turkiyemhaber.com\/index.php?rest_route=\/wp\/v2\/posts"}],"about":[{"href":"https:\/\/turkiyemhaber.com\/index.php?rest_route=\/wp\/v2\/types\/post"}],"author":[{"embeddable":true,"href":"https:\/\/turkiyemhaber.com\/index.php?rest_route=\/wp\/v2\/users\/1"}],"replies":[{"embeddable":true,"href":"https:\/\/turkiyemhaber.com\/index.php?rest_route=%2Fwp%2Fv2%2Fcomments&post=3273"}],"version-history":[{"count":1,"href":"https:\/\/turkiyemhaber.com\/index.php?rest_route=\/wp\/v2\/posts\/3273\/revisions"}],"predecessor-version":[{"id":3275,"href":"https:\/\/turkiyemhaber.com\/index.php?rest_route=\/wp\/v2\/posts\/3273\/revisions\/3275"}],"wp:featuredmedia":[{"embeddable":true,"href":"https:\/\/turkiyemhaber.com\/index.php?rest_route=\/wp\/v2\/media\/3274"}],"wp:attachment":[{"href":"https:\/\/turkiyemhaber.com\/index.php?rest_route=%2Fwp%2Fv2%2Fmedia&parent=3273"}],"wp:term":[{"taxonomy":"category","embeddable":true,"href":"https:\/\/turkiyemhaber.com\/index.php?rest_route=%2Fwp%2Fv2%2Fcategories&post=3273"},{"taxonomy":"post_tag","embeddable":true,"href":"https:\/\/turkiyemhaber.com\/index.php?rest_route=%2Fwp%2Fv2%2Ftags&post=3273"}],"curies":[{"name":"wp","href":"https:\/\/api.w.org\/{rel}","templated":true}]}}