{"id":3270,"date":"2026-06-16T23:56:42","date_gmt":"2026-06-16T23:56:42","guid":{"rendered":"https:\/\/turkiyemhaber.com\/?p=3270"},"modified":"2026-06-16T23:56:45","modified_gmt":"2026-06-16T23:56:45","slug":"ozgur-ozel-yeni-parti-kurarsa-mansur-yavas-gitmeyecek","status":"publish","type":"post","link":"https:\/\/turkiyemhaber.com\/?p=3270","title":{"rendered":"\u00d6zg\u00fcr \u00d6zel, yeni parti kurarsa Mansur Yava\u015f gitmeyecek"},"content":{"rendered":"\n<p class=\"wp-block-paragraph\">Mahkemenin mutlak butlan karar\u0131yla Kemal K\u0131l\u0131\u00e7daro\u011flu&#8217;nun yeniden genel ba\u015fkanl\u0131\u011fa d\u00f6nd\u00fc\u011f\u00fc CHP&#8217;de yol ayr\u0131m\u0131na gelen \u00d6zg\u00fcr \u00d6zel&#8217;e bir \u015fok da Mansur Yava\u015f&#8217;tan geldi. Haberler.com Ankara Temsilcisi \u015eerife G\u00fczel&#8217;in haberine g\u00f6re, \u00d6zg\u00fcr \u00d6zel&#8217;in yeni parti kurmas\u0131 halinde Mansur Yava\u015f kendisine kat\u0131lmayacak. Yava\u015f&#8217;\u0131n bu karar\u0131n\u0131 \u00d6zel&#8217;e iletti\u011fi belirtiliyor.<\/p>\n\n\n\n<p class=\"wp-block-paragraph\">CHP\u2019de g\u00f6zler,&nbsp;<a href=\"https:\/\/www.sondakika.com\/ozgur-ozel\/\">\u00d6zg\u00fcr \u00d6zel<\/a>&nbsp;ile&nbsp;<a href=\"https:\/\/www.sondakika.com\/kemal-kilicdaroglu\/\">Kemal K\u0131l\u0131\u00e7daro\u011flu<\/a>&nbsp;\u00e7eki\u015fmesinde&nbsp;<a href=\"https:\/\/www.sondakika.com\/ankara\/\">Ankara<\/a>&nbsp;B\u00fcy\u00fck\u015fehir Belediye Ba\u015fkan\u0131&nbsp;<a href=\"https:\/\/www.sondakika.com\/mansur-yavas\/\">Mansur Yava\u015f<\/a>&nbsp;ile baz\u0131 b\u00fcy\u00fck\u015fehir belediye ba\u015fkanlar\u0131n\u0131n nas\u0131l bir tav\u0131r sergileyece\u011fine \u00e7evrildi.<\/p>\n\n\n\n<h3 class=\"wp-block-heading\">MANSUR YAVA\u015e YEN\u0130 PART\u0130YE GE\u00c7ER M\u0130?<\/h3>\n\n\n\n<p class=\"wp-block-paragraph\">Haberler.com Ankara Temsilcisi&nbsp;<a href=\"https:\/\/www.sondakika.com\/serife-guzel\/\">\u015eerife G\u00fczel<\/a>&#8216;in haberine g\u00f6re Mansur Yava\u015f, \u00d6zg\u00fcr \u00d6zel\u2019in kuraca\u011f\u0131 partiye kat\u0131lmayacak.&nbsp;Yava\u015f\u2019\u0131n bu d\u00fc\u015f\u00fcncesini \u00d6zel y\u00f6netimine de iletti\u011fi belirtiliyor.<\/p>\n\n\n\n<p class=\"wp-block-paragraph\">Ancak Yava\u015f\u2019\u0131n bu a\u015famada CHP\u2019den ayr\u0131l\u0131p ba\u011f\u0131ms\u0131z siyaset yapma niyeti ta\u015f\u0131mad\u0131\u011f\u0131, CHP\u2019de kalmaya devam ederken genel siyasete mesafe koyup parti i\u00e7i tart\u0131\u015fmalara da taraf olmayaca\u011f\u0131 kaydedildi.<\/p>\n\n\n\n<h3 class=\"wp-block-heading\">\u00d6ZEL Y\u00d6NET\u0130M\u0130 BA\u015eKANLARI SERBEST BIRAKTI<\/h3>\n\n\n\n<p class=\"wp-block-paragraph\">\u00d6zel y\u00f6netiminin de, yeni parti kurulmas\u0131 halinde CHP\u2019li belediye ba\u015fkanlar\u0131n\u0131 serbest b\u0131rakma karar\u0131 ald\u0131\u011f\u0131 \u00f6\u011frenildi. \u00d6zel ve ekibinin, bu karar\u0131&nbsp;\u201cBiz zaten ayr\u0131l\u0131k karar\u0131n\u0131 al\u0131rsak ko\u015fullar nedeniyle alaca\u011f\u0131z. Bir g\u00fcn tekrar partimize d\u00f6nmek \u00fczere. Bu esnada belediye ba\u015fkanlar\u0131n\u0131n CHP\u2019den ayr\u0131lmalar\u0131na gerek yok\u201d mant\u0131\u011f\u0131yla ald\u0131\u011f\u0131 ifade edildi.<\/p>\n\n\n\n<p class=\"wp-block-paragraph\">Buna g\u00f6re ba\u015fkanlar, dilerse CHP\u2019de devam edebilecek.<\/p>\n","protected":false},"excerpt":{"rendered":"<p>Mahkemenin mutlak butlan karar\u0131yla Kemal K\u0131l\u0131\u00e7daro\u011flu&#8217;nun yeniden genel ba\u015fkanl\u0131\u011fa d\u00f6nd\u00fc\u011f\u00fc CHP&#8217;de yol ayr\u0131m\u0131na gelen \u00d6zg\u00fcr<\/p>\n","protected":false},"author":1,"featured_media":3271,"comment_status":"open","ping_status":"open","sticky":false,"template":"","format":"standard","meta":{"_rtcl_gb_attr":"","footnotes":""},"categories":[44],"tags":[],"class_list":["post-3270","post","type-post","status-publish","format-standard","has-post-thumbnail","hentry","category-politika"],"_links":{"self":[{"href":"https:\/\/turkiyemhaber.com\/index.php?rest_route=\/wp\/v2\/posts\/3270","targetHints":{"allow":["GET"]}}],"collection":[{"href":"https:\/\/turkiyemhaber.com\/index.php?rest_route=\/wp\/v2\/posts"}],"about":[{"href":"https:\/\/turkiyemhaber.com\/index.php?rest_route=\/wp\/v2\/types\/post"}],"author":[{"embeddable":true,"href":"https:\/\/turkiyemhaber.com\/index.php?rest_route=\/wp\/v2\/users\/1"}],"replies":[{"embeddable":true,"href":"https:\/\/turkiyemhaber.com\/index.php?rest_route=%2Fwp%2Fv2%2Fcomments&post=3270"}],"version-history":[{"count":1,"href":"https:\/\/turkiyemhaber.com\/index.php?rest_route=\/wp\/v2\/posts\/3270\/revisions"}],"predecessor-version":[{"id":3272,"href":"https:\/\/turkiyemhaber.com\/index.php?rest_route=\/wp\/v2\/posts\/3270\/revisions\/3272"}],"wp:featuredmedia":[{"embeddable":true,"href":"https:\/\/turkiyemhaber.com\/index.php?rest_route=\/wp\/v2\/media\/3271"}],"wp:attachment":[{"href":"https:\/\/turkiyemhaber.com\/index.php?rest_route=%2Fwp%2Fv2%2Fmedia&parent=3270"}],"wp:term":[{"taxonomy":"category","embeddable":true,"href":"https:\/\/turkiyemhaber.com\/index.php?rest_route=%2Fwp%2Fv2%2Fcategories&post=3270"},{"taxonomy":"post_tag","embeddable":true,"href":"https:\/\/turkiyemhaber.com\/index.php?rest_route=%2Fwp%2Fv2%2Ftags&post=3270"}],"curies":[{"name":"wp","href":"https:\/\/api.w.org\/{rel}","templated":true}]}}