{"id":3263,"date":"2026-06-16T16:00:29","date_gmt":"2026-06-16T16:00:29","guid":{"rendered":"https:\/\/turkiyemhaber.com\/?p=3263"},"modified":"2026-06-16T20:46:35","modified_gmt":"2026-06-16T20:46:35","slug":"uluslararasi-basin-yayin-federasyonu-hakkinda-kamuoyu-bilgilendirmesi","status":"publish","type":"post","link":"https:\/\/turkiyemhaber.com\/?p=3263","title":{"rendered":"ULUSLARARASI BASIN YAYIN FEDERASYONU HAKKINDA KAMUOYU B\u0130LG\u0130LEND\u0130RMES\u0130"},"content":{"rendered":"\n<p class=\"wp-block-paragraph\">Uluslararas\u0131 Bas\u0131n Yay\u0131n Konfederasyonu&#8217;nun kurulu\u015f amac\u0131; radyo, televizyon, gazete, dergi, internet gazetecili\u011fi ve di\u011fer bas\u0131n-yay\u0131n alanlar\u0131nda faaliyet g\u00f6steren ki\u015fi ve kurulu\u015flar\u0131 ortak bir \u00e7at\u0131 alt\u0131nda toplamak, mesleki dayan\u0131\u015fmay\u0131 sa\u011flamak, bas\u0131n mensuplar\u0131n\u0131n haklar\u0131n\u0131 korumak ve geli\u015ftirmek, toplum yarar\u0131na projeler \u00fcretmek ve kamu yarar\u0131na hizmet etmektir.<br>Konfederasyonun temel ama\u00e7lar\u0131 aras\u0131nda; bas\u0131n mensuplar\u0131n\u0131n mesleki, sosyal ve ekonomik haklar\u0131n\u0131n korunmas\u0131, geli\u015ftirilmesi, bas\u0131n ahlak\u0131n\u0131n g\u00fc\u00e7lendirilmesi, kamu yarar\u0131na faaliyetlerin desteklenmesi ve bas\u0131n sekt\u00f6r\u00fcn\u00fcn toplum i\u00e7erisindeki sayg\u0131nl\u0131\u011f\u0131n\u0131n art\u0131r\u0131lmas\u0131 yer almaktad\u0131r.<br>Ancak taraf\u0131m\u0131zca ya\u015fanan s\u00fcre\u00e7ler ve Genel Merkeze sunulan bilgi ve belgeler neticesinde, Trakya B\u00f6lge Ba\u015fkanl\u0131\u011f\u0131 ve Federasyon b\u00fcnyesinde g\u00f6rev yapan baz\u0131 y\u00f6neticilerin kurulu\u015f ama\u00e7lar\u0131 d\u0131\u015f\u0131nda hareket etti\u011fi y\u00f6n\u00fcnde ciddi kanaatler olu\u015fmu\u015ftur.<br>\u00d6zellikle MNR Medya b\u00fcnyesinde faaliyet g\u00f6steren yay\u0131n organlar\u0131 ve haber sitelerimiz \u00fczerinde kurulan bask\u0131lar, y\u00f6nlendirmeler ve m\u00fcdahale giri\u015fimleri; bas\u0131n faaliyetlerini desteklemekten \u00e7ok, mevcut yay\u0131n g\u00fcc\u00fcn\u00fc belirli ki\u015fi ve gruplar\u0131n kontrol\u00fcne alma \u00e7abas\u0131 olarak de\u011ferlendirilmi\u015ftir.<br>Taraf\u0131m\u0131zca Genel Merkeze sunulan bilgi ve belgelerde, baz\u0131 yay\u0131n organlar\u0131m\u0131z\u0131n do\u011frudan veya dolayl\u0131 \u015fekilde kontrol alt\u0131na al\u0131nmaya \u00e7al\u0131\u015f\u0131ld\u0131\u011f\u0131, bas\u0131n faaliyetlerinden ziyade ki\u015fisel menfaat ili\u015fkilerinin \u00f6n plana \u00e7\u0131kar\u0131ld\u0131\u011f\u0131, kurumun kurulu\u015f ama\u00e7lar\u0131n\u0131n d\u0131\u015f\u0131na \u00e7\u0131k\u0131ld\u0131\u011f\u0131 a\u00e7\u0131k\u00e7a ifade edilmi\u015ftir.<br>Buna ra\u011fmen s\u00f6z konusu hususlar\u0131n de\u011ferlendirilmesi yerine, Tekirda\u011f \u0130l Ba\u015fkanl\u0131\u011f\u0131&#8217;n\u0131n herhangi bir savunma al\u0131nmadan ve taraf\u0131m\u0131zca Genel Ba\u015fkan onay\u0131na ili\u015fkin resmi bir belge dahi g\u00f6r\u00fclmeden feshedildi\u011fi taraf\u0131m\u0131za bildirilmi\u015ftir.<br>Kanaatimizce ya\u015fanan s\u00fcre\u00e7 yaln\u0131zca bir g\u00f6rev de\u011fi\u015fikli\u011fi veya te\u015fkilat d\u00fczenlemesi de\u011fildir.<br>Aksine, bas\u0131n kurulu\u015flar\u0131n\u0131 bir araya getirmek amac\u0131yla kurulmu\u015f bir yap\u0131n\u0131n zamanla baz\u0131 ki\u015fi ve gruplar taraf\u0131ndan farkl\u0131 ama\u00e7lar do\u011frultusunda kullan\u0131lmaya ba\u015flanmas\u0131n\u0131n sonucudur.<br>Bug\u00fcn gelinen noktada bas\u0131n ile do\u011frudan ilgisi bulunmayan ki\u015filerin dahi il ba\u015fkan\u0131, b\u00f6lge ba\u015fkan\u0131 ve hatta \u00fclke ba\u015fkan\u0131 s\u0131fatlar\u0131yla yap\u0131 i\u00e7erisinde konumland\u0131r\u0131lmaya \u00e7al\u0131\u015f\u0131ld\u0131\u011f\u0131 g\u00f6r\u00fclmektedir.<br>Bas\u0131n\u0131n g\u00fcc\u00fcn\u00fcn; halk\u0131n haber alma hakk\u0131n\u0131 korumak yerine belirli \u00e7evrelerin n\u00fcfuz, etki ve menfaat alan\u0131n\u0131 geni\u015fletmek amac\u0131yla kullan\u0131lmaya ba\u015flanmas\u0131 ise hem bas\u0131n mesle\u011fine hem de kurumun kurulu\u015f felsefesine zarar vermektedir.<br>Taraf\u0131m\u0131zca yap\u0131lan t\u00fcm uyar\u0131lara ra\u011fmen, bas\u0131n yay\u0131n faaliyetlerinin ikinci plana itildi\u011fi; ki\u015fisel ili\u015fkilerin, grup yap\u0131lanmalar\u0131n\u0131n ve menfaat odakl\u0131 yakla\u015f\u0131mlar\u0131n \u00f6n plana \u00e7\u0131kar\u0131ld\u0131\u011f\u0131 y\u00f6n\u00fcndeki kanaatimiz daha da g\u00fc\u00e7lenmi\u015ftir.<br>Bu nedenle MNR Medya ve b\u00fcnyesindeki yay\u0131n kurulu\u015flar\u0131n\u0131n ad\u0131 ge\u00e7en ki\u015fi ve yap\u0131larla herhangi bir ba\u011f\u0131 kalmam\u0131\u015ft\u0131r.<br>\u015eahs\u0131m ve sahibi bulundu\u011fum yay\u0131n kurulu\u015flar\u0131 olarak; hi\u00e7bir ki\u015fi, kurum veya grubun menfaat arac\u0131 olmayaca\u011f\u0131m\u0131z\u0131, hi\u00e7bir bask\u0131 veya y\u00f6nlendirmeye boyun e\u011fmeyece\u011fimizi kamuoyuna a\u00e7\u0131k\u00e7a bildiriyoruz.<br>Bug\u00fcne kadar oldu\u011fu gibi bundan sonra da bas\u0131n meslek ilkeleri do\u011frultusunda, hakk\u0131n, hakl\u0131n\u0131n ve halk\u0131n yan\u0131nda olmaya devam edece\u011fiz.<br>Ayr\u0131ca \u00e7e\u015fitli sebeplerle \u00fczeri \u00f6rt\u00fcld\u00fc\u011f\u00fcn\u00fc d\u00fc\u015f\u00fcnd\u00fc\u011f\u00fcm\u00fcz, kamuoyunun bilmesi gerekti\u011fine inand\u0131\u011f\u0131m\u0131z bir\u00e7ok dosya ve konuyu yeniden g\u00fcndeme ta\u015f\u0131yaca\u011f\u0131m\u0131z\u0131 da kamuoyunun bilgisine sunar\u0131z.<br>Bas\u0131n; menfaat gruplar\u0131n\u0131n de\u011fil, halk\u0131n sesi olmak zorundad\u0131r.<br>Kamuoyuna sayg\u0131yla duyurulur.<br>Alp Aslan ER\u0130N<br>EL\u0130KHAN \u015eirketler Grubu Y\u00f6netim Kurulu Ba\u015fkan\u0131<br>MNR Medya Y\u00f6netim Kurulu Ba\u015fkan\u0131<\/p>\n","protected":false},"excerpt":{"rendered":"<p>Uluslararas\u0131 Bas\u0131n Yay\u0131n Konfederasyonu&#8217;nun kurulu\u015f amac\u0131; radyo, televizyon, gazete, dergi, internet gazetecili\u011fi ve di\u011fer bas\u0131n-yay\u0131n<\/p>\n","protected":false},"author":1,"featured_media":3264,"comment_status":"open","ping_status":"open","sticky":false,"template":"","format":"standard","meta":{"_rtcl_gb_attr":"","footnotes":""},"categories":[1],"tags":[],"class_list":["post-3263","post","type-post","status-publish","format-standard","has-post-thumbnail","hentry","category-http-turkiyemhaber-com-wp-content-uploads-2026-03-saray-59-haber-13-mart-pdf"],"_links":{"self":[{"href":"https:\/\/turkiyemhaber.com\/index.php?rest_route=\/wp\/v2\/posts\/3263","targetHints":{"allow":["GET"]}}],"collection":[{"href":"https:\/\/turkiyemhaber.com\/index.php?rest_route=\/wp\/v2\/posts"}],"about":[{"href":"https:\/\/turkiyemhaber.com\/index.php?rest_route=\/wp\/v2\/types\/post"}],"author":[{"embeddable":true,"href":"https:\/\/turkiyemhaber.com\/index.php?rest_route=\/wp\/v2\/users\/1"}],"replies":[{"embeddable":true,"href":"https:\/\/turkiyemhaber.com\/index.php?rest_route=%2Fwp%2Fv2%2Fcomments&post=3263"}],"version-history":[{"count":1,"href":"https:\/\/turkiyemhaber.com\/index.php?rest_route=\/wp\/v2\/posts\/3263\/revisions"}],"predecessor-version":[{"id":3265,"href":"https:\/\/turkiyemhaber.com\/index.php?rest_route=\/wp\/v2\/posts\/3263\/revisions\/3265"}],"wp:featuredmedia":[{"embeddable":true,"href":"https:\/\/turkiyemhaber.com\/index.php?rest_route=\/wp\/v2\/media\/3264"}],"wp:attachment":[{"href":"https:\/\/turkiyemhaber.com\/index.php?rest_route=%2Fwp%2Fv2%2Fmedia&parent=3263"}],"wp:term":[{"taxonomy":"category","embeddable":true,"href":"https:\/\/turkiyemhaber.com\/index.php?rest_route=%2Fwp%2Fv2%2Fcategories&post=3263"},{"taxonomy":"post_tag","embeddable":true,"href":"https:\/\/turkiyemhaber.com\/index.php?rest_route=%2Fwp%2Fv2%2Ftags&post=3263"}],"curies":[{"name":"wp","href":"https:\/\/api.w.org\/{rel}","templated":true}]}}