{"id":3260,"date":"2026-06-16T00:11:20","date_gmt":"2026-06-16T00:11:20","guid":{"rendered":"https:\/\/turkiyemhaber.com\/?p=3260"},"modified":"2026-06-16T00:11:25","modified_gmt":"2026-06-16T00:11:25","slug":"hicri-yeni-yil-basliyor","status":"publish","type":"post","link":"https:\/\/turkiyemhaber.com\/?p=3260","title":{"rendered":"Hicri yeni y\u0131l ba\u015fl\u0131yor"},"content":{"rendered":"\n<p class=\"wp-block-paragraph\">Son Peygamber Hazreti Muhammed ve ashab\u0131n\u0131n 1448 y\u0131l \u00f6nce Mekke&#8217;den Medine&#8217;ye hicreti, \u0130slam aleminde hicri takvimin ba\u015flang\u0131c\u0131 kabul ediliyor<\/p>\n\n\n\n<p class=\"wp-block-paragraph\">Hicri 1448 y\u0131l\u0131, bug\u00fcn ba\u015fl\u0131yor.<\/p>\n\n\n\n<p class=\"wp-block-paragraph\">Son Peygamber Hazreti Muhammed ve ashab\u0131n\u0131n 1448 y\u0131l \u00f6nce Mekke&#8217;den Medine&#8217;ye hicreti, \u0130slam aleminde hicri takvimin ba\u015flang\u0131c\u0131 kabul ediliyor.<\/p>\n\n\n\n<p class=\"wp-block-paragraph\">Diyanet \u0130\u015fleri Ba\u015fkanl\u0131\u011f\u0131 Din \u0130\u015fleri Y\u00fcksek Kurulu vakit hesaplamalar\u0131na g\u00f6re, hicri takvimin ilk ay\u0131 kabul edilen muharrem ay\u0131n\u0131n ilk g\u00fcn\u00fc, bug\u00fcn idrak edilecek.<\/p>\n\n\n\n<p class=\"wp-block-paragraph\">Muharrem ay\u0131n\u0131n ba\u015flad\u0131\u011f\u0131n\u0131 bildiren hilal, ilk kez Atlas Okyanusu&#8217;nda ortaya \u00e7\u0131kacak ve Asya, Avrupa, Afrika, Kuzey ve G\u00fcney Amerika&#8217;da g\u00f6r\u00fclebilecek.<\/p>\n\n\n\n<p class=\"wp-block-paragraph\">Muharremde oru\u00e7 tutulup a\u015fure pi\u015firilerek da\u011f\u0131t\u0131lmas\u0131 ve Kerbela&#8217;da Hazreti Muhammed&#8217;in torunu Hazreti H\u00fcseyin ile \u015fehit olanlar\u0131n yad edilmesi, \u0130slam toplumlar\u0131n\u0131n \u00f6nemli gelenekleri aras\u0131nda yer al\u0131yor.<\/p>\n\n\n\n<p class=\"wp-block-paragraph\">A\u015fure G\u00fcn\u00fc, hicri y\u0131l\u0131n ilk ay\u0131 muharremin 10. g\u00fcn\u00fcne denk gelen 25 Haziran Per\u015fembe g\u00fcn\u00fc kar\u015f\u0131lanacak.<\/p>\n\n\n\n<h2 class=\"wp-block-heading\">&#8220;Hicret, \u0130slam tarihinde yeni bir d\u00f6nemin ba\u015flang\u0131c\u0131&#8221;<\/h2>\n\n\n\n<p class=\"wp-block-paragraph\">Din \u0130\u015fleri Y\u00fcksek Kurulu Uzman\u0131 \u00dczeyir \u00d6zt\u00fcrk, AA muhabirine yapt\u0131\u011f\u0131 a\u00e7\u0131klamada, hicri y\u0131l\u0131n, ay\u0131n hareketlerine dayanan bir takvimle belirlendi\u011fini s\u00f6yledi.<\/p>\n\n\n\n<p class=\"wp-block-paragraph\">Hicri takvimin, Hazreti Muhammed&#8217;in vefat\u0131ndan yakla\u015f\u0131k 6 y\u0131l sonra, M\u00fcsl\u00fcmanlar\u0131n Mekke&#8217;den Medine&#8217;ye hicreti esas al\u0131narak kabul edildi\u011fini hat\u0131rlatan \u00d6zt\u00fcrk, hicretin \u0130slam tarihinin en \u00f6nemli d\u00f6n\u00fcm noktas\u0131 ve yeni bir d\u00f6nemin ba\u015flang\u0131c\u0131 niteli\u011fini ta\u015f\u0131d\u0131\u011f\u0131n\u0131 vurgulad\u0131.<\/p>\n\n\n\n<p class=\"wp-block-paragraph\">Mekke&#8217;deki zul\u00fcmden kurtulan M\u00fcsl\u00fcmanlar\u0131n, hicret sayesinde inan\u00e7lar\u0131n\u0131 h\u00fcr bir ortamda geli\u015ftirme, yayma ve fertten topluma her alanda uygulama imkan\u0131na kavu\u015ftu\u011funu dile getiren \u00d6zt\u00fcrk, \u015funlar\u0131 kaydetti:<\/p>\n\n\n\n<p class=\"wp-block-paragraph\">&#8220;Mekke&#8217;den Medine&#8217;ye hicret, 13 y\u0131ll\u0131k Mekke devrini kapatm\u0131\u015f ve \u0130slam toplumunun in\u015fas\u0131n\u0131n temelini olu\u015fturan Medine devrini ba\u015flatm\u0131\u015ft\u0131r. B\u00f6ylece \u0130slam dini yaln\u0131zca bireysel bir inan\u00e7 olmaktan \u00e7\u0131k\u0131p, hayat\u0131n her safhas\u0131n\u0131 ku\u015fatan bir nizam halini alm\u0131\u015ft\u0131r. Medine&#8217;de ger\u00e7ekle\u015ftirilen karde\u015flik uygulamas\u0131, muhacirler ve ensar aras\u0131nda tarihte e\u015fi benzeri g\u00f6r\u00fclmemi\u015f bir maddi ve manevi dayan\u0131\u015fma modeli olu\u015fturmu\u015ftur. Bu s\u00fcre\u00e7te imzalanan &#8216;Medine S\u00f6zle\u015fmesi&#8217; ile toplum hayat\u0131n\u0131 d\u00fczenleyen yeni prensipler belirlenmi\u015f, M\u00fcsl\u00fcmanlar, Yahudiler ve di\u011fer gruplar\u0131n hak ve sorumluluklar\u0131 g\u00fcvence alt\u0131na al\u0131nm\u0131\u015ft\u0131r.&#8221;<\/p>\n\n\n\n<h2 class=\"wp-block-heading\">&#8220;Hicret hadisesi b\u00fcy\u00fck fedakarl\u0131klar\u0131n delilidir&#8221;<\/h2>\n\n\n\n<p class=\"wp-block-paragraph\">\u00d6zt\u00fcrk, hicretle birlikte \u0130slam&#8217;\u0131n Mekke&#8217;nin s\u0131n\u0131rlar\u0131n\u0131 a\u015f\u0131p d\u00fcnya ufuklar\u0131na yay\u0131lmaya ba\u015flad\u0131\u011f\u0131na ve evrensel bir mahiyet kazand\u0131\u011f\u0131na i\u015faret ederek, &#8220;Hicret hadisesi sadece fiziki bir mekan de\u011fi\u015fikli\u011fi de\u011fil, ayn\u0131 zamanda M\u00fcsl\u00fcmanlar\u0131n inan\u00e7lar\u0131na olan ba\u011fl\u0131l\u0131klar\u0131n\u0131n ve Allah r\u0131zas\u0131 i\u00e7in g\u00f6sterdikleri b\u00fcy\u00fck fedakarl\u0131klar\u0131n delilidir.&#8221; dedi.<\/p>\n\n\n\n<p class=\"wp-block-paragraph\">\u0130slam&#8217;da b\u00fcy\u00fck bir h\u00fcrmet ve kutsiyete sahip muharremin, hicri takvimin ilk ay\u0131 oldu\u011funu belirten \u00d6zt\u00fcrk, \u015fu ifadeleri kulland\u0131:<\/p>\n\n\n\n<p class=\"wp-block-paragraph\">&#8220;Hicri yeni y\u0131l vesilesiyle bizlere d\u00fc\u015fen g\u00f6rev, hicretin ta\u015f\u0131d\u0131\u011f\u0131 anlam ve mesajlar\u0131 yeniden d\u00fc\u015f\u00fcnmek, ya\u015fad\u0131\u011f\u0131m\u0131z zaman\u0131 do\u011fru de\u011ferlendirmek ve hayat\u0131m\u0131z\u0131 muhasebe ederek gelece\u011fimizi daha sa\u011flam temeller \u00fczerine kurmakt\u0131r. Bu bilin\u00e7le \u0130slam karde\u015fli\u011fini g\u00fc\u00e7lendirmeli, birlik ve beraberli\u011fimizi korumal\u0131, sevin\u00e7te ve kederde birbirimizin yan\u0131nda olmal\u0131, sahip oldu\u011fumuz maddi ve manevi imkanlar\u0131 payla\u015farak dayan\u0131\u015fma ruhunu canl\u0131 tutmal\u0131y\u0131z.&#8221;<\/p>\n","protected":false},"excerpt":{"rendered":"<p>Son Peygamber Hazreti Muhammed ve ashab\u0131n\u0131n 1448 y\u0131l \u00f6nce Mekke&#8217;den Medine&#8217;ye hicreti, \u0130slam aleminde hicri<\/p>\n","protected":false},"author":1,"featured_media":3261,"comment_status":"open","ping_status":"open","sticky":false,"template":"","format":"standard","meta":{"_rtcl_gb_attr":"","footnotes":""},"categories":[1],"tags":[],"class_list":["post-3260","post","type-post","status-publish","format-standard","has-post-thumbnail","hentry","category-http-turkiyemhaber-com-wp-content-uploads-2026-03-saray-59-haber-13-mart-pdf"],"_links":{"self":[{"href":"https:\/\/turkiyemhaber.com\/index.php?rest_route=\/wp\/v2\/posts\/3260","targetHints":{"allow":["GET"]}}],"collection":[{"href":"https:\/\/turkiyemhaber.com\/index.php?rest_route=\/wp\/v2\/posts"}],"about":[{"href":"https:\/\/turkiyemhaber.com\/index.php?rest_route=\/wp\/v2\/types\/post"}],"author":[{"embeddable":true,"href":"https:\/\/turkiyemhaber.com\/index.php?rest_route=\/wp\/v2\/users\/1"}],"replies":[{"embeddable":true,"href":"https:\/\/turkiyemhaber.com\/index.php?rest_route=%2Fwp%2Fv2%2Fcomments&post=3260"}],"version-history":[{"count":1,"href":"https:\/\/turkiyemhaber.com\/index.php?rest_route=\/wp\/v2\/posts\/3260\/revisions"}],"predecessor-version":[{"id":3262,"href":"https:\/\/turkiyemhaber.com\/index.php?rest_route=\/wp\/v2\/posts\/3260\/revisions\/3262"}],"wp:featuredmedia":[{"embeddable":true,"href":"https:\/\/turkiyemhaber.com\/index.php?rest_route=\/wp\/v2\/media\/3261"}],"wp:attachment":[{"href":"https:\/\/turkiyemhaber.com\/index.php?rest_route=%2Fwp%2Fv2%2Fmedia&parent=3260"}],"wp:term":[{"taxonomy":"category","embeddable":true,"href":"https:\/\/turkiyemhaber.com\/index.php?rest_route=%2Fwp%2Fv2%2Fcategories&post=3260"},{"taxonomy":"post_tag","embeddable":true,"href":"https:\/\/turkiyemhaber.com\/index.php?rest_route=%2Fwp%2Fv2%2Ftags&post=3260"}],"curies":[{"name":"wp","href":"https:\/\/api.w.org\/{rel}","templated":true}]}}