{"id":3257,"date":"2026-06-16T00:04:29","date_gmt":"2026-06-16T00:04:29","guid":{"rendered":"https:\/\/turkiyemhaber.com\/?p=3257"},"modified":"2026-06-16T00:04:33","modified_gmt":"2026-06-16T00:04:33","slug":"serdar-ortactan-cok-hasta-iddialarina-yalanlama-gayet-iyiyim-konserlere-devam","status":"publish","type":"post","link":"https:\/\/turkiyemhaber.com\/?p=3257","title":{"rendered":"Serdar Orta\u00e7&#8217;tan &#8220;\u00c7ok hasta&#8221; iddialar\u0131na yalanlama: Gayet iyiyim, konserlere devam"},"content":{"rendered":"\n<p class=\"wp-block-paragraph\">Uzun y\u0131llard\u0131r MS hastal\u0131\u011f\u0131yla m\u00fccadele eden Serdar Orta\u00e7&#8217;\u0131n sa\u011fl\u0131k durumunun a\u011f\u0131rla\u015ft\u0131\u011f\u0131 ve konserlerini erteledi\u011fi y\u00f6n\u00fcndeki iddialar sevenlerini bir hayli \u00fczd\u00fc. \u00dcnl\u00fc sanat\u00e7\u0131, sosyal medya hesab\u0131ndan yapt\u0131\u011f\u0131 a\u00e7\u0131klamada s\u00f6z konusu haberleri yalanlayarak, &#8220;Haberler yalan. Gayet iyiyim. Konserlere devam&#8221; ifadelerini kulland\u0131.<\/p>\n\n\n\n<p class=\"wp-block-paragraph\">\u00dcnl\u00fc pop m\u00fczi\u011fi sanat\u00e7\u0131s\u0131&nbsp;<a href=\"https:\/\/www.sondakika.com\/serdar-ortac\/\">Serdar Orta\u00e7<\/a>&#8216;\u0131n sa\u011fl\u0131k durumunun a\u011f\u0131rla\u015ft\u0131\u011f\u0131 ve t\u00fcm konserlerini ileri bir tarihe erteledi\u011fi y\u00f6n\u00fcnde iddialar ortaya at\u0131ld\u0131.<\/p>\n\n\n\n<p class=\"wp-block-paragraph\">Uzun y\u0131llard\u0131r Multiple Skleroz (MS) hastal\u0131\u011f\u0131yla m\u00fccadele eden sanat\u00e7\u0131yla ilgili haberler k\u0131sa s\u00fcrede geni\u015f yank\u0131 uyand\u0131rd\u0131.<\/p>\n\n\n\n<h3 class=\"wp-block-heading\">SOSYAL MEDYADAN YANIT VERD\u0130<\/h3>\n\n\n\n<p class=\"wp-block-paragraph\">Son d\u00f6nemde &#8220;Sayg\u01311&#8221; projesi ve payla\u015f\u0131mlar\u0131yla ad\u0131ndan s\u0131k\u00e7a s\u00f6z ettiren Orta\u00e7, hakk\u0131nda \u00e7\u0131kan iddialara sosyal medya hesab\u0131ndan yan\u0131t verdi.<\/p>\n\n\n\n<h3 class=\"wp-block-heading\">&#8220;KONSERLERE DEVAM&#8221;<\/h3>\n\n\n\n<p class=\"wp-block-paragraph\">Hayranlar\u0131n\u0131 rahatlatan k\u0131sa bir a\u00e7\u0131klama yapan Orta\u00e7, sa\u011fl\u0131k durumunun iyi oldu\u011funu belirterek \u015fu ifadeleri kulland\u0131:&nbsp;&#8220;Gayet iyiyim. Haberler yalan. Konserlere devam.&#8221;<\/p>\n\n\n\n<figure class=\"wp-block-image\"><img decoding=\"async\" src=\"https:\/\/foto.sondakika.com\/haber\/2026\/06\/14\/20260614_c7ad1f89ec3f426db4da1754251537d5.jpg\" alt=\"Serdar Orta\u00e7'tan \"\/><\/figure>\n","protected":false},"excerpt":{"rendered":"<p>Uzun y\u0131llard\u0131r MS hastal\u0131\u011f\u0131yla m\u00fccadele eden Serdar Orta\u00e7&#8217;\u0131n sa\u011fl\u0131k durumunun a\u011f\u0131rla\u015ft\u0131\u011f\u0131 ve konserlerini erteledi\u011fi y\u00f6n\u00fcndeki<\/p>\n","protected":false},"author":1,"featured_media":3258,"comment_status":"open","ping_status":"open","sticky":false,"template":"","format":"standard","meta":{"_rtcl_gb_attr":"","footnotes":""},"categories":[41],"tags":[],"class_list":["post-3257","post","type-post","status-publish","format-standard","has-post-thumbnail","hentry","category-magazin"],"_links":{"self":[{"href":"https:\/\/turkiyemhaber.com\/index.php?rest_route=\/wp\/v2\/posts\/3257","targetHints":{"allow":["GET"]}}],"collection":[{"href":"https:\/\/turkiyemhaber.com\/index.php?rest_route=\/wp\/v2\/posts"}],"about":[{"href":"https:\/\/turkiyemhaber.com\/index.php?rest_route=\/wp\/v2\/types\/post"}],"author":[{"embeddable":true,"href":"https:\/\/turkiyemhaber.com\/index.php?rest_route=\/wp\/v2\/users\/1"}],"replies":[{"embeddable":true,"href":"https:\/\/turkiyemhaber.com\/index.php?rest_route=%2Fwp%2Fv2%2Fcomments&post=3257"}],"version-history":[{"count":1,"href":"https:\/\/turkiyemhaber.com\/index.php?rest_route=\/wp\/v2\/posts\/3257\/revisions"}],"predecessor-version":[{"id":3259,"href":"https:\/\/turkiyemhaber.com\/index.php?rest_route=\/wp\/v2\/posts\/3257\/revisions\/3259"}],"wp:featuredmedia":[{"embeddable":true,"href":"https:\/\/turkiyemhaber.com\/index.php?rest_route=\/wp\/v2\/media\/3258"}],"wp:attachment":[{"href":"https:\/\/turkiyemhaber.com\/index.php?rest_route=%2Fwp%2Fv2%2Fmedia&parent=3257"}],"wp:term":[{"taxonomy":"category","embeddable":true,"href":"https:\/\/turkiyemhaber.com\/index.php?rest_route=%2Fwp%2Fv2%2Fcategories&post=3257"},{"taxonomy":"post_tag","embeddable":true,"href":"https:\/\/turkiyemhaber.com\/index.php?rest_route=%2Fwp%2Fv2%2Ftags&post=3257"}],"curies":[{"name":"wp","href":"https:\/\/api.w.org\/{rel}","templated":true}]}}