{"id":3254,"date":"2026-06-15T23:55:04","date_gmt":"2026-06-15T23:55:04","guid":{"rendered":"https:\/\/turkiyemhaber.com\/?p=3254"},"modified":"2026-06-15T23:55:07","modified_gmt":"2026-06-15T23:55:07","slug":"cengiz-kurtoglundan-uzen-haber-konseri-apar-topar-iptal-edildi","status":"publish","type":"post","link":"https:\/\/turkiyemhaber.com\/?p=3254","title":{"rendered":"Cengiz Kurto\u011flu&#8217;ndan \u00fczen haber! Konseri apar topar iptal edildi"},"content":{"rendered":"\n<p class=\"wp-block-paragraph\">T\u00fcrk m\u00fczi\u011finin efsane isimlerinden Cengiz Kurto\u011flu, Konya&#8217;daki konserine gitmek \u00fczere yola \u00e7\u0131kt\u0131\u011f\u0131 esnada talihsiz bir trafik kazas\u0131 ge\u00e7irdi. Apar topar hastaneye kald\u0131r\u0131lan usta sanat\u00e7\u0131n\u0131n aya\u011f\u0131nda \u00e7atlak tespit edilirken, beklenen Konya konseri ileri bir tarihe ertelendi.<\/p>\n\n\n\n<p class=\"wp-block-paragraph\">Arabesk ve fantezi m\u00fczi\u011fin sevilen sesi, usta sanat\u00e7\u0131&nbsp;<a href=\"https:\/\/www.sondakika.com\/cengiz-kurtoglu\/\">Cengiz Kurto\u011flu<\/a>&#8216;ndan hayranlar\u0131n\u0131 korkutan bir haber geldi. Sevenleriyle bulu\u015fmak \u00fczere&nbsp;<a href=\"https:\/\/www.sondakika.com\/konya\/\">Konya<\/a>&#8216;ya do\u011fru yola \u00e7\u0131kan Kurto\u011flu, yolculuk esnas\u0131nda talihsiz bir trafik kazas\u0131 ge\u00e7irdi.<\/p>\n\n\n\n<h3 class=\"wp-block-heading\">HASTANEYE KALDIRILDI, AYA\u011eINDA \u00c7ATLAK VAR<\/h3>\n\n\n\n<p class=\"wp-block-paragraph\">Kazan\u0131n hemen ard\u0131ndan kontrol amac\u0131yla hastaneye g\u00f6t\u00fcr\u00fclen usta sanat\u00e7\u0131ya ilk m\u00fcdahale acil serviste yap\u0131ld\u0131. Doktorlar taraf\u0131ndan ger\u00e7ekle\u015ftirilen detayl\u0131 tetkik ve kontroller sonucunda, Kurto\u011flu&#8217;nun aya\u011f\u0131nda kaza kaynakl\u0131 bir \u00e7atlak oldu\u011fu belirlendi.<\/p>\n\n\n\n<p class=\"wp-block-paragraph\">Sa\u011fl\u0131k durumunun genel olarak iyi oldu\u011fu ve durumunun kontrol alt\u0131na al\u0131nd\u0131\u011f\u0131 \u00f6\u011frenilen ba\u015far\u0131l\u0131 sanat\u00e7\u0131n\u0131n, doktorlar\u0131n kesin tavsiyesi \u00fczerine bir s\u00fcre istirahat edece\u011fi bildirildi.<\/p>\n\n\n\n<h3 class=\"wp-block-heading\">KONYA KONSER\u0130 \u0130LER\u0130 B\u0130R TAR\u0130HE ERTELEND\u0130<\/h3>\n\n\n\n<p class=\"wp-block-paragraph\">Kaan Kurdo\u011flu&#8217;nun aktard\u0131\u011f\u0131 bilgilere g\u00f6re; ya\u015fanan bu \u00fcz\u00fcc\u00fc geli\u015fmenin ard\u0131ndan Cengiz Kurto\u011flu&#8217;nun heyecanla beklenen Konya konseri zorunlu olarak iptal edildi. Organizasyon yetkilileri konserin ileri bir tarihe ertelendi\u011fini belirtirken, sanat\u00e7\u0131n\u0131n iyile\u015fme s\u00fcrecinin ard\u0131ndan yeni konser tarihinin en k\u0131sa s\u00fcrede hayranlar\u0131na duyurulaca\u011f\u0131 a\u00e7\u0131kland\u0131.<\/p>\n","protected":false},"excerpt":{"rendered":"<p>T\u00fcrk m\u00fczi\u011finin efsane isimlerinden Cengiz Kurto\u011flu, Konya&#8217;daki konserine gitmek \u00fczere yola \u00e7\u0131kt\u0131\u011f\u0131 esnada talihsiz bir<\/p>\n","protected":false},"author":1,"featured_media":3255,"comment_status":"open","ping_status":"open","sticky":false,"template":"","format":"standard","meta":{"_rtcl_gb_attr":"","footnotes":""},"categories":[41],"tags":[],"class_list":["post-3254","post","type-post","status-publish","format-standard","has-post-thumbnail","hentry","category-magazin"],"_links":{"self":[{"href":"https:\/\/turkiyemhaber.com\/index.php?rest_route=\/wp\/v2\/posts\/3254","targetHints":{"allow":["GET"]}}],"collection":[{"href":"https:\/\/turkiyemhaber.com\/index.php?rest_route=\/wp\/v2\/posts"}],"about":[{"href":"https:\/\/turkiyemhaber.com\/index.php?rest_route=\/wp\/v2\/types\/post"}],"author":[{"embeddable":true,"href":"https:\/\/turkiyemhaber.com\/index.php?rest_route=\/wp\/v2\/users\/1"}],"replies":[{"embeddable":true,"href":"https:\/\/turkiyemhaber.com\/index.php?rest_route=%2Fwp%2Fv2%2Fcomments&post=3254"}],"version-history":[{"count":1,"href":"https:\/\/turkiyemhaber.com\/index.php?rest_route=\/wp\/v2\/posts\/3254\/revisions"}],"predecessor-version":[{"id":3256,"href":"https:\/\/turkiyemhaber.com\/index.php?rest_route=\/wp\/v2\/posts\/3254\/revisions\/3256"}],"wp:featuredmedia":[{"embeddable":true,"href":"https:\/\/turkiyemhaber.com\/index.php?rest_route=\/wp\/v2\/media\/3255"}],"wp:attachment":[{"href":"https:\/\/turkiyemhaber.com\/index.php?rest_route=%2Fwp%2Fv2%2Fmedia&parent=3254"}],"wp:term":[{"taxonomy":"category","embeddable":true,"href":"https:\/\/turkiyemhaber.com\/index.php?rest_route=%2Fwp%2Fv2%2Fcategories&post=3254"},{"taxonomy":"post_tag","embeddable":true,"href":"https:\/\/turkiyemhaber.com\/index.php?rest_route=%2Fwp%2Fv2%2Ftags&post=3254"}],"curies":[{"name":"wp","href":"https:\/\/api.w.org\/{rel}","templated":true}]}}